{"id":156959,"date":"2022-12-22T19:56:45","date_gmt":"2022-12-22T18:56:45","guid":{"rendered":"https:\/\/ecolecaritas.be\/new\/?p=156959"},"modified":"2022-12-22T19:56:45","modified_gmt":"2022-12-22T18:56:45","slug":"la-journee-du-deguisement","status":"publish","type":"post","link":"https:\/\/ecolecaritas.be\/new\/la-journee-du-deguisement\/","title":{"rendered":"La journ\u00e9e du d\u00e9guisement !&#x1f936;&#x1f384;&#x1f385;"},"content":{"rendered":"\n<p>Aujourd&rsquo;hui, des P\u00e8res et des M\u00e8res No\u00ebl, des rennes, des lutins, des sapins d\u00e9cor\u00e9s ont envahi les classes et la cour de l&rsquo;\u00e9cole. Quelle joie de vous voir jouer le jeu et de donner \u00e0 notre \u00e9cole un air de f\u00eate&#x1f929;&#x1f973;Merciiiii &#x1f64f;<\/p>\n\n\n\n<p><\/p>\n\n\n\n<figure class=\"wp-block-image size-large\"><img loading=\"lazy\" decoding=\"async\" width=\"600\" height=\"338\" src=\"https:\/\/ecolecaritas.be\/new\/wp-content\/uploads\/2022\/12\/IMG_20221222_094223-600x338.jpg\" alt=\"\" class=\"wp-image-156958\" srcset=\"https:\/\/ecolecaritas.be\/new\/wp-content\/uploads\/2022\/12\/IMG_20221222_094223-600x338.jpg 600w, https:\/\/ecolecaritas.be\/new\/wp-content\/uploads\/2022\/12\/IMG_20221222_094223-300x169.jpg 300w, https:\/\/ecolecaritas.be\/new\/wp-content\/uploads\/2022\/12\/IMG_20221222_094223-768x432.jpg 768w, https:\/\/ecolecaritas.be\/new\/wp-content\/uploads\/2022\/12\/IMG_20221222_094223-1536x864.jpg 1536w, https:\/\/ecolecaritas.be\/new\/wp-content\/uploads\/2022\/12\/IMG_20221222_094223-2048x1152.jpg 2048w, https:\/\/ecolecaritas.be\/new\/wp-content\/uploads\/2022\/12\/IMG_20221222_094223-678x381.jpg 678w, https:\/\/ecolecaritas.be\/new\/wp-content\/uploads\/2022\/12\/IMG_20221222_094223-1320x743.jpg 1320w\" sizes=\"auto, (max-width: 600px) 100vw, 600px\" \/><\/figure>\n\n\n\n<figure class=\"wp-block-image size-large\"><img loading=\"lazy\" decoding=\"async\" width=\"600\" height=\"451\" src=\"https:\/\/ecolecaritas.be\/new\/wp-content\/uploads\/2022\/12\/IMG_20221222_194801-600x451.jpg\" alt=\"\" class=\"wp-image-156963\" srcset=\"https:\/\/ecolecaritas.be\/new\/wp-content\/uploads\/2022\/12\/IMG_20221222_194801-600x451.jpg 600w, https:\/\/ecolecaritas.be\/new\/wp-content\/uploads\/2022\/12\/IMG_20221222_194801-300x225.jpg 300w, https:\/\/ecolecaritas.be\/new\/wp-content\/uploads\/2022\/12\/IMG_20221222_194801-768x577.jpg 768w, https:\/\/ecolecaritas.be\/new\/wp-content\/uploads\/2022\/12\/IMG_20221222_194801-678x509.jpg 678w, https:\/\/ecolecaritas.be\/new\/wp-content\/uploads\/2022\/12\/IMG_20221222_194801-326x245.jpg 326w, https:\/\/ecolecaritas.be\/new\/wp-content\/uploads\/2022\/12\/IMG_20221222_194801-80x60.jpg 80w, https:\/\/ecolecaritas.be\/new\/wp-content\/uploads\/2022\/12\/IMG_20221222_194801.jpg 1024w\" sizes=\"auto, (max-width: 600px) 100vw, 600px\" \/><\/figure>\n\n\n\n<figure class=\"wp-block-image size-large is-resized\"><img loading=\"lazy\" decoding=\"async\" src=\"https:\/\/ecolecaritas.be\/new\/wp-content\/uploads\/2022\/12\/IMG_20221222_104210-600x338.jpg\" alt=\"\" class=\"wp-image-156956\" width=\"444\" height=\"249\" srcset=\"https:\/\/ecolecaritas.be\/new\/wp-content\/uploads\/2022\/12\/IMG_20221222_104210-600x338.jpg 600w, https:\/\/ecolecaritas.be\/new\/wp-content\/uploads\/2022\/12\/IMG_20221222_104210-300x169.jpg 300w, https:\/\/ecolecaritas.be\/new\/wp-content\/uploads\/2022\/12\/IMG_20221222_104210-768x432.jpg 768w, https:\/\/ecolecaritas.be\/new\/wp-content\/uploads\/2022\/12\/IMG_20221222_104210-1536x864.jpg 1536w, https:\/\/ecolecaritas.be\/new\/wp-content\/uploads\/2022\/12\/IMG_20221222_104210-2048x1152.jpg 2048w, https:\/\/ecolecaritas.be\/new\/wp-content\/uploads\/2022\/12\/IMG_20221222_104210-678x381.jpg 678w, https:\/\/ecolecaritas.be\/new\/wp-content\/uploads\/2022\/12\/IMG_20221222_104210-1320x743.jpg 1320w\" sizes=\"auto, (max-width: 444px) 100vw, 444px\" \/><\/figure>\n\n\n\n<figure class=\"wp-block-image size-large\"><img loading=\"lazy\" decoding=\"async\" width=\"600\" height=\"450\" src=\"https:\/\/ecolecaritas.be\/new\/wp-content\/uploads\/2022\/12\/IMG_20221222_123245-600x450.jpg\" alt=\"\" class=\"wp-image-156953\" srcset=\"https:\/\/ecolecaritas.be\/new\/wp-content\/uploads\/2022\/12\/IMG_20221222_123245-600x450.jpg 600w, https:\/\/ecolecaritas.be\/new\/wp-content\/uploads\/2022\/12\/IMG_20221222_123245-300x225.jpg 300w, https:\/\/ecolecaritas.be\/new\/wp-content\/uploads\/2022\/12\/IMG_20221222_123245-768x576.jpg 768w, https:\/\/ecolecaritas.be\/new\/wp-content\/uploads\/2022\/12\/IMG_20221222_123245-1536x1152.jpg 1536w, https:\/\/ecolecaritas.be\/new\/wp-content\/uploads\/2022\/12\/IMG_20221222_123245-678x509.jpg 678w, https:\/\/ecolecaritas.be\/new\/wp-content\/uploads\/2022\/12\/IMG_20221222_123245-326x245.jpg 326w, https:\/\/ecolecaritas.be\/new\/wp-content\/uploads\/2022\/12\/IMG_20221222_123245-80x60.jpg 80w, https:\/\/ecolecaritas.be\/new\/wp-content\/uploads\/2022\/12\/IMG_20221222_123245-1320x990.jpg 1320w, https:\/\/ecolecaritas.be\/new\/wp-content\/uploads\/2022\/12\/IMG_20221222_123245.jpg 1600w\" sizes=\"auto, (max-width: 600px) 100vw, 600px\" \/><\/figure>\n\n\n\n<figure class=\"wp-block-image size-large\"><img loading=\"lazy\" decoding=\"async\" width=\"600\" height=\"450\" src=\"https:\/\/ecolecaritas.be\/new\/wp-content\/uploads\/2022\/12\/IMG-20221222-WA0039-600x450.jpg\" alt=\"\" class=\"wp-image-156961\" srcset=\"https:\/\/ecolecaritas.be\/new\/wp-content\/uploads\/2022\/12\/IMG-20221222-WA0039-600x450.jpg 600w, https:\/\/ecolecaritas.be\/new\/wp-content\/uploads\/2022\/12\/IMG-20221222-WA0039-300x225.jpg 300w, https:\/\/ecolecaritas.be\/new\/wp-content\/uploads\/2022\/12\/IMG-20221222-WA0039-768x576.jpg 768w, https:\/\/ecolecaritas.be\/new\/wp-content\/uploads\/2022\/12\/IMG-20221222-WA0039-678x509.jpg 678w, https:\/\/ecolecaritas.be\/new\/wp-content\/uploads\/2022\/12\/IMG-20221222-WA0039-326x245.jpg 326w, https:\/\/ecolecaritas.be\/new\/wp-content\/uploads\/2022\/12\/IMG-20221222-WA0039-80x60.jpg 80w, https:\/\/ecolecaritas.be\/new\/wp-content\/uploads\/2022\/12\/IMG-20221222-WA0039.jpg 1024w\" sizes=\"auto, (max-width: 600px) 100vw, 600px\" \/><\/figure>\n\n\n\n<figure class=\"wp-block-image size-large is-resized\"><img loading=\"lazy\" decoding=\"async\" src=\"https:\/\/ecolecaritas.be\/new\/wp-content\/uploads\/2022\/12\/IMG-20221222-WA0022-600x450.jpg\" alt=\"\" class=\"wp-image-156952\" width=\"377\" height=\"283\" srcset=\"https:\/\/ecolecaritas.be\/new\/wp-content\/uploads\/2022\/12\/IMG-20221222-WA0022-600x450.jpg 600w, https:\/\/ecolecaritas.be\/new\/wp-content\/uploads\/2022\/12\/IMG-20221222-WA0022-300x225.jpg 300w, https:\/\/ecolecaritas.be\/new\/wp-content\/uploads\/2022\/12\/IMG-20221222-WA0022-768x576.jpg 768w, https:\/\/ecolecaritas.be\/new\/wp-content\/uploads\/2022\/12\/IMG-20221222-WA0022-1536x1152.jpg 1536w, https:\/\/ecolecaritas.be\/new\/wp-content\/uploads\/2022\/12\/IMG-20221222-WA0022-678x509.jpg 678w, https:\/\/ecolecaritas.be\/new\/wp-content\/uploads\/2022\/12\/IMG-20221222-WA0022-326x245.jpg 326w, https:\/\/ecolecaritas.be\/new\/wp-content\/uploads\/2022\/12\/IMG-20221222-WA0022-80x60.jpg 80w, https:\/\/ecolecaritas.be\/new\/wp-content\/uploads\/2022\/12\/IMG-20221222-WA0022-1320x990.jpg 1320w, https:\/\/ecolecaritas.be\/new\/wp-content\/uploads\/2022\/12\/IMG-20221222-WA0022.jpg 2048w\" sizes=\"auto, (max-width: 377px) 100vw, 377px\" \/><\/figure>\n\n\n\n<figure class=\"wp-block-image size-large\"><img loading=\"lazy\" decoding=\"async\" width=\"450\" height=\"600\" src=\"https:\/\/ecolecaritas.be\/new\/wp-content\/uploads\/2022\/12\/IMG-20221222-WA0026-450x600.jpg\" alt=\"\" class=\"wp-image-156950\" srcset=\"https:\/\/ecolecaritas.be\/new\/wp-content\/uploads\/2022\/12\/IMG-20221222-WA0026-450x600.jpg 450w, https:\/\/ecolecaritas.be\/new\/wp-content\/uploads\/2022\/12\/IMG-20221222-WA0026-225x300.jpg 225w, https:\/\/ecolecaritas.be\/new\/wp-content\/uploads\/2022\/12\/IMG-20221222-WA0026-768x1024.jpg 768w, https:\/\/ecolecaritas.be\/new\/wp-content\/uploads\/2022\/12\/IMG-20221222-WA0026-600x800.jpg 600w, https:\/\/ecolecaritas.be\/new\/wp-content\/uploads\/2022\/12\/IMG-20221222-WA0026-1152x1536.jpg 1152w, https:\/\/ecolecaritas.be\/new\/wp-content\/uploads\/2022\/12\/IMG-20221222-WA0026-1320x1760.jpg 1320w, https:\/\/ecolecaritas.be\/new\/wp-content\/uploads\/2022\/12\/IMG-20221222-WA0026.jpg 1536w\" sizes=\"auto, (max-width: 450px) 100vw, 450px\" \/><\/figure>\n\n\n\n<figure class=\"wp-block-image size-large is-resized\"><img loading=\"lazy\" decoding=\"async\" src=\"https:\/\/ecolecaritas.be\/new\/wp-content\/uploads\/2022\/12\/IMG-20221222-WA0024-600x600.jpg\" alt=\"\" class=\"wp-image-156951\" width=\"387\" height=\"387\" srcset=\"https:\/\/ecolecaritas.be\/new\/wp-content\/uploads\/2022\/12\/IMG-20221222-WA0024-600x600.jpg 600w, https:\/\/ecolecaritas.be\/new\/wp-content\/uploads\/2022\/12\/IMG-20221222-WA0024-300x300.jpg 300w, https:\/\/ecolecaritas.be\/new\/wp-content\/uploads\/2022\/12\/IMG-20221222-WA0024-150x150.jpg 150w, https:\/\/ecolecaritas.be\/new\/wp-content\/uploads\/2022\/12\/IMG-20221222-WA0024-768x768.jpg 768w, https:\/\/ecolecaritas.be\/new\/wp-content\/uploads\/2022\/12\/IMG-20221222-WA0024-500x500.jpg 500w, https:\/\/ecolecaritas.be\/new\/wp-content\/uploads\/2022\/12\/IMG-20221222-WA0024-400x400.jpg 400w, https:\/\/ecolecaritas.be\/new\/wp-content\/uploads\/2022\/12\/IMG-20221222-WA0024-1536x1536.jpg 1536w, https:\/\/ecolecaritas.be\/new\/wp-content\/uploads\/2022\/12\/IMG-20221222-WA0024.jpg 2048w, https:\/\/ecolecaritas.be\/new\/wp-content\/uploads\/2022\/12\/IMG-20221222-WA0024-1320x1320.jpg 1320w\" sizes=\"auto, (max-width: 387px) 100vw, 387px\" \/><\/figure>\n\n\n\n<figure class=\"wp-block-image size-large is-resized\"><img loading=\"lazy\" decoding=\"async\" src=\"https:\/\/ecolecaritas.be\/new\/wp-content\/uploads\/2022\/12\/IMG-20221222-WA0030-600x450.jpg\" alt=\"\" class=\"wp-image-156948\" width=\"380\" height=\"285\" srcset=\"https:\/\/ecolecaritas.be\/new\/wp-content\/uploads\/2022\/12\/IMG-20221222-WA0030-600x450.jpg 600w, https:\/\/ecolecaritas.be\/new\/wp-content\/uploads\/2022\/12\/IMG-20221222-WA0030-300x225.jpg 300w, https:\/\/ecolecaritas.be\/new\/wp-content\/uploads\/2022\/12\/IMG-20221222-WA0030-768x576.jpg 768w, https:\/\/ecolecaritas.be\/new\/wp-content\/uploads\/2022\/12\/IMG-20221222-WA0030-1536x1152.jpg 1536w, https:\/\/ecolecaritas.be\/new\/wp-content\/uploads\/2022\/12\/IMG-20221222-WA0030-678x509.jpg 678w, https:\/\/ecolecaritas.be\/new\/wp-content\/uploads\/2022\/12\/IMG-20221222-WA0030-326x245.jpg 326w, https:\/\/ecolecaritas.be\/new\/wp-content\/uploads\/2022\/12\/IMG-20221222-WA0030-80x60.jpg 80w, https:\/\/ecolecaritas.be\/new\/wp-content\/uploads\/2022\/12\/IMG-20221222-WA0030-1320x990.jpg 1320w, https:\/\/ecolecaritas.be\/new\/wp-content\/uploads\/2022\/12\/IMG-20221222-WA0030.jpg 2000w\" sizes=\"auto, (max-width: 380px) 100vw, 380px\" \/><\/figure>\n\n\n\n<figure class=\"wp-block-image size-large\"><img loading=\"lazy\" decoding=\"async\" width=\"600\" height=\"450\" src=\"https:\/\/ecolecaritas.be\/new\/wp-content\/uploads\/2022\/12\/IMG-20221222-WA0015-600x450.jpg\" alt=\"\" class=\"wp-image-156954\" srcset=\"https:\/\/ecolecaritas.be\/new\/wp-content\/uploads\/2022\/12\/IMG-20221222-WA0015-600x450.jpg 600w, https:\/\/ecolecaritas.be\/new\/wp-content\/uploads\/2022\/12\/IMG-20221222-WA0015-300x225.jpg 300w, https:\/\/ecolecaritas.be\/new\/wp-content\/uploads\/2022\/12\/IMG-20221222-WA0015-768x576.jpg 768w, https:\/\/ecolecaritas.be\/new\/wp-content\/uploads\/2022\/12\/IMG-20221222-WA0015-678x509.jpg 678w, https:\/\/ecolecaritas.be\/new\/wp-content\/uploads\/2022\/12\/IMG-20221222-WA0015-326x245.jpg 326w, https:\/\/ecolecaritas.be\/new\/wp-content\/uploads\/2022\/12\/IMG-20221222-WA0015-80x60.jpg 80w, https:\/\/ecolecaritas.be\/new\/wp-content\/uploads\/2022\/12\/IMG-20221222-WA0015.jpg 1024w\" sizes=\"auto, (max-width: 600px) 100vw, 600px\" \/><\/figure>\n","protected":false},"excerpt":{"rendered":"<div class=\"mh-excerpt\"><p>Aujourd&rsquo;hui, des P\u00e8res et des M\u00e8res No\u00ebl, des rennes, des lutins, des sapins d\u00e9cor\u00e9s ont envahi les classes et la cour de l&rsquo;\u00e9cole. Quelle joie <a class=\"mh-excerpt-more\" href=\"https:\/\/ecolecaritas.be\/new\/la-journee-du-deguisement\/\" title=\"La journ\u00e9e du d\u00e9guisement !&#x1f936;&#x1f384;&#x1f385;\">[&#8230;]<\/a><\/p>\n<\/div>","protected":false},"author":4,"featured_media":156955,"comment_status":"closed","ping_status":"closed","sticky":false,"template":"","format":"standard","meta":{"footnotes":""},"categories":[6],"tags":[],"class_list":["post-156959","post","type-post","status-publish","format-standard","has-post-thumbnail","hentry","category-general"],"_links":{"self":[{"href":"https:\/\/ecolecaritas.be\/new\/wp-json\/wp\/v2\/posts\/156959","targetHints":{"allow":["GET"]}}],"collection":[{"href":"https:\/\/ecolecaritas.be\/new\/wp-json\/wp\/v2\/posts"}],"about":[{"href":"https:\/\/ecolecaritas.be\/new\/wp-json\/wp\/v2\/types\/post"}],"author":[{"embeddable":true,"href":"https:\/\/ecolecaritas.be\/new\/wp-json\/wp\/v2\/users\/4"}],"replies":[{"embeddable":true,"href":"https:\/\/ecolecaritas.be\/new\/wp-json\/wp\/v2\/comments?post=156959"}],"version-history":[{"count":4,"href":"https:\/\/ecolecaritas.be\/new\/wp-json\/wp\/v2\/posts\/156959\/revisions"}],"predecessor-version":[{"id":156966,"href":"https:\/\/ecolecaritas.be\/new\/wp-json\/wp\/v2\/posts\/156959\/revisions\/156966"}],"wp:featuredmedia":[{"embeddable":true,"href":"https:\/\/ecolecaritas.be\/new\/wp-json\/wp\/v2\/media\/156955"}],"wp:attachment":[{"href":"https:\/\/ecolecaritas.be\/new\/wp-json\/wp\/v2\/media?parent=156959"}],"wp:term":[{"taxonomy":"category","embeddable":true,"href":"https:\/\/ecolecaritas.be\/new\/wp-json\/wp\/v2\/categories?post=156959"},{"taxonomy":"post_tag","embeddable":true,"href":"https:\/\/ecolecaritas.be\/new\/wp-json\/wp\/v2\/tags?post=156959"}],"curies":[{"name":"wp","href":"https:\/\/api.w.org\/{rel}","templated":true}]}}