{"id":157086,"date":"2023-01-24T20:45:08","date_gmt":"2023-01-24T19:45:08","guid":{"rendered":"https:\/\/ecolecaritas.be\/new\/?p=157086"},"modified":"2023-01-24T20:45:08","modified_gmt":"2023-01-24T19:45:08","slug":"les-maternelles-a-musication","status":"publish","type":"post","link":"https:\/\/ecolecaritas.be\/new\/les-maternelles-a-musication\/","title":{"rendered":"Les maternelles \u00e0 Musication &#x1f3bc;&#x1f3b8;&#x1f3b5;"},"content":{"rendered":"\n<p>Nouveau projet pour les maternelles &#x1f917; : toutes les 2 semaines, les enfants vivront des activit\u00e9s musicales  avec comme fil conducteur la d\u00e9couverte d&rsquo;un nouvel instrument \u00e0 chaque s\u00e9ance ainsi qu&rsquo;une notion de musique (rythme, tessiture,&#8230;). Et tout cela en chansons avec Mr Julien! &#x1f3b5;&#x1f3b8;&#x1f3bc;<\/p>\n\n\n\n<p>Un beau programme pour nos jeunes &#x1f60a;&#x2764;&#xfe0f;<\/p>\n\n\n\n<figure class=\"wp-block-image size-large\"><img loading=\"lazy\" decoding=\"async\" width=\"600\" height=\"270\" src=\"https:\/\/ecolecaritas.be\/new\/wp-content\/uploads\/2023\/01\/IMG-20230119-WA0003-600x270.jpg\" alt=\"\" class=\"wp-image-157082\" srcset=\"https:\/\/ecolecaritas.be\/new\/wp-content\/uploads\/2023\/01\/IMG-20230119-WA0003-600x270.jpg 600w, https:\/\/ecolecaritas.be\/new\/wp-content\/uploads\/2023\/01\/IMG-20230119-WA0003-300x135.jpg 300w, https:\/\/ecolecaritas.be\/new\/wp-content\/uploads\/2023\/01\/IMG-20230119-WA0003-768x345.jpg 768w, https:\/\/ecolecaritas.be\/new\/wp-content\/uploads\/2023\/01\/IMG-20230119-WA0003-1536x691.jpg 1536w, https:\/\/ecolecaritas.be\/new\/wp-content\/uploads\/2023\/01\/IMG-20230119-WA0003-1320x594.jpg 1320w, https:\/\/ecolecaritas.be\/new\/wp-content\/uploads\/2023\/01\/IMG-20230119-WA0003.jpg 2048w\" sizes=\"auto, (max-width: 600px) 100vw, 600px\" \/><\/figure>\n\n\n\n<figure class=\"wp-block-video\"><video height=\"352\" style=\"aspect-ratio: 640 \/ 352;\" width=\"640\" controls src=\"https:\/\/ecolecaritas.be\/new\/wp-content\/uploads\/2023\/01\/VID-20230119-WA0000.mp4\"><\/video><\/figure>\n\n\n\n<figure class=\"wp-block-image size-large\"><img loading=\"lazy\" decoding=\"async\" width=\"450\" height=\"600\" src=\"https:\/\/ecolecaritas.be\/new\/wp-content\/uploads\/2023\/01\/IMG-20230121-WA0005-1-450x600.jpg\" alt=\"\" class=\"wp-image-157081\" srcset=\"https:\/\/ecolecaritas.be\/new\/wp-content\/uploads\/2023\/01\/IMG-20230121-WA0005-1-450x600.jpg 450w, https:\/\/ecolecaritas.be\/new\/wp-content\/uploads\/2023\/01\/IMG-20230121-WA0005-1-225x300.jpg 225w, https:\/\/ecolecaritas.be\/new\/wp-content\/uploads\/2023\/01\/IMG-20230121-WA0005-1-600x800.jpg 600w, https:\/\/ecolecaritas.be\/new\/wp-content\/uploads\/2023\/01\/IMG-20230121-WA0005-1.jpg 768w\" sizes=\"auto, (max-width: 450px) 100vw, 450px\" \/><\/figure>\n\n\n\n<figure class=\"wp-block-image size-large\"><img loading=\"lazy\" decoding=\"async\" width=\"450\" height=\"600\" src=\"https:\/\/ecolecaritas.be\/new\/wp-content\/uploads\/2023\/01\/IMG-20230121-WA0006-1-450x600.jpg\" alt=\"\" class=\"wp-image-157080\" srcset=\"https:\/\/ecolecaritas.be\/new\/wp-content\/uploads\/2023\/01\/IMG-20230121-WA0006-1-450x600.jpg 450w, https:\/\/ecolecaritas.be\/new\/wp-content\/uploads\/2023\/01\/IMG-20230121-WA0006-1-225x300.jpg 225w, https:\/\/ecolecaritas.be\/new\/wp-content\/uploads\/2023\/01\/IMG-20230121-WA0006-1-600x800.jpg 600w, https:\/\/ecolecaritas.be\/new\/wp-content\/uploads\/2023\/01\/IMG-20230121-WA0006-1.jpg 768w\" sizes=\"auto, (max-width: 450px) 100vw, 450px\" \/><\/figure>\n\n\n\n<figure class=\"wp-block-image size-large\"><img loading=\"lazy\" decoding=\"async\" width=\"450\" height=\"600\" src=\"https:\/\/ecolecaritas.be\/new\/wp-content\/uploads\/2023\/01\/IMG-20230121-WA0007-1-450x600.jpg\" alt=\"\" class=\"wp-image-157079\" srcset=\"https:\/\/ecolecaritas.be\/new\/wp-content\/uploads\/2023\/01\/IMG-20230121-WA0007-1-450x600.jpg 450w, https:\/\/ecolecaritas.be\/new\/wp-content\/uploads\/2023\/01\/IMG-20230121-WA0007-1-225x300.jpg 225w, https:\/\/ecolecaritas.be\/new\/wp-content\/uploads\/2023\/01\/IMG-20230121-WA0007-1-600x800.jpg 600w, https:\/\/ecolecaritas.be\/new\/wp-content\/uploads\/2023\/01\/IMG-20230121-WA0007-1.jpg 768w\" sizes=\"auto, (max-width: 450px) 100vw, 450px\" \/><\/figure>\n\n\n\n<figure class=\"wp-block-image size-large is-resized\"><img loading=\"lazy\" decoding=\"async\" src=\"https:\/\/ecolecaritas.be\/new\/wp-content\/uploads\/2023\/01\/IMG-20230121-WA0008-1-450x600.jpg\" alt=\"\" class=\"wp-image-157078\" width=\"377\" height=\"502\" srcset=\"https:\/\/ecolecaritas.be\/new\/wp-content\/uploads\/2023\/01\/IMG-20230121-WA0008-1-450x600.jpg 450w, https:\/\/ecolecaritas.be\/new\/wp-content\/uploads\/2023\/01\/IMG-20230121-WA0008-1-225x300.jpg 225w, https:\/\/ecolecaritas.be\/new\/wp-content\/uploads\/2023\/01\/IMG-20230121-WA0008-1-600x800.jpg 600w, https:\/\/ecolecaritas.be\/new\/wp-content\/uploads\/2023\/01\/IMG-20230121-WA0008-1.jpg 768w\" sizes=\"auto, (max-width: 377px) 100vw, 377px\" \/><\/figure>\n\n\n\n<figure class=\"wp-block-image size-large\"><img loading=\"lazy\" decoding=\"async\" width=\"450\" height=\"600\" src=\"https:\/\/ecolecaritas.be\/new\/wp-content\/uploads\/2023\/01\/IMG-20230121-WA0010-450x600.jpg\" alt=\"\" class=\"wp-image-157077\" srcset=\"https:\/\/ecolecaritas.be\/new\/wp-content\/uploads\/2023\/01\/IMG-20230121-WA0010-450x600.jpg 450w, https:\/\/ecolecaritas.be\/new\/wp-content\/uploads\/2023\/01\/IMG-20230121-WA0010-225x300.jpg 225w, https:\/\/ecolecaritas.be\/new\/wp-content\/uploads\/2023\/01\/IMG-20230121-WA0010-600x800.jpg 600w, https:\/\/ecolecaritas.be\/new\/wp-content\/uploads\/2023\/01\/IMG-20230121-WA0010.jpg 768w\" sizes=\"auto, (max-width: 450px) 100vw, 450px\" \/><\/figure>\n\n\n\n<figure class=\"wp-block-image size-large\"><img loading=\"lazy\" decoding=\"async\" width=\"450\" height=\"600\" src=\"https:\/\/ecolecaritas.be\/new\/wp-content\/uploads\/2023\/01\/IMG-20230121-WA0009-1-450x600.jpg\" alt=\"\" class=\"wp-image-157076\" srcset=\"https:\/\/ecolecaritas.be\/new\/wp-content\/uploads\/2023\/01\/IMG-20230121-WA0009-1-450x600.jpg 450w, https:\/\/ecolecaritas.be\/new\/wp-content\/uploads\/2023\/01\/IMG-20230121-WA0009-1-225x300.jpg 225w, https:\/\/ecolecaritas.be\/new\/wp-content\/uploads\/2023\/01\/IMG-20230121-WA0009-1-600x800.jpg 600w, https:\/\/ecolecaritas.be\/new\/wp-content\/uploads\/2023\/01\/IMG-20230121-WA0009-1.jpg 768w\" sizes=\"auto, (max-width: 450px) 100vw, 450px\" \/><\/figure>\n\n\n\n<figure class=\"wp-block-image size-large\"><img loading=\"lazy\" decoding=\"async\" width=\"450\" height=\"600\" src=\"https:\/\/ecolecaritas.be\/new\/wp-content\/uploads\/2023\/01\/IMG-20230121-WA0013-1-450x600.jpg\" alt=\"\" class=\"wp-image-157075\" srcset=\"https:\/\/ecolecaritas.be\/new\/wp-content\/uploads\/2023\/01\/IMG-20230121-WA0013-1-450x600.jpg 450w, https:\/\/ecolecaritas.be\/new\/wp-content\/uploads\/2023\/01\/IMG-20230121-WA0013-1-225x300.jpg 225w, https:\/\/ecolecaritas.be\/new\/wp-content\/uploads\/2023\/01\/IMG-20230121-WA0013-1-768x1024.jpg 768w, https:\/\/ecolecaritas.be\/new\/wp-content\/uploads\/2023\/01\/IMG-20230121-WA0013-1-600x800.jpg 600w, https:\/\/ecolecaritas.be\/new\/wp-content\/uploads\/2023\/01\/IMG-20230121-WA0013-1-1152x1536.jpg 1152w, https:\/\/ecolecaritas.be\/new\/wp-content\/uploads\/2023\/01\/IMG-20230121-WA0013-1-1320x1760.jpg 1320w, https:\/\/ecolecaritas.be\/new\/wp-content\/uploads\/2023\/01\/IMG-20230121-WA0013-1.jpg 1536w\" sizes=\"auto, (max-width: 450px) 100vw, 450px\" \/><\/figure>\n\n\n\n<figure class=\"wp-block-image size-large\"><img loading=\"lazy\" decoding=\"async\" width=\"600\" height=\"450\" src=\"https:\/\/ecolecaritas.be\/new\/wp-content\/uploads\/2023\/01\/IMG-20230121-WA0014-1-600x450.jpg\" alt=\"\" class=\"wp-image-157074\" srcset=\"https:\/\/ecolecaritas.be\/new\/wp-content\/uploads\/2023\/01\/IMG-20230121-WA0014-1-600x450.jpg 600w, https:\/\/ecolecaritas.be\/new\/wp-content\/uploads\/2023\/01\/IMG-20230121-WA0014-1-300x225.jpg 300w, https:\/\/ecolecaritas.be\/new\/wp-content\/uploads\/2023\/01\/IMG-20230121-WA0014-1-768x576.jpg 768w, https:\/\/ecolecaritas.be\/new\/wp-content\/uploads\/2023\/01\/IMG-20230121-WA0014-1-1536x1152.jpg 1536w, https:\/\/ecolecaritas.be\/new\/wp-content\/uploads\/2023\/01\/IMG-20230121-WA0014-1-678x509.jpg 678w, https:\/\/ecolecaritas.be\/new\/wp-content\/uploads\/2023\/01\/IMG-20230121-WA0014-1-326x245.jpg 326w, https:\/\/ecolecaritas.be\/new\/wp-content\/uploads\/2023\/01\/IMG-20230121-WA0014-1-80x60.jpg 80w, https:\/\/ecolecaritas.be\/new\/wp-content\/uploads\/2023\/01\/IMG-20230121-WA0014-1-1320x990.jpg 1320w, https:\/\/ecolecaritas.be\/new\/wp-content\/uploads\/2023\/01\/IMG-20230121-WA0014-1.jpg 2048w\" sizes=\"auto, (max-width: 600px) 100vw, 600px\" \/><\/figure>\n\n\n\n<figure class=\"wp-block-image size-large is-resized\"><img loading=\"lazy\" decoding=\"async\" src=\"https:\/\/ecolecaritas.be\/new\/wp-content\/uploads\/2023\/01\/IMG-20230121-WA0015-1-600x450.jpg\" alt=\"\" class=\"wp-image-157073\" width=\"390\" height=\"292\" srcset=\"https:\/\/ecolecaritas.be\/new\/wp-content\/uploads\/2023\/01\/IMG-20230121-WA0015-1-600x450.jpg 600w, https:\/\/ecolecaritas.be\/new\/wp-content\/uploads\/2023\/01\/IMG-20230121-WA0015-1-300x225.jpg 300w, https:\/\/ecolecaritas.be\/new\/wp-content\/uploads\/2023\/01\/IMG-20230121-WA0015-1-768x576.jpg 768w, https:\/\/ecolecaritas.be\/new\/wp-content\/uploads\/2023\/01\/IMG-20230121-WA0015-1-1536x1152.jpg 1536w, https:\/\/ecolecaritas.be\/new\/wp-content\/uploads\/2023\/01\/IMG-20230121-WA0015-1-678x509.jpg 678w, https:\/\/ecolecaritas.be\/new\/wp-content\/uploads\/2023\/01\/IMG-20230121-WA0015-1-326x245.jpg 326w, https:\/\/ecolecaritas.be\/new\/wp-content\/uploads\/2023\/01\/IMG-20230121-WA0015-1-80x60.jpg 80w, https:\/\/ecolecaritas.be\/new\/wp-content\/uploads\/2023\/01\/IMG-20230121-WA0015-1-1320x990.jpg 1320w, https:\/\/ecolecaritas.be\/new\/wp-content\/uploads\/2023\/01\/IMG-20230121-WA0015-1.jpg 2048w\" sizes=\"auto, (max-width: 390px) 100vw, 390px\" \/><\/figure>\n","protected":false},"excerpt":{"rendered":"<div class=\"mh-excerpt\"><p>Nouveau projet pour les maternelles &#x1f917; : toutes les 2 semaines, les enfants vivront des activit\u00e9s musicales avec comme fil conducteur la d\u00e9couverte d&rsquo;un nouvel <a class=\"mh-excerpt-more\" href=\"https:\/\/ecolecaritas.be\/new\/les-maternelles-a-musication\/\" title=\"Les maternelles \u00e0 Musication &#x1f3bc;&#x1f3b8;&#x1f3b5;\">[&#8230;]<\/a><\/p>\n<\/div>","protected":false},"author":4,"featured_media":157084,"comment_status":"closed","ping_status":"closed","sticky":false,"template":"","format":"standard","meta":{"footnotes":""},"categories":[7],"tags":[],"class_list":["post-157086","post","type-post","status-publish","format-standard","has-post-thumbnail","hentry","category-mat"],"_links":{"self":[{"href":"https:\/\/ecolecaritas.be\/new\/wp-json\/wp\/v2\/posts\/157086","targetHints":{"allow":["GET"]}}],"collection":[{"href":"https:\/\/ecolecaritas.be\/new\/wp-json\/wp\/v2\/posts"}],"about":[{"href":"https:\/\/ecolecaritas.be\/new\/wp-json\/wp\/v2\/types\/post"}],"author":[{"embeddable":true,"href":"https:\/\/ecolecaritas.be\/new\/wp-json\/wp\/v2\/users\/4"}],"replies":[{"embeddable":true,"href":"https:\/\/ecolecaritas.be\/new\/wp-json\/wp\/v2\/comments?post=157086"}],"version-history":[{"count":6,"href":"https:\/\/ecolecaritas.be\/new\/wp-json\/wp\/v2\/posts\/157086\/revisions"}],"predecessor-version":[{"id":157095,"href":"https:\/\/ecolecaritas.be\/new\/wp-json\/wp\/v2\/posts\/157086\/revisions\/157095"}],"wp:featuredmedia":[{"embeddable":true,"href":"https:\/\/ecolecaritas.be\/new\/wp-json\/wp\/v2\/media\/157084"}],"wp:attachment":[{"href":"https:\/\/ecolecaritas.be\/new\/wp-json\/wp\/v2\/media?parent=157086"}],"wp:term":[{"taxonomy":"category","embeddable":true,"href":"https:\/\/ecolecaritas.be\/new\/wp-json\/wp\/v2\/categories?post=157086"},{"taxonomy":"post_tag","embeddable":true,"href":"https:\/\/ecolecaritas.be\/new\/wp-json\/wp\/v2\/tags?post=157086"}],"curies":[{"name":"wp","href":"https:\/\/api.w.org\/{rel}","templated":true}]}}