{"id":157103,"date":"2023-01-29T15:33:54","date_gmt":"2023-01-29T14:33:54","guid":{"rendered":"https:\/\/ecolecaritas.be\/new\/?p=157103"},"modified":"2023-01-29T15:33:54","modified_gmt":"2023-01-29T14:33:54","slug":"la-fete-des-lumieres-a-leglise-de-tourinnes-ce-samedi-28-janvier","status":"publish","type":"post","link":"https:\/\/ecolecaritas.be\/new\/la-fete-des-lumieres-a-leglise-de-tourinnes-ce-samedi-28-janvier\/","title":{"rendered":"La f\u00eate des lumi\u00e8res \u00e0 l&rsquo;\u00e9glise de Tourinnes, ce samedi 28 janvier !!&#x1f56f;&#xfe0f;&#x1f56f;&#xfe0f;&#x1f56f;&#xfe0f;&#x1f3b6;"},"content":{"rendered":"\n<p><br>Il s&rsquo;agit d&rsquo;une f\u00eate non confessionnelle. 1000 bougies dans l&rsquo;\u00e9glise, c&rsquo;est magique! On chante, on joue de la musique, on raconte des histoires autour de la Lumi\u00e8re.&#x1f56f;&#xfe0f;&#x1f3b6;Notre \u00e9cole a particip\u00e9 \u00e0 son illumination! Chaque enfant a d\u00e9cor\u00e9 son propre photophore pour l&rsquo;occasion. Bravo \u00e0 tous les \u00e9l\u00e8ves et aux institutrices !&#x1f44f;&#x1f917;<\/p>\n\n\n\n<figure class=\"wp-block-image size-large\"><img loading=\"lazy\" decoding=\"async\" width=\"338\" height=\"600\" src=\"https:\/\/ecolecaritas.be\/new\/wp-content\/uploads\/2023\/01\/IMG_20230128_183104-338x600.jpg\" alt=\"\" class=\"wp-image-157100\" srcset=\"https:\/\/ecolecaritas.be\/new\/wp-content\/uploads\/2023\/01\/IMG_20230128_183104-338x600.jpg 338w, https:\/\/ecolecaritas.be\/new\/wp-content\/uploads\/2023\/01\/IMG_20230128_183104-169x300.jpg 169w, https:\/\/ecolecaritas.be\/new\/wp-content\/uploads\/2023\/01\/IMG_20230128_183104-768x1365.jpg 768w, https:\/\/ecolecaritas.be\/new\/wp-content\/uploads\/2023\/01\/IMG_20230128_183104-600x1067.jpg 600w, https:\/\/ecolecaritas.be\/new\/wp-content\/uploads\/2023\/01\/IMG_20230128_183104-864x1536.jpg 864w, https:\/\/ecolecaritas.be\/new\/wp-content\/uploads\/2023\/01\/IMG_20230128_183104-1152x2048.jpg 1152w, https:\/\/ecolecaritas.be\/new\/wp-content\/uploads\/2023\/01\/IMG_20230128_183104-1320x2347.jpg 1320w, https:\/\/ecolecaritas.be\/new\/wp-content\/uploads\/2023\/01\/IMG_20230128_183104-scaled.jpg 1440w\" sizes=\"auto, (max-width: 338px) 100vw, 338px\" \/><\/figure>\n\n\n\n<figure class=\"wp-block-image size-large is-resized\"><img loading=\"lazy\" decoding=\"async\" src=\"https:\/\/ecolecaritas.be\/new\/wp-content\/uploads\/2023\/01\/IMG_20230128_184533-338x600.jpg\" alt=\"\" class=\"wp-image-157099\" width=\"338\" height=\"600\" srcset=\"https:\/\/ecolecaritas.be\/new\/wp-content\/uploads\/2023\/01\/IMG_20230128_184533-338x600.jpg 338w, https:\/\/ecolecaritas.be\/new\/wp-content\/uploads\/2023\/01\/IMG_20230128_184533-169x300.jpg 169w, https:\/\/ecolecaritas.be\/new\/wp-content\/uploads\/2023\/01\/IMG_20230128_184533-768x1365.jpg 768w, https:\/\/ecolecaritas.be\/new\/wp-content\/uploads\/2023\/01\/IMG_20230128_184533-600x1067.jpg 600w, https:\/\/ecolecaritas.be\/new\/wp-content\/uploads\/2023\/01\/IMG_20230128_184533-864x1536.jpg 864w, https:\/\/ecolecaritas.be\/new\/wp-content\/uploads\/2023\/01\/IMG_20230128_184533-1152x2048.jpg 1152w, https:\/\/ecolecaritas.be\/new\/wp-content\/uploads\/2023\/01\/IMG_20230128_184533-1320x2347.jpg 1320w, https:\/\/ecolecaritas.be\/new\/wp-content\/uploads\/2023\/01\/IMG_20230128_184533-scaled.jpg 1440w\" sizes=\"auto, (max-width: 338px) 100vw, 338px\" \/><\/figure>\n\n\n\n<figure class=\"wp-block-gallery has-nested-images columns-default is-cropped wp-block-gallery-1 is-layout-flex wp-block-gallery-is-layout-flex\"><\/figure>\n\n\n\n<figure class=\"wp-block-image size-large\"><img loading=\"lazy\" decoding=\"async\" width=\"338\" height=\"600\" src=\"https:\/\/ecolecaritas.be\/new\/wp-content\/uploads\/2023\/01\/IMG_20230128_191038-338x600.jpg\" alt=\"\" class=\"wp-image-157097\" srcset=\"https:\/\/ecolecaritas.be\/new\/wp-content\/uploads\/2023\/01\/IMG_20230128_191038-338x600.jpg 338w, https:\/\/ecolecaritas.be\/new\/wp-content\/uploads\/2023\/01\/IMG_20230128_191038-169x300.jpg 169w, https:\/\/ecolecaritas.be\/new\/wp-content\/uploads\/2023\/01\/IMG_20230128_191038-768x1365.jpg 768w, https:\/\/ecolecaritas.be\/new\/wp-content\/uploads\/2023\/01\/IMG_20230128_191038-600x1067.jpg 600w, https:\/\/ecolecaritas.be\/new\/wp-content\/uploads\/2023\/01\/IMG_20230128_191038-864x1536.jpg 864w, https:\/\/ecolecaritas.be\/new\/wp-content\/uploads\/2023\/01\/IMG_20230128_191038-1152x2048.jpg 1152w, https:\/\/ecolecaritas.be\/new\/wp-content\/uploads\/2023\/01\/IMG_20230128_191038-1320x2347.jpg 1320w, https:\/\/ecolecaritas.be\/new\/wp-content\/uploads\/2023\/01\/IMG_20230128_191038-scaled.jpg 1440w\" sizes=\"auto, (max-width: 338px) 100vw, 338px\" \/><\/figure>\n\n\n\n<figure class=\"wp-block-image size-large\"><img loading=\"lazy\" decoding=\"async\" width=\"600\" height=\"338\" src=\"https:\/\/ecolecaritas.be\/new\/wp-content\/uploads\/2023\/01\/IMG_20230128_191043-600x338.jpg\" alt=\"\" class=\"wp-image-157096\" srcset=\"https:\/\/ecolecaritas.be\/new\/wp-content\/uploads\/2023\/01\/IMG_20230128_191043-600x338.jpg 600w, https:\/\/ecolecaritas.be\/new\/wp-content\/uploads\/2023\/01\/IMG_20230128_191043-300x169.jpg 300w, https:\/\/ecolecaritas.be\/new\/wp-content\/uploads\/2023\/01\/IMG_20230128_191043-768x432.jpg 768w, https:\/\/ecolecaritas.be\/new\/wp-content\/uploads\/2023\/01\/IMG_20230128_191043-1536x864.jpg 1536w, https:\/\/ecolecaritas.be\/new\/wp-content\/uploads\/2023\/01\/IMG_20230128_191043-2048x1152.jpg 2048w, https:\/\/ecolecaritas.be\/new\/wp-content\/uploads\/2023\/01\/IMG_20230128_191043-678x381.jpg 678w, https:\/\/ecolecaritas.be\/new\/wp-content\/uploads\/2023\/01\/IMG_20230128_191043-1320x743.jpg 1320w\" sizes=\"auto, (max-width: 600px) 100vw, 600px\" \/><\/figure>\n\n\n\n<figure class=\"wp-block-image size-large\"><img loading=\"lazy\" decoding=\"async\" width=\"338\" height=\"600\" src=\"https:\/\/ecolecaritas.be\/new\/wp-content\/uploads\/2023\/01\/IMG_20230128_184524-338x600.jpg\" alt=\"\" class=\"wp-image-157111\" srcset=\"https:\/\/ecolecaritas.be\/new\/wp-content\/uploads\/2023\/01\/IMG_20230128_184524-338x600.jpg 338w, https:\/\/ecolecaritas.be\/new\/wp-content\/uploads\/2023\/01\/IMG_20230128_184524-169x300.jpg 169w, https:\/\/ecolecaritas.be\/new\/wp-content\/uploads\/2023\/01\/IMG_20230128_184524-768x1365.jpg 768w, https:\/\/ecolecaritas.be\/new\/wp-content\/uploads\/2023\/01\/IMG_20230128_184524-600x1067.jpg 600w, https:\/\/ecolecaritas.be\/new\/wp-content\/uploads\/2023\/01\/IMG_20230128_184524-864x1536.jpg 864w, https:\/\/ecolecaritas.be\/new\/wp-content\/uploads\/2023\/01\/IMG_20230128_184524-1152x2048.jpg 1152w, https:\/\/ecolecaritas.be\/new\/wp-content\/uploads\/2023\/01\/IMG_20230128_184524-1320x2347.jpg 1320w, https:\/\/ecolecaritas.be\/new\/wp-content\/uploads\/2023\/01\/IMG_20230128_184524-scaled.jpg 1440w\" sizes=\"auto, (max-width: 338px) 100vw, 338px\" \/><\/figure>\n\n\n\n<figure class=\"wp-block-image size-large\"><img loading=\"lazy\" decoding=\"async\" width=\"338\" height=\"600\" src=\"https:\/\/ecolecaritas.be\/new\/wp-content\/uploads\/2023\/01\/IMG_20230128_181652-338x600.jpg\" alt=\"\" class=\"wp-image-157109\" srcset=\"https:\/\/ecolecaritas.be\/new\/wp-content\/uploads\/2023\/01\/IMG_20230128_181652-338x600.jpg 338w, https:\/\/ecolecaritas.be\/new\/wp-content\/uploads\/2023\/01\/IMG_20230128_181652-169x300.jpg 169w, https:\/\/ecolecaritas.be\/new\/wp-content\/uploads\/2023\/01\/IMG_20230128_181652-768x1365.jpg 768w, https:\/\/ecolecaritas.be\/new\/wp-content\/uploads\/2023\/01\/IMG_20230128_181652-600x1067.jpg 600w, https:\/\/ecolecaritas.be\/new\/wp-content\/uploads\/2023\/01\/IMG_20230128_181652-864x1536.jpg 864w, https:\/\/ecolecaritas.be\/new\/wp-content\/uploads\/2023\/01\/IMG_20230128_181652-1152x2048.jpg 1152w, https:\/\/ecolecaritas.be\/new\/wp-content\/uploads\/2023\/01\/IMG_20230128_181652-1320x2347.jpg 1320w, https:\/\/ecolecaritas.be\/new\/wp-content\/uploads\/2023\/01\/IMG_20230128_181652-scaled.jpg 1440w\" sizes=\"auto, (max-width: 338px) 100vw, 338px\" \/><\/figure>\n\n\n\n<figure class=\"wp-block-image size-large is-resized\"><img loading=\"lazy\" decoding=\"async\" src=\"https:\/\/ecolecaritas.be\/new\/wp-content\/uploads\/2023\/01\/IMG_20230128_181027-338x600.jpg\" alt=\"\" class=\"wp-image-157107\" width=\"338\" height=\"600\" srcset=\"https:\/\/ecolecaritas.be\/new\/wp-content\/uploads\/2023\/01\/IMG_20230128_181027-338x600.jpg 338w, https:\/\/ecolecaritas.be\/new\/wp-content\/uploads\/2023\/01\/IMG_20230128_181027-169x300.jpg 169w, https:\/\/ecolecaritas.be\/new\/wp-content\/uploads\/2023\/01\/IMG_20230128_181027-768x1365.jpg 768w, https:\/\/ecolecaritas.be\/new\/wp-content\/uploads\/2023\/01\/IMG_20230128_181027-600x1067.jpg 600w, https:\/\/ecolecaritas.be\/new\/wp-content\/uploads\/2023\/01\/IMG_20230128_181027-864x1536.jpg 864w, https:\/\/ecolecaritas.be\/new\/wp-content\/uploads\/2023\/01\/IMG_20230128_181027-1152x2048.jpg 1152w, https:\/\/ecolecaritas.be\/new\/wp-content\/uploads\/2023\/01\/IMG_20230128_181027-1320x2347.jpg 1320w, https:\/\/ecolecaritas.be\/new\/wp-content\/uploads\/2023\/01\/IMG_20230128_181027-scaled.jpg 1440w\" sizes=\"auto, (max-width: 338px) 100vw, 338px\" \/><\/figure>\n\n\n\n<figure class=\"wp-block-image size-large is-resized\"><img loading=\"lazy\" decoding=\"async\" src=\"https:\/\/ecolecaritas.be\/new\/wp-content\/uploads\/2023\/01\/IMG_20230128_183104-338x600.jpg\" alt=\"\" class=\"wp-image-157100\" width=\"373\" height=\"664\" srcset=\"https:\/\/ecolecaritas.be\/new\/wp-content\/uploads\/2023\/01\/IMG_20230128_183104-169x300.jpg 169w, https:\/\/ecolecaritas.be\/new\/wp-content\/uploads\/2023\/01\/IMG_20230128_183104-768x1365.jpg 768w, https:\/\/ecolecaritas.be\/new\/wp-content\/uploads\/2023\/01\/IMG_20230128_183104-600x1067.jpg 600w, https:\/\/ecolecaritas.be\/new\/wp-content\/uploads\/2023\/01\/IMG_20230128_183104-864x1536.jpg 864w, https:\/\/ecolecaritas.be\/new\/wp-content\/uploads\/2023\/01\/IMG_20230128_183104-1152x2048.jpg 1152w, https:\/\/ecolecaritas.be\/new\/wp-content\/uploads\/2023\/01\/IMG_20230128_183104-1320x2347.jpg 1320w, https:\/\/ecolecaritas.be\/new\/wp-content\/uploads\/2023\/01\/IMG_20230128_183104-scaled.jpg 1440w\" sizes=\"auto, (max-width: 373px) 100vw, 373px\" \/><\/figure>\n\n\n\n<figure class=\"wp-block-image size-large\"><img loading=\"lazy\" decoding=\"async\" width=\"600\" height=\"450\" src=\"https:\/\/ecolecaritas.be\/new\/wp-content\/uploads\/2023\/01\/IMG-20230128-WA0016-600x450.jpg\" alt=\"\" class=\"wp-image-157117\" srcset=\"https:\/\/ecolecaritas.be\/new\/wp-content\/uploads\/2023\/01\/IMG-20230128-WA0016-600x450.jpg 600w, https:\/\/ecolecaritas.be\/new\/wp-content\/uploads\/2023\/01\/IMG-20230128-WA0016-300x225.jpg 300w, https:\/\/ecolecaritas.be\/new\/wp-content\/uploads\/2023\/01\/IMG-20230128-WA0016-768x576.jpg 768w, https:\/\/ecolecaritas.be\/new\/wp-content\/uploads\/2023\/01\/IMG-20230128-WA0016-1536x1152.jpg 1536w, https:\/\/ecolecaritas.be\/new\/wp-content\/uploads\/2023\/01\/IMG-20230128-WA0016-678x509.jpg 678w, https:\/\/ecolecaritas.be\/new\/wp-content\/uploads\/2023\/01\/IMG-20230128-WA0016-326x245.jpg 326w, https:\/\/ecolecaritas.be\/new\/wp-content\/uploads\/2023\/01\/IMG-20230128-WA0016-80x60.jpg 80w, https:\/\/ecolecaritas.be\/new\/wp-content\/uploads\/2023\/01\/IMG-20230128-WA0016-1320x990.jpg 1320w, https:\/\/ecolecaritas.be\/new\/wp-content\/uploads\/2023\/01\/IMG-20230128-WA0016.jpg 2048w\" sizes=\"auto, (max-width: 600px) 100vw, 600px\" \/><\/figure>\n\n\n\n<figure class=\"wp-block-image size-large\"><img loading=\"lazy\" decoding=\"async\" width=\"450\" height=\"600\" src=\"https:\/\/ecolecaritas.be\/new\/wp-content\/uploads\/2023\/01\/IMG-20230128-WA0013-450x600.jpg\" alt=\"\" class=\"wp-image-157114\" srcset=\"https:\/\/ecolecaritas.be\/new\/wp-content\/uploads\/2023\/01\/IMG-20230128-WA0013-450x600.jpg 450w, https:\/\/ecolecaritas.be\/new\/wp-content\/uploads\/2023\/01\/IMG-20230128-WA0013-225x300.jpg 225w, https:\/\/ecolecaritas.be\/new\/wp-content\/uploads\/2023\/01\/IMG-20230128-WA0013-768x1024.jpg 768w, https:\/\/ecolecaritas.be\/new\/wp-content\/uploads\/2023\/01\/IMG-20230128-WA0013-600x800.jpg 600w, https:\/\/ecolecaritas.be\/new\/wp-content\/uploads\/2023\/01\/IMG-20230128-WA0013-1152x1536.jpg 1152w, https:\/\/ecolecaritas.be\/new\/wp-content\/uploads\/2023\/01\/IMG-20230128-WA0013-1320x1760.jpg 1320w, https:\/\/ecolecaritas.be\/new\/wp-content\/uploads\/2023\/01\/IMG-20230128-WA0013.jpg 1536w\" sizes=\"auto, (max-width: 450px) 100vw, 450px\" \/><\/figure>\n\n\n\n<figure class=\"wp-block-image size-large\"><img loading=\"lazy\" decoding=\"async\" width=\"450\" height=\"600\" src=\"https:\/\/ecolecaritas.be\/new\/wp-content\/uploads\/2023\/01\/IMG-20230128-WA0012-450x600.jpg\" alt=\"\" class=\"wp-image-157113\" srcset=\"https:\/\/ecolecaritas.be\/new\/wp-content\/uploads\/2023\/01\/IMG-20230128-WA0012-450x600.jpg 450w, https:\/\/ecolecaritas.be\/new\/wp-content\/uploads\/2023\/01\/IMG-20230128-WA0012-225x300.jpg 225w, https:\/\/ecolecaritas.be\/new\/wp-content\/uploads\/2023\/01\/IMG-20230128-WA0012-768x1024.jpg 768w, https:\/\/ecolecaritas.be\/new\/wp-content\/uploads\/2023\/01\/IMG-20230128-WA0012-600x800.jpg 600w, https:\/\/ecolecaritas.be\/new\/wp-content\/uploads\/2023\/01\/IMG-20230128-WA0012-1152x1536.jpg 1152w, https:\/\/ecolecaritas.be\/new\/wp-content\/uploads\/2023\/01\/IMG-20230128-WA0012-1320x1760.jpg 1320w, https:\/\/ecolecaritas.be\/new\/wp-content\/uploads\/2023\/01\/IMG-20230128-WA0012.jpg 1536w\" sizes=\"auto, (max-width: 450px) 100vw, 450px\" \/><\/figure>\n","protected":false},"excerpt":{"rendered":"<div class=\"mh-excerpt\"><p>Il s&rsquo;agit d&rsquo;une f\u00eate non confessionnelle. 1000 bougies dans l&rsquo;\u00e9glise, c&rsquo;est magique! On chante, on joue de la musique, on raconte des histoires autour de <a class=\"mh-excerpt-more\" href=\"https:\/\/ecolecaritas.be\/new\/la-fete-des-lumieres-a-leglise-de-tourinnes-ce-samedi-28-janvier\/\" title=\"La f\u00eate des lumi\u00e8res \u00e0 l&rsquo;\u00e9glise de Tourinnes, ce samedi 28 janvier !!&#x1f56f;&#xfe0f;&#x1f56f;&#xfe0f;&#x1f56f;&#xfe0f;&#x1f3b6;\">[&#8230;]<\/a><\/p>\n<\/div>","protected":false},"author":4,"featured_media":157116,"comment_status":"closed","ping_status":"closed","sticky":false,"template":"","format":"standard","meta":{"footnotes":""},"categories":[6],"tags":[],"class_list":["post-157103","post","type-post","status-publish","format-standard","has-post-thumbnail","hentry","category-general"],"_links":{"self":[{"href":"https:\/\/ecolecaritas.be\/new\/wp-json\/wp\/v2\/posts\/157103","targetHints":{"allow":["GET"]}}],"collection":[{"href":"https:\/\/ecolecaritas.be\/new\/wp-json\/wp\/v2\/posts"}],"about":[{"href":"https:\/\/ecolecaritas.be\/new\/wp-json\/wp\/v2\/types\/post"}],"author":[{"embeddable":true,"href":"https:\/\/ecolecaritas.be\/new\/wp-json\/wp\/v2\/users\/4"}],"replies":[{"embeddable":true,"href":"https:\/\/ecolecaritas.be\/new\/wp-json\/wp\/v2\/comments?post=157103"}],"version-history":[{"count":7,"href":"https:\/\/ecolecaritas.be\/new\/wp-json\/wp\/v2\/posts\/157103\/revisions"}],"predecessor-version":[{"id":157123,"href":"https:\/\/ecolecaritas.be\/new\/wp-json\/wp\/v2\/posts\/157103\/revisions\/157123"}],"wp:featuredmedia":[{"embeddable":true,"href":"https:\/\/ecolecaritas.be\/new\/wp-json\/wp\/v2\/media\/157116"}],"wp:attachment":[{"href":"https:\/\/ecolecaritas.be\/new\/wp-json\/wp\/v2\/media?parent=157103"}],"wp:term":[{"taxonomy":"category","embeddable":true,"href":"https:\/\/ecolecaritas.be\/new\/wp-json\/wp\/v2\/categories?post=157103"},{"taxonomy":"post_tag","embeddable":true,"href":"https:\/\/ecolecaritas.be\/new\/wp-json\/wp\/v2\/tags?post=157103"}],"curies":[{"name":"wp","href":"https:\/\/api.w.org\/{rel}","templated":true}]}}