{"id":157450,"date":"2023-02-17T22:21:39","date_gmt":"2023-02-17T21:21:39","guid":{"rendered":"https:\/\/ecolecaritas.be\/new\/?p=157450"},"modified":"2023-02-17T22:24:46","modified_gmt":"2023-02-17T21:24:46","slug":"on-travaille-sur-la-prehistoire-en-p3","status":"publish","type":"post","link":"https:\/\/ecolecaritas.be\/new\/on-travaille-sur-la-prehistoire-en-p3\/","title":{"rendered":"On travaille sur la pr\u00e9histoire en P3!&#x1f913;"},"content":{"rendered":"\n<p>Les P3 se d\u00e9pensent avant les vacances avec un escape game sur le th\u00e8me de la pr\u00e9histoire &#x1f575;&#x1f3fb; De quoi revoir ce qu\u2019ils avaient d\u00e9couvert les semaines pr\u00e9c\u00e9dentes &#x1f609;<\/p>\n\n\n\n<figure class=\"wp-block-image size-large is-resized\"><img loading=\"lazy\" decoding=\"async\" src=\"https:\/\/ecolecaritas.be\/new\/wp-content\/uploads\/2023\/02\/IMG-20230217-WA0009-450x600.jpg\" alt=\"\" class=\"wp-image-157441\" width=\"377\" height=\"502\" srcset=\"https:\/\/ecolecaritas.be\/new\/wp-content\/uploads\/2023\/02\/IMG-20230217-WA0009-450x600.jpg 450w, https:\/\/ecolecaritas.be\/new\/wp-content\/uploads\/2023\/02\/IMG-20230217-WA0009-225x300.jpg 225w, https:\/\/ecolecaritas.be\/new\/wp-content\/uploads\/2023\/02\/IMG-20230217-WA0009-768x1024.jpg 768w, https:\/\/ecolecaritas.be\/new\/wp-content\/uploads\/2023\/02\/IMG-20230217-WA0009-600x800.jpg 600w, https:\/\/ecolecaritas.be\/new\/wp-content\/uploads\/2023\/02\/IMG-20230217-WA0009-1152x1536.jpg 1152w, https:\/\/ecolecaritas.be\/new\/wp-content\/uploads\/2023\/02\/IMG-20230217-WA0009-1320x1760.jpg 1320w, https:\/\/ecolecaritas.be\/new\/wp-content\/uploads\/2023\/02\/IMG-20230217-WA0009.jpg 1536w\" sizes=\"auto, (max-width: 377px) 100vw, 377px\" \/><\/figure>\n\n\n\n<figure class=\"wp-block-image size-large is-resized\"><img loading=\"lazy\" decoding=\"async\" src=\"https:\/\/ecolecaritas.be\/new\/wp-content\/uploads\/2023\/02\/IMG-20230217-WA0010-450x600.jpg\" alt=\"\" class=\"wp-image-157442\" width=\"377\" height=\"502\" srcset=\"https:\/\/ecolecaritas.be\/new\/wp-content\/uploads\/2023\/02\/IMG-20230217-WA0010-450x600.jpg 450w, https:\/\/ecolecaritas.be\/new\/wp-content\/uploads\/2023\/02\/IMG-20230217-WA0010-225x300.jpg 225w, https:\/\/ecolecaritas.be\/new\/wp-content\/uploads\/2023\/02\/IMG-20230217-WA0010-768x1024.jpg 768w, https:\/\/ecolecaritas.be\/new\/wp-content\/uploads\/2023\/02\/IMG-20230217-WA0010-600x800.jpg 600w, https:\/\/ecolecaritas.be\/new\/wp-content\/uploads\/2023\/02\/IMG-20230217-WA0010-1152x1536.jpg 1152w, https:\/\/ecolecaritas.be\/new\/wp-content\/uploads\/2023\/02\/IMG-20230217-WA0010-1320x1760.jpg 1320w, https:\/\/ecolecaritas.be\/new\/wp-content\/uploads\/2023\/02\/IMG-20230217-WA0010.jpg 1536w\" sizes=\"auto, (max-width: 377px) 100vw, 377px\" \/><\/figure>\n\n\n\n<figure class=\"wp-block-image size-large is-resized\"><img loading=\"lazy\" decoding=\"async\" src=\"https:\/\/ecolecaritas.be\/new\/wp-content\/uploads\/2023\/02\/IMG-20230217-WA0008-450x600.jpg\" alt=\"\" class=\"wp-image-157443\" width=\"377\" height=\"502\" srcset=\"https:\/\/ecolecaritas.be\/new\/wp-content\/uploads\/2023\/02\/IMG-20230217-WA0008-450x600.jpg 450w, https:\/\/ecolecaritas.be\/new\/wp-content\/uploads\/2023\/02\/IMG-20230217-WA0008-225x300.jpg 225w, https:\/\/ecolecaritas.be\/new\/wp-content\/uploads\/2023\/02\/IMG-20230217-WA0008-768x1024.jpg 768w, https:\/\/ecolecaritas.be\/new\/wp-content\/uploads\/2023\/02\/IMG-20230217-WA0008-600x800.jpg 600w, https:\/\/ecolecaritas.be\/new\/wp-content\/uploads\/2023\/02\/IMG-20230217-WA0008-1152x1536.jpg 1152w, https:\/\/ecolecaritas.be\/new\/wp-content\/uploads\/2023\/02\/IMG-20230217-WA0008-1320x1760.jpg 1320w, https:\/\/ecolecaritas.be\/new\/wp-content\/uploads\/2023\/02\/IMG-20230217-WA0008.jpg 1536w\" sizes=\"auto, (max-width: 377px) 100vw, 377px\" \/><\/figure>\n\n\n\n<figure class=\"wp-block-image size-large\"><img loading=\"lazy\" decoding=\"async\" width=\"450\" height=\"600\" src=\"https:\/\/ecolecaritas.be\/new\/wp-content\/uploads\/2023\/02\/IMG-20230217-WA0006-450x600.jpg\" alt=\"\" class=\"wp-image-157444\" srcset=\"https:\/\/ecolecaritas.be\/new\/wp-content\/uploads\/2023\/02\/IMG-20230217-WA0006-450x600.jpg 450w, https:\/\/ecolecaritas.be\/new\/wp-content\/uploads\/2023\/02\/IMG-20230217-WA0006-225x300.jpg 225w, https:\/\/ecolecaritas.be\/new\/wp-content\/uploads\/2023\/02\/IMG-20230217-WA0006-768x1024.jpg 768w, https:\/\/ecolecaritas.be\/new\/wp-content\/uploads\/2023\/02\/IMG-20230217-WA0006-600x800.jpg 600w, https:\/\/ecolecaritas.be\/new\/wp-content\/uploads\/2023\/02\/IMG-20230217-WA0006-1152x1536.jpg 1152w, https:\/\/ecolecaritas.be\/new\/wp-content\/uploads\/2023\/02\/IMG-20230217-WA0006-1320x1760.jpg 1320w, https:\/\/ecolecaritas.be\/new\/wp-content\/uploads\/2023\/02\/IMG-20230217-WA0006.jpg 1536w\" sizes=\"auto, (max-width: 450px) 100vw, 450px\" \/><\/figure>\n\n\n\n<figure class=\"wp-block-image size-large\"><img loading=\"lazy\" decoding=\"async\" width=\"450\" height=\"600\" src=\"https:\/\/ecolecaritas.be\/new\/wp-content\/uploads\/2023\/02\/IMG-20230217-WA0007-450x600.jpg\" alt=\"\" class=\"wp-image-157445\" srcset=\"https:\/\/ecolecaritas.be\/new\/wp-content\/uploads\/2023\/02\/IMG-20230217-WA0007-450x600.jpg 450w, https:\/\/ecolecaritas.be\/new\/wp-content\/uploads\/2023\/02\/IMG-20230217-WA0007-225x300.jpg 225w, https:\/\/ecolecaritas.be\/new\/wp-content\/uploads\/2023\/02\/IMG-20230217-WA0007-768x1024.jpg 768w, https:\/\/ecolecaritas.be\/new\/wp-content\/uploads\/2023\/02\/IMG-20230217-WA0007-600x800.jpg 600w, https:\/\/ecolecaritas.be\/new\/wp-content\/uploads\/2023\/02\/IMG-20230217-WA0007-1152x1536.jpg 1152w, https:\/\/ecolecaritas.be\/new\/wp-content\/uploads\/2023\/02\/IMG-20230217-WA0007-1320x1760.jpg 1320w, https:\/\/ecolecaritas.be\/new\/wp-content\/uploads\/2023\/02\/IMG-20230217-WA0007.jpg 1536w\" sizes=\"auto, (max-width: 450px) 100vw, 450px\" \/><\/figure>\n\n\n\n<figure class=\"wp-block-image size-large\"><img loading=\"lazy\" decoding=\"async\" width=\"450\" height=\"600\" src=\"https:\/\/ecolecaritas.be\/new\/wp-content\/uploads\/2023\/02\/IMG-20230217-WA0005-450x600.jpg\" alt=\"\" class=\"wp-image-157446\" srcset=\"https:\/\/ecolecaritas.be\/new\/wp-content\/uploads\/2023\/02\/IMG-20230217-WA0005-450x600.jpg 450w, https:\/\/ecolecaritas.be\/new\/wp-content\/uploads\/2023\/02\/IMG-20230217-WA0005-225x300.jpg 225w, https:\/\/ecolecaritas.be\/new\/wp-content\/uploads\/2023\/02\/IMG-20230217-WA0005-768x1024.jpg 768w, https:\/\/ecolecaritas.be\/new\/wp-content\/uploads\/2023\/02\/IMG-20230217-WA0005-600x800.jpg 600w, https:\/\/ecolecaritas.be\/new\/wp-content\/uploads\/2023\/02\/IMG-20230217-WA0005-1152x1536.jpg 1152w, https:\/\/ecolecaritas.be\/new\/wp-content\/uploads\/2023\/02\/IMG-20230217-WA0005-1320x1760.jpg 1320w, https:\/\/ecolecaritas.be\/new\/wp-content\/uploads\/2023\/02\/IMG-20230217-WA0005.jpg 1536w\" sizes=\"auto, (max-width: 450px) 100vw, 450px\" \/><\/figure>\n\n\n\n<figure class=\"wp-block-image size-large\"><img loading=\"lazy\" decoding=\"async\" width=\"600\" height=\"450\" src=\"https:\/\/ecolecaritas.be\/new\/wp-content\/uploads\/2023\/02\/IMG-20230217-WA0004-600x450.jpg\" alt=\"\" class=\"wp-image-157447\" srcset=\"https:\/\/ecolecaritas.be\/new\/wp-content\/uploads\/2023\/02\/IMG-20230217-WA0004-600x450.jpg 600w, https:\/\/ecolecaritas.be\/new\/wp-content\/uploads\/2023\/02\/IMG-20230217-WA0004-300x225.jpg 300w, https:\/\/ecolecaritas.be\/new\/wp-content\/uploads\/2023\/02\/IMG-20230217-WA0004-768x576.jpg 768w, https:\/\/ecolecaritas.be\/new\/wp-content\/uploads\/2023\/02\/IMG-20230217-WA0004-1536x1152.jpg 1536w, https:\/\/ecolecaritas.be\/new\/wp-content\/uploads\/2023\/02\/IMG-20230217-WA0004-678x509.jpg 678w, https:\/\/ecolecaritas.be\/new\/wp-content\/uploads\/2023\/02\/IMG-20230217-WA0004-326x245.jpg 326w, https:\/\/ecolecaritas.be\/new\/wp-content\/uploads\/2023\/02\/IMG-20230217-WA0004-80x60.jpg 80w, https:\/\/ecolecaritas.be\/new\/wp-content\/uploads\/2023\/02\/IMG-20230217-WA0004-1320x990.jpg 1320w, https:\/\/ecolecaritas.be\/new\/wp-content\/uploads\/2023\/02\/IMG-20230217-WA0004.jpg 2048w\" sizes=\"auto, (max-width: 600px) 100vw, 600px\" \/><\/figure>\n","protected":false},"excerpt":{"rendered":"<div class=\"mh-excerpt\"><p>Les P3 se d\u00e9pensent avant les vacances avec un escape game sur le th\u00e8me de la pr\u00e9histoire &#x1f575;&#x1f3fb; De quoi revoir ce qu\u2019ils avaient d\u00e9couvert <a class=\"mh-excerpt-more\" href=\"https:\/\/ecolecaritas.be\/new\/on-travaille-sur-la-prehistoire-en-p3\/\" title=\"On travaille sur la pr\u00e9histoire en P3!&#x1f913;\">[&#8230;]<\/a><\/p>\n<\/div>","protected":false},"author":4,"featured_media":157452,"comment_status":"closed","ping_status":"closed","sticky":false,"template":"","format":"standard","meta":{"footnotes":""},"categories":[9],"tags":[],"class_list":["post-157450","post","type-post","status-publish","format-standard","has-post-thumbnail","hentry","category-p34"],"_links":{"self":[{"href":"https:\/\/ecolecaritas.be\/new\/wp-json\/wp\/v2\/posts\/157450","targetHints":{"allow":["GET"]}}],"collection":[{"href":"https:\/\/ecolecaritas.be\/new\/wp-json\/wp\/v2\/posts"}],"about":[{"href":"https:\/\/ecolecaritas.be\/new\/wp-json\/wp\/v2\/types\/post"}],"author":[{"embeddable":true,"href":"https:\/\/ecolecaritas.be\/new\/wp-json\/wp\/v2\/users\/4"}],"replies":[{"embeddable":true,"href":"https:\/\/ecolecaritas.be\/new\/wp-json\/wp\/v2\/comments?post=157450"}],"version-history":[{"count":3,"href":"https:\/\/ecolecaritas.be\/new\/wp-json\/wp\/v2\/posts\/157450\/revisions"}],"predecessor-version":[{"id":157461,"href":"https:\/\/ecolecaritas.be\/new\/wp-json\/wp\/v2\/posts\/157450\/revisions\/157461"}],"wp:featuredmedia":[{"embeddable":true,"href":"https:\/\/ecolecaritas.be\/new\/wp-json\/wp\/v2\/media\/157452"}],"wp:attachment":[{"href":"https:\/\/ecolecaritas.be\/new\/wp-json\/wp\/v2\/media?parent=157450"}],"wp:term":[{"taxonomy":"category","embeddable":true,"href":"https:\/\/ecolecaritas.be\/new\/wp-json\/wp\/v2\/categories?post=157450"},{"taxonomy":"post_tag","embeddable":true,"href":"https:\/\/ecolecaritas.be\/new\/wp-json\/wp\/v2\/tags?post=157450"}],"curies":[{"name":"wp","href":"https:\/\/api.w.org\/{rel}","templated":true}]}}