{"id":157631,"date":"2023-03-25T16:22:21","date_gmt":"2023-03-25T15:22:21","guid":{"rendered":"https:\/\/ecolecaritas.be\/new\/?p=157631"},"modified":"2023-03-25T16:22:21","modified_gmt":"2023-03-25T15:22:21","slug":"ces-23-et-24-mars-journees-de-sensibilisation-a-lenvironnement-et-a-la-biodiversite-pour-les-eleves-de-lecole-caritas","status":"publish","type":"post","link":"https:\/\/ecolecaritas.be\/new\/ces-23-et-24-mars-journees-de-sensibilisation-a-lenvironnement-et-a-la-biodiversite-pour-les-eleves-de-lecole-caritas\/","title":{"rendered":"Ces 23 et 24 mars : journ\u00e9es de sensibilisation \u00e0 l&rsquo;environnement et \u00e0 la biodiversit\u00e9 pour les \u00e9l\u00e8ves de l&rsquo;\u00e9cole Caritas!&#x1f917;"},"content":{"rendered":"\n<p>Tous les \u00e9l\u00e8ves des classes maternelles et primaires ont pu se rem\u00e9morer et pratiquer le tri des d\u00e9chets en participant activement \u00e0 l&rsquo;op\u00e9ration de propret\u00e9 \u00ab\u00a0Be Wapp\u00a0\u00bb. Ils ont parcouru, par cycles, diff\u00e9rents quartiers aux alentours de l&rsquo;\u00e9cole. Ils ont rempli 3 sacs poubelles PMC et 2 autres avec des d\u00e9chets divers. Les P5-P6 ont constat\u00e9 que les lotissements \u00e9taient relativement propres et que les d\u00e9chets jonchant le sol \u00e9taient, en majorit\u00e9, des canettes et m\u00e9gots de cigarettes. Mesdames et Messieurs les fumeurs, savez-vous qu&rsquo;un m\u00e9got pollue 500 litres d&rsquo;eau \u00e0 lui tout seul \u2026?! Merci donc d&rsquo;utiliser les cendriers ou, encore mieux, d&rsquo;arr\u00eater de fumer &#x1f609;&#x1f44d; !<br>Apr\u00e8s cette action, ils ont pu assister \u00e0 leur animation annuelle \u00ab\u00a0Plan\u00e8te M\u00f4mes\u00a0\u00bb sur la biodiversit\u00e9. Comme \u00e0 chaque fois, celle-ci fut pertinente, interactive, tr\u00e8s int\u00e9ressante et riche d&rsquo;enseignements sur le sujet !<\/p>\n\n\n\n<figure class=\"wp-block-image size-large is-resized\"><img loading=\"lazy\" decoding=\"async\" src=\"https:\/\/ecolecaritas.be\/new\/wp-content\/uploads\/2023\/03\/IMG_20230324_135801-600x270.jpg\" alt=\"\" class=\"wp-image-157637\" width=\"385\" height=\"173\" srcset=\"https:\/\/ecolecaritas.be\/new\/wp-content\/uploads\/2023\/03\/IMG_20230324_135801-600x270.jpg 600w, https:\/\/ecolecaritas.be\/new\/wp-content\/uploads\/2023\/03\/IMG_20230324_135801-300x135.jpg 300w, https:\/\/ecolecaritas.be\/new\/wp-content\/uploads\/2023\/03\/IMG_20230324_135801-768x346.jpg 768w, https:\/\/ecolecaritas.be\/new\/wp-content\/uploads\/2023\/03\/IMG_20230324_135801-1536x691.jpg 1536w, https:\/\/ecolecaritas.be\/new\/wp-content\/uploads\/2023\/03\/IMG_20230324_135801-1320x594.jpg 1320w, https:\/\/ecolecaritas.be\/new\/wp-content\/uploads\/2023\/03\/IMG_20230324_135801.jpg 2000w\" sizes=\"auto, (max-width: 385px) 100vw, 385px\" \/><\/figure>\n\n\n\n<figure class=\"wp-block-image size-large\"><img loading=\"lazy\" decoding=\"async\" width=\"600\" height=\"450\" src=\"https:\/\/ecolecaritas.be\/new\/wp-content\/uploads\/2023\/03\/IMG_20230324_135543-600x450.jpg\" alt=\"\" class=\"wp-image-157638\" srcset=\"https:\/\/ecolecaritas.be\/new\/wp-content\/uploads\/2023\/03\/IMG_20230324_135543-600x450.jpg 600w, https:\/\/ecolecaritas.be\/new\/wp-content\/uploads\/2023\/03\/IMG_20230324_135543-300x225.jpg 300w, https:\/\/ecolecaritas.be\/new\/wp-content\/uploads\/2023\/03\/IMG_20230324_135543-768x576.jpg 768w, https:\/\/ecolecaritas.be\/new\/wp-content\/uploads\/2023\/03\/IMG_20230324_135543-678x509.jpg 678w, https:\/\/ecolecaritas.be\/new\/wp-content\/uploads\/2023\/03\/IMG_20230324_135543-326x245.jpg 326w, https:\/\/ecolecaritas.be\/new\/wp-content\/uploads\/2023\/03\/IMG_20230324_135543-80x60.jpg 80w, https:\/\/ecolecaritas.be\/new\/wp-content\/uploads\/2023\/03\/IMG_20230324_135543.jpg 1024w\" sizes=\"auto, (max-width: 600px) 100vw, 600px\" \/><\/figure>\n\n\n\n<figure class=\"wp-block-image size-large\"><img loading=\"lazy\" decoding=\"async\" width=\"600\" height=\"450\" src=\"https:\/\/ecolecaritas.be\/new\/wp-content\/uploads\/2023\/03\/IMG_20230324_135404-600x450.jpg\" alt=\"\" class=\"wp-image-157639\" srcset=\"https:\/\/ecolecaritas.be\/new\/wp-content\/uploads\/2023\/03\/IMG_20230324_135404-600x450.jpg 600w, https:\/\/ecolecaritas.be\/new\/wp-content\/uploads\/2023\/03\/IMG_20230324_135404-300x225.jpg 300w, https:\/\/ecolecaritas.be\/new\/wp-content\/uploads\/2023\/03\/IMG_20230324_135404-768x576.jpg 768w, https:\/\/ecolecaritas.be\/new\/wp-content\/uploads\/2023\/03\/IMG_20230324_135404-678x509.jpg 678w, https:\/\/ecolecaritas.be\/new\/wp-content\/uploads\/2023\/03\/IMG_20230324_135404-326x245.jpg 326w, https:\/\/ecolecaritas.be\/new\/wp-content\/uploads\/2023\/03\/IMG_20230324_135404-80x60.jpg 80w, https:\/\/ecolecaritas.be\/new\/wp-content\/uploads\/2023\/03\/IMG_20230324_135404.jpg 1024w\" sizes=\"auto, (max-width: 600px) 100vw, 600px\" \/><\/figure>\n\n\n\n<figure class=\"wp-block-image size-large\"><img loading=\"lazy\" decoding=\"async\" width=\"600\" height=\"402\" src=\"https:\/\/ecolecaritas.be\/new\/wp-content\/uploads\/2023\/03\/IMG-20230323-WA0013-600x402.jpg\" alt=\"\" class=\"wp-image-157621\" srcset=\"https:\/\/ecolecaritas.be\/new\/wp-content\/uploads\/2023\/03\/IMG-20230323-WA0013-600x402.jpg 600w, https:\/\/ecolecaritas.be\/new\/wp-content\/uploads\/2023\/03\/IMG-20230323-WA0013-300x201.jpg 300w, https:\/\/ecolecaritas.be\/new\/wp-content\/uploads\/2023\/03\/IMG-20230323-WA0013-768x515.jpg 768w, https:\/\/ecolecaritas.be\/new\/wp-content\/uploads\/2023\/03\/IMG-20230323-WA0013.jpg 1024w\" sizes=\"auto, (max-width: 600px) 100vw, 600px\" \/><\/figure>\n\n\n\n<figure class=\"wp-block-image size-large\"><img loading=\"lazy\" decoding=\"async\" width=\"600\" height=\"450\" src=\"https:\/\/ecolecaritas.be\/new\/wp-content\/uploads\/2023\/03\/IMG-20230324-WA0007-600x450.jpg\" alt=\"\" class=\"wp-image-157675\" srcset=\"https:\/\/ecolecaritas.be\/new\/wp-content\/uploads\/2023\/03\/IMG-20230324-WA0007-600x450.jpg 600w, https:\/\/ecolecaritas.be\/new\/wp-content\/uploads\/2023\/03\/IMG-20230324-WA0007-300x225.jpg 300w, https:\/\/ecolecaritas.be\/new\/wp-content\/uploads\/2023\/03\/IMG-20230324-WA0007-768x576.jpg 768w, https:\/\/ecolecaritas.be\/new\/wp-content\/uploads\/2023\/03\/IMG-20230324-WA0007-1536x1152.jpg 1536w, https:\/\/ecolecaritas.be\/new\/wp-content\/uploads\/2023\/03\/IMG-20230324-WA0007-678x509.jpg 678w, https:\/\/ecolecaritas.be\/new\/wp-content\/uploads\/2023\/03\/IMG-20230324-WA0007-326x245.jpg 326w, https:\/\/ecolecaritas.be\/new\/wp-content\/uploads\/2023\/03\/IMG-20230324-WA0007-80x60.jpg 80w, https:\/\/ecolecaritas.be\/new\/wp-content\/uploads\/2023\/03\/IMG-20230324-WA0007-1320x990.jpg 1320w, https:\/\/ecolecaritas.be\/new\/wp-content\/uploads\/2023\/03\/IMG-20230324-WA0007.jpg 2048w\" sizes=\"auto, (max-width: 600px) 100vw, 600px\" \/><\/figure>\n\n\n\n<figure class=\"wp-block-image size-large\"><img loading=\"lazy\" decoding=\"async\" width=\"450\" height=\"600\" src=\"https:\/\/ecolecaritas.be\/new\/wp-content\/uploads\/2023\/03\/IMG-20230324-WA0008-450x600.jpg\" alt=\"\" class=\"wp-image-157674\" srcset=\"https:\/\/ecolecaritas.be\/new\/wp-content\/uploads\/2023\/03\/IMG-20230324-WA0008-450x600.jpg 450w, https:\/\/ecolecaritas.be\/new\/wp-content\/uploads\/2023\/03\/IMG-20230324-WA0008-225x300.jpg 225w, https:\/\/ecolecaritas.be\/new\/wp-content\/uploads\/2023\/03\/IMG-20230324-WA0008-768x1024.jpg 768w, https:\/\/ecolecaritas.be\/new\/wp-content\/uploads\/2023\/03\/IMG-20230324-WA0008-600x800.jpg 600w, https:\/\/ecolecaritas.be\/new\/wp-content\/uploads\/2023\/03\/IMG-20230324-WA0008-1152x1536.jpg 1152w, https:\/\/ecolecaritas.be\/new\/wp-content\/uploads\/2023\/03\/IMG-20230324-WA0008-1320x1760.jpg 1320w, https:\/\/ecolecaritas.be\/new\/wp-content\/uploads\/2023\/03\/IMG-20230324-WA0008.jpg 1536w\" sizes=\"auto, (max-width: 450px) 100vw, 450px\" \/><\/figure>\n\n\n\n<figure class=\"wp-block-image size-large is-resized\"><img loading=\"lazy\" decoding=\"async\" src=\"https:\/\/ecolecaritas.be\/new\/wp-content\/uploads\/2023\/03\/IMG-20230324-WA0009-600x450.jpg\" alt=\"\" class=\"wp-image-157673\" width=\"373\" height=\"279\" srcset=\"https:\/\/ecolecaritas.be\/new\/wp-content\/uploads\/2023\/03\/IMG-20230324-WA0009-600x450.jpg 600w, https:\/\/ecolecaritas.be\/new\/wp-content\/uploads\/2023\/03\/IMG-20230324-WA0009-300x225.jpg 300w, https:\/\/ecolecaritas.be\/new\/wp-content\/uploads\/2023\/03\/IMG-20230324-WA0009-768x576.jpg 768w, https:\/\/ecolecaritas.be\/new\/wp-content\/uploads\/2023\/03\/IMG-20230324-WA0009-1536x1152.jpg 1536w, https:\/\/ecolecaritas.be\/new\/wp-content\/uploads\/2023\/03\/IMG-20230324-WA0009-678x509.jpg 678w, https:\/\/ecolecaritas.be\/new\/wp-content\/uploads\/2023\/03\/IMG-20230324-WA0009-326x245.jpg 326w, https:\/\/ecolecaritas.be\/new\/wp-content\/uploads\/2023\/03\/IMG-20230324-WA0009-80x60.jpg 80w, https:\/\/ecolecaritas.be\/new\/wp-content\/uploads\/2023\/03\/IMG-20230324-WA0009-1320x990.jpg 1320w, https:\/\/ecolecaritas.be\/new\/wp-content\/uploads\/2023\/03\/IMG-20230324-WA0009.jpg 2048w\" sizes=\"auto, (max-width: 373px) 100vw, 373px\" \/><\/figure>\n\n\n\n<figure class=\"wp-block-image size-large\"><img loading=\"lazy\" decoding=\"async\" width=\"450\" height=\"600\" src=\"https:\/\/ecolecaritas.be\/new\/wp-content\/uploads\/2023\/03\/IMG-20230324-WA0010-450x600.jpg\" alt=\"\" class=\"wp-image-157671\" srcset=\"https:\/\/ecolecaritas.be\/new\/wp-content\/uploads\/2023\/03\/IMG-20230324-WA0010-450x600.jpg 450w, https:\/\/ecolecaritas.be\/new\/wp-content\/uploads\/2023\/03\/IMG-20230324-WA0010-225x300.jpg 225w, https:\/\/ecolecaritas.be\/new\/wp-content\/uploads\/2023\/03\/IMG-20230324-WA0010-768x1024.jpg 768w, https:\/\/ecolecaritas.be\/new\/wp-content\/uploads\/2023\/03\/IMG-20230324-WA0010-600x800.jpg 600w, https:\/\/ecolecaritas.be\/new\/wp-content\/uploads\/2023\/03\/IMG-20230324-WA0010-1152x1536.jpg 1152w, https:\/\/ecolecaritas.be\/new\/wp-content\/uploads\/2023\/03\/IMG-20230324-WA0010-1320x1760.jpg 1320w, https:\/\/ecolecaritas.be\/new\/wp-content\/uploads\/2023\/03\/IMG-20230324-WA0010.jpg 1536w\" sizes=\"auto, (max-width: 450px) 100vw, 450px\" \/><\/figure>\n\n\n\n<figure class=\"wp-block-image size-large\"><img loading=\"lazy\" decoding=\"async\" width=\"450\" height=\"600\" src=\"https:\/\/ecolecaritas.be\/new\/wp-content\/uploads\/2023\/03\/IMG-20230324-WA0016-450x600.jpg\" alt=\"\" class=\"wp-image-157668\" srcset=\"https:\/\/ecolecaritas.be\/new\/wp-content\/uploads\/2023\/03\/IMG-20230324-WA0016-450x600.jpg 450w, https:\/\/ecolecaritas.be\/new\/wp-content\/uploads\/2023\/03\/IMG-20230324-WA0016-225x300.jpg 225w, https:\/\/ecolecaritas.be\/new\/wp-content\/uploads\/2023\/03\/IMG-20230324-WA0016-768x1024.jpg 768w, https:\/\/ecolecaritas.be\/new\/wp-content\/uploads\/2023\/03\/IMG-20230324-WA0016-600x800.jpg 600w, https:\/\/ecolecaritas.be\/new\/wp-content\/uploads\/2023\/03\/IMG-20230324-WA0016-1152x1536.jpg 1152w, https:\/\/ecolecaritas.be\/new\/wp-content\/uploads\/2023\/03\/IMG-20230324-WA0016-1320x1760.jpg 1320w, https:\/\/ecolecaritas.be\/new\/wp-content\/uploads\/2023\/03\/IMG-20230324-WA0016.jpg 1500w\" sizes=\"auto, (max-width: 450px) 100vw, 450px\" \/><\/figure>\n\n\n\n<figure class=\"wp-block-image size-large is-resized\"><img loading=\"lazy\" decoding=\"async\" src=\"https:\/\/ecolecaritas.be\/new\/wp-content\/uploads\/2023\/03\/IMG-20230324-WA0015-450x600.jpg\" alt=\"\" class=\"wp-image-157667\" width=\"376\" height=\"500\" srcset=\"https:\/\/ecolecaritas.be\/new\/wp-content\/uploads\/2023\/03\/IMG-20230324-WA0015-450x600.jpg 450w, https:\/\/ecolecaritas.be\/new\/wp-content\/uploads\/2023\/03\/IMG-20230324-WA0015-225x300.jpg 225w, https:\/\/ecolecaritas.be\/new\/wp-content\/uploads\/2023\/03\/IMG-20230324-WA0015-768x1024.jpg 768w, https:\/\/ecolecaritas.be\/new\/wp-content\/uploads\/2023\/03\/IMG-20230324-WA0015-600x800.jpg 600w, https:\/\/ecolecaritas.be\/new\/wp-content\/uploads\/2023\/03\/IMG-20230324-WA0015-1152x1536.jpg 1152w, https:\/\/ecolecaritas.be\/new\/wp-content\/uploads\/2023\/03\/IMG-20230324-WA0015-1320x1760.jpg 1320w, https:\/\/ecolecaritas.be\/new\/wp-content\/uploads\/2023\/03\/IMG-20230324-WA0015.jpg 1500w\" sizes=\"auto, (max-width: 376px) 100vw, 376px\" \/><\/figure>\n\n\n\n<figure class=\"wp-block-image size-large\"><img loading=\"lazy\" decoding=\"async\" width=\"600\" height=\"450\" src=\"https:\/\/ecolecaritas.be\/new\/wp-content\/uploads\/2023\/03\/IMG-20230324-WA0018-600x450.jpg\" alt=\"\" class=\"wp-image-157666\" srcset=\"https:\/\/ecolecaritas.be\/new\/wp-content\/uploads\/2023\/03\/IMG-20230324-WA0018-600x450.jpg 600w, https:\/\/ecolecaritas.be\/new\/wp-content\/uploads\/2023\/03\/IMG-20230324-WA0018-300x225.jpg 300w, https:\/\/ecolecaritas.be\/new\/wp-content\/uploads\/2023\/03\/IMG-20230324-WA0018-768x576.jpg 768w, https:\/\/ecolecaritas.be\/new\/wp-content\/uploads\/2023\/03\/IMG-20230324-WA0018-1536x1152.jpg 1536w, https:\/\/ecolecaritas.be\/new\/wp-content\/uploads\/2023\/03\/IMG-20230324-WA0018-678x509.jpg 678w, https:\/\/ecolecaritas.be\/new\/wp-content\/uploads\/2023\/03\/IMG-20230324-WA0018-326x245.jpg 326w, https:\/\/ecolecaritas.be\/new\/wp-content\/uploads\/2023\/03\/IMG-20230324-WA0018-80x60.jpg 80w, https:\/\/ecolecaritas.be\/new\/wp-content\/uploads\/2023\/03\/IMG-20230324-WA0018-1320x990.jpg 1320w, https:\/\/ecolecaritas.be\/new\/wp-content\/uploads\/2023\/03\/IMG-20230324-WA0018.jpg 2000w\" sizes=\"auto, (max-width: 600px) 100vw, 600px\" \/><\/figure>\n\n\n\n<p><\/p>\n\n\n\n<figure class=\"wp-block-image size-large\"><img loading=\"lazy\" decoding=\"async\" width=\"450\" height=\"600\" src=\"https:\/\/ecolecaritas.be\/new\/wp-content\/uploads\/2023\/03\/IMG-20230324-WA0017-450x600.jpg\" alt=\"\" class=\"wp-image-157665\" srcset=\"https:\/\/ecolecaritas.be\/new\/wp-content\/uploads\/2023\/03\/IMG-20230324-WA0017-450x600.jpg 450w, https:\/\/ecolecaritas.be\/new\/wp-content\/uploads\/2023\/03\/IMG-20230324-WA0017-225x300.jpg 225w, https:\/\/ecolecaritas.be\/new\/wp-content\/uploads\/2023\/03\/IMG-20230324-WA0017-768x1024.jpg 768w, https:\/\/ecolecaritas.be\/new\/wp-content\/uploads\/2023\/03\/IMG-20230324-WA0017-600x800.jpg 600w, https:\/\/ecolecaritas.be\/new\/wp-content\/uploads\/2023\/03\/IMG-20230324-WA0017-1152x1536.jpg 1152w, https:\/\/ecolecaritas.be\/new\/wp-content\/uploads\/2023\/03\/IMG-20230324-WA0017-1320x1760.jpg 1320w, https:\/\/ecolecaritas.be\/new\/wp-content\/uploads\/2023\/03\/IMG-20230324-WA0017.jpg 1500w\" sizes=\"auto, (max-width: 450px) 100vw, 450px\" \/><\/figure>\n\n\n\n<figure class=\"wp-block-image size-large\"><img loading=\"lazy\" decoding=\"async\" width=\"600\" height=\"450\" src=\"https:\/\/ecolecaritas.be\/new\/wp-content\/uploads\/2023\/03\/IMG-20230324-WA0020-600x450.jpg\" alt=\"\" class=\"wp-image-157664\" srcset=\"https:\/\/ecolecaritas.be\/new\/wp-content\/uploads\/2023\/03\/IMG-20230324-WA0020-600x450.jpg 600w, https:\/\/ecolecaritas.be\/new\/wp-content\/uploads\/2023\/03\/IMG-20230324-WA0020-300x225.jpg 300w, https:\/\/ecolecaritas.be\/new\/wp-content\/uploads\/2023\/03\/IMG-20230324-WA0020-768x576.jpg 768w, https:\/\/ecolecaritas.be\/new\/wp-content\/uploads\/2023\/03\/IMG-20230324-WA0020-1536x1152.jpg 1536w, https:\/\/ecolecaritas.be\/new\/wp-content\/uploads\/2023\/03\/IMG-20230324-WA0020-678x509.jpg 678w, https:\/\/ecolecaritas.be\/new\/wp-content\/uploads\/2023\/03\/IMG-20230324-WA0020-326x245.jpg 326w, https:\/\/ecolecaritas.be\/new\/wp-content\/uploads\/2023\/03\/IMG-20230324-WA0020-80x60.jpg 80w, https:\/\/ecolecaritas.be\/new\/wp-content\/uploads\/2023\/03\/IMG-20230324-WA0020-1320x990.jpg 1320w, https:\/\/ecolecaritas.be\/new\/wp-content\/uploads\/2023\/03\/IMG-20230324-WA0020.jpg 2000w\" sizes=\"auto, (max-width: 600px) 100vw, 600px\" \/><\/figure>\n\n\n\n<figure class=\"wp-block-image size-large\"><img loading=\"lazy\" decoding=\"async\" width=\"600\" height=\"450\" src=\"https:\/\/ecolecaritas.be\/new\/wp-content\/uploads\/2023\/03\/IMG-20230324-WA0019-600x450.jpg\" alt=\"\" class=\"wp-image-157663\" srcset=\"https:\/\/ecolecaritas.be\/new\/wp-content\/uploads\/2023\/03\/IMG-20230324-WA0019-600x450.jpg 600w, https:\/\/ecolecaritas.be\/new\/wp-content\/uploads\/2023\/03\/IMG-20230324-WA0019-300x225.jpg 300w, https:\/\/ecolecaritas.be\/new\/wp-content\/uploads\/2023\/03\/IMG-20230324-WA0019-768x576.jpg 768w, https:\/\/ecolecaritas.be\/new\/wp-content\/uploads\/2023\/03\/IMG-20230324-WA0019-1536x1152.jpg 1536w, https:\/\/ecolecaritas.be\/new\/wp-content\/uploads\/2023\/03\/IMG-20230324-WA0019-678x509.jpg 678w, https:\/\/ecolecaritas.be\/new\/wp-content\/uploads\/2023\/03\/IMG-20230324-WA0019-326x245.jpg 326w, https:\/\/ecolecaritas.be\/new\/wp-content\/uploads\/2023\/03\/IMG-20230324-WA0019-80x60.jpg 80w, https:\/\/ecolecaritas.be\/new\/wp-content\/uploads\/2023\/03\/IMG-20230324-WA0019-1320x990.jpg 1320w, https:\/\/ecolecaritas.be\/new\/wp-content\/uploads\/2023\/03\/IMG-20230324-WA0019.jpg 2000w\" sizes=\"auto, (max-width: 600px) 100vw, 600px\" \/><\/figure>\n\n\n\n<figure class=\"wp-block-image size-large\"><img loading=\"lazy\" decoding=\"async\" width=\"600\" height=\"450\" src=\"https:\/\/ecolecaritas.be\/new\/wp-content\/uploads\/2023\/03\/IMG-20230324-WA0034-1-600x450.jpg\" alt=\"\" class=\"wp-image-157693\" srcset=\"https:\/\/ecolecaritas.be\/new\/wp-content\/uploads\/2023\/03\/IMG-20230324-WA0034-1-600x450.jpg 600w, https:\/\/ecolecaritas.be\/new\/wp-content\/uploads\/2023\/03\/IMG-20230324-WA0034-1-300x225.jpg 300w, https:\/\/ecolecaritas.be\/new\/wp-content\/uploads\/2023\/03\/IMG-20230324-WA0034-1-768x576.jpg 768w, https:\/\/ecolecaritas.be\/new\/wp-content\/uploads\/2023\/03\/IMG-20230324-WA0034-1-678x509.jpg 678w, https:\/\/ecolecaritas.be\/new\/wp-content\/uploads\/2023\/03\/IMG-20230324-WA0034-1-326x245.jpg 326w, https:\/\/ecolecaritas.be\/new\/wp-content\/uploads\/2023\/03\/IMG-20230324-WA0034-1-80x60.jpg 80w, https:\/\/ecolecaritas.be\/new\/wp-content\/uploads\/2023\/03\/IMG-20230324-WA0034-1.jpg 1024w\" sizes=\"auto, (max-width: 600px) 100vw, 600px\" \/><\/figure>\n\n\n\n<figure class=\"wp-block-image size-large\"><img loading=\"lazy\" decoding=\"async\" width=\"450\" height=\"600\" src=\"https:\/\/ecolecaritas.be\/new\/wp-content\/uploads\/2023\/03\/IMG-20230324-WA0036-1-450x600.jpg\" alt=\"\" class=\"wp-image-157692\" srcset=\"https:\/\/ecolecaritas.be\/new\/wp-content\/uploads\/2023\/03\/IMG-20230324-WA0036-1-450x600.jpg 450w, https:\/\/ecolecaritas.be\/new\/wp-content\/uploads\/2023\/03\/IMG-20230324-WA0036-1-225x300.jpg 225w, https:\/\/ecolecaritas.be\/new\/wp-content\/uploads\/2023\/03\/IMG-20230324-WA0036-1-600x800.jpg 600w, https:\/\/ecolecaritas.be\/new\/wp-content\/uploads\/2023\/03\/IMG-20230324-WA0036-1.jpg 768w\" sizes=\"auto, (max-width: 450px) 100vw, 450px\" \/><\/figure>\n\n\n\n<figure class=\"wp-block-image size-large\"><img loading=\"lazy\" decoding=\"async\" width=\"450\" height=\"600\" src=\"https:\/\/ecolecaritas.be\/new\/wp-content\/uploads\/2023\/03\/IMG-20230324-WA0038-1-450x600.jpg\" alt=\"\" class=\"wp-image-157689\" srcset=\"https:\/\/ecolecaritas.be\/new\/wp-content\/uploads\/2023\/03\/IMG-20230324-WA0038-1-450x600.jpg 450w, https:\/\/ecolecaritas.be\/new\/wp-content\/uploads\/2023\/03\/IMG-20230324-WA0038-1-225x300.jpg 225w, https:\/\/ecolecaritas.be\/new\/wp-content\/uploads\/2023\/03\/IMG-20230324-WA0038-1-600x800.jpg 600w, https:\/\/ecolecaritas.be\/new\/wp-content\/uploads\/2023\/03\/IMG-20230324-WA0038-1.jpg 768w\" sizes=\"auto, (max-width: 450px) 100vw, 450px\" \/><\/figure>\n\n\n\n<figure class=\"wp-block-image size-large\"><img loading=\"lazy\" decoding=\"async\" width=\"450\" height=\"600\" src=\"https:\/\/ecolecaritas.be\/new\/wp-content\/uploads\/2023\/03\/IMG-20230324-WA0037-1-450x600.jpg\" alt=\"\" class=\"wp-image-157688\" srcset=\"https:\/\/ecolecaritas.be\/new\/wp-content\/uploads\/2023\/03\/IMG-20230324-WA0037-1-450x600.jpg 450w, https:\/\/ecolecaritas.be\/new\/wp-content\/uploads\/2023\/03\/IMG-20230324-WA0037-1-225x300.jpg 225w, https:\/\/ecolecaritas.be\/new\/wp-content\/uploads\/2023\/03\/IMG-20230324-WA0037-1-600x800.jpg 600w, https:\/\/ecolecaritas.be\/new\/wp-content\/uploads\/2023\/03\/IMG-20230324-WA0037-1.jpg 768w\" sizes=\"auto, (max-width: 450px) 100vw, 450px\" \/><\/figure>\n\n\n\n<figure class=\"wp-block-image size-large\"><img loading=\"lazy\" decoding=\"async\" width=\"450\" height=\"600\" src=\"https:\/\/ecolecaritas.be\/new\/wp-content\/uploads\/2023\/03\/IMG-20230324-WA0040-1-450x600.jpg\" alt=\"\" class=\"wp-image-157687\" srcset=\"https:\/\/ecolecaritas.be\/new\/wp-content\/uploads\/2023\/03\/IMG-20230324-WA0040-1-450x600.jpg 450w, https:\/\/ecolecaritas.be\/new\/wp-content\/uploads\/2023\/03\/IMG-20230324-WA0040-1-225x300.jpg 225w, https:\/\/ecolecaritas.be\/new\/wp-content\/uploads\/2023\/03\/IMG-20230324-WA0040-1-600x800.jpg 600w, https:\/\/ecolecaritas.be\/new\/wp-content\/uploads\/2023\/03\/IMG-20230324-WA0040-1.jpg 768w\" sizes=\"auto, (max-width: 450px) 100vw, 450px\" \/><\/figure>\n\n\n\n<figure class=\"wp-block-image size-large is-resized\"><img loading=\"lazy\" decoding=\"async\" src=\"https:\/\/ecolecaritas.be\/new\/wp-content\/uploads\/2023\/03\/IMG-20230324-WA0035-1-600x450.jpg\" alt=\"\" class=\"wp-image-157691\" width=\"378\" height=\"283\" srcset=\"https:\/\/ecolecaritas.be\/new\/wp-content\/uploads\/2023\/03\/IMG-20230324-WA0035-1-600x450.jpg 600w, https:\/\/ecolecaritas.be\/new\/wp-content\/uploads\/2023\/03\/IMG-20230324-WA0035-1-300x225.jpg 300w, https:\/\/ecolecaritas.be\/new\/wp-content\/uploads\/2023\/03\/IMG-20230324-WA0035-1-768x576.jpg 768w, https:\/\/ecolecaritas.be\/new\/wp-content\/uploads\/2023\/03\/IMG-20230324-WA0035-1-678x509.jpg 678w, https:\/\/ecolecaritas.be\/new\/wp-content\/uploads\/2023\/03\/IMG-20230324-WA0035-1-326x245.jpg 326w, https:\/\/ecolecaritas.be\/new\/wp-content\/uploads\/2023\/03\/IMG-20230324-WA0035-1-80x60.jpg 80w, https:\/\/ecolecaritas.be\/new\/wp-content\/uploads\/2023\/03\/IMG-20230324-WA0035-1.jpg 1024w\" sizes=\"auto, (max-width: 378px) 100vw, 378px\" \/><\/figure>\n\n\n\n<figure class=\"wp-block-image size-large\"><img loading=\"lazy\" decoding=\"async\" width=\"450\" height=\"600\" src=\"https:\/\/ecolecaritas.be\/new\/wp-content\/uploads\/2023\/03\/IMG_20230324_213632-450x600.jpg\" alt=\"\" class=\"wp-image-157684\" srcset=\"https:\/\/ecolecaritas.be\/new\/wp-content\/uploads\/2023\/03\/IMG_20230324_213632-450x600.jpg 450w, https:\/\/ecolecaritas.be\/new\/wp-content\/uploads\/2023\/03\/IMG_20230324_213632-225x300.jpg 225w, https:\/\/ecolecaritas.be\/new\/wp-content\/uploads\/2023\/03\/IMG_20230324_213632-768x1024.jpg 768w, https:\/\/ecolecaritas.be\/new\/wp-content\/uploads\/2023\/03\/IMG_20230324_213632-600x800.jpg 600w, https:\/\/ecolecaritas.be\/new\/wp-content\/uploads\/2023\/03\/IMG_20230324_213632-1152x1536.jpg 1152w, https:\/\/ecolecaritas.be\/new\/wp-content\/uploads\/2023\/03\/IMG_20230324_213632-1320x1760.jpg 1320w, https:\/\/ecolecaritas.be\/new\/wp-content\/uploads\/2023\/03\/IMG_20230324_213632.jpg 1500w\" sizes=\"auto, (max-width: 450px) 100vw, 450px\" \/><\/figure>\n","protected":false},"excerpt":{"rendered":"<div class=\"mh-excerpt\"><p>Tous les \u00e9l\u00e8ves des classes maternelles et primaires ont pu se rem\u00e9morer et pratiquer le tri des d\u00e9chets en participant activement \u00e0 l&rsquo;op\u00e9ration de propret\u00e9 <a class=\"mh-excerpt-more\" href=\"https:\/\/ecolecaritas.be\/new\/ces-23-et-24-mars-journees-de-sensibilisation-a-lenvironnement-et-a-la-biodiversite-pour-les-eleves-de-lecole-caritas\/\" title=\"Ces 23 et 24 mars : journ\u00e9es de sensibilisation \u00e0 l&rsquo;environnement et \u00e0 la biodiversit\u00e9 pour les \u00e9l\u00e8ves de l&rsquo;\u00e9cole Caritas!&#x1f917;\">[&#8230;]<\/a><\/p>\n<\/div>","protected":false},"author":4,"featured_media":157669,"comment_status":"closed","ping_status":"closed","sticky":false,"template":"","format":"standard","meta":{"footnotes":""},"categories":[6],"tags":[],"class_list":["post-157631","post","type-post","status-publish","format-standard","has-post-thumbnail","hentry","category-general"],"_links":{"self":[{"href":"https:\/\/ecolecaritas.be\/new\/wp-json\/wp\/v2\/posts\/157631","targetHints":{"allow":["GET"]}}],"collection":[{"href":"https:\/\/ecolecaritas.be\/new\/wp-json\/wp\/v2\/posts"}],"about":[{"href":"https:\/\/ecolecaritas.be\/new\/wp-json\/wp\/v2\/types\/post"}],"author":[{"embeddable":true,"href":"https:\/\/ecolecaritas.be\/new\/wp-json\/wp\/v2\/users\/4"}],"replies":[{"embeddable":true,"href":"https:\/\/ecolecaritas.be\/new\/wp-json\/wp\/v2\/comments?post=157631"}],"version-history":[{"count":10,"href":"https:\/\/ecolecaritas.be\/new\/wp-json\/wp\/v2\/posts\/157631\/revisions"}],"predecessor-version":[{"id":157715,"href":"https:\/\/ecolecaritas.be\/new\/wp-json\/wp\/v2\/posts\/157631\/revisions\/157715"}],"wp:featuredmedia":[{"embeddable":true,"href":"https:\/\/ecolecaritas.be\/new\/wp-json\/wp\/v2\/media\/157669"}],"wp:attachment":[{"href":"https:\/\/ecolecaritas.be\/new\/wp-json\/wp\/v2\/media?parent=157631"}],"wp:term":[{"taxonomy":"category","embeddable":true,"href":"https:\/\/ecolecaritas.be\/new\/wp-json\/wp\/v2\/categories?post=157631"},{"taxonomy":"post_tag","embeddable":true,"href":"https:\/\/ecolecaritas.be\/new\/wp-json\/wp\/v2\/tags?post=157631"}],"curies":[{"name":"wp","href":"https:\/\/api.w.org\/{rel}","templated":true}]}}