{"id":157696,"date":"2023-03-25T16:21:29","date_gmt":"2023-03-25T15:21:29","guid":{"rendered":"https:\/\/ecolecaritas.be\/new\/?p=157696"},"modified":"2023-03-25T16:21:29","modified_gmt":"2023-03-25T15:21:29","slug":"animation-sketchnoting-pour-les-p5-p6","status":"publish","type":"post","link":"https:\/\/ecolecaritas.be\/new\/animation-sketchnoting-pour-les-p5-p6\/","title":{"rendered":"Animation \u00ab\u00a0sketchnoting\u00a0\u00bb pour les P5-P6!&#x270d;&#xfe0f;"},"content":{"rendered":"\n<p>Activit\u00e9 \u00ab\u00a0sketchnoting\u00a0\u00bb ou, comment prendre des notes, m\u00e9moriser et synth\u00e9tiser \u00e0 l&rsquo;aide de symboles tr\u00e8s simples (ronds, carr\u00e9s, triangles, couleurs, logos, \u2026)<br>A la port\u00e9e de tous, donnant rapidement de tr\u00e8s beaux r\u00e9sultats sans \u00eatre un expert en soin ou en dessin, les \u00e9l\u00e8ves ont vite accroch\u00e9 \u00e0 la technique et continuent de l&rsquo;utiliser en classe pour leurs diff\u00e9rents travaux : affiches, travaux de groupes, pr\u00e9sentations, \u2026<br>Ce fut une tr\u00e8s belle d\u00e9couverte et surtout \u2026 utile !<\/p>\n\n\n\n<figure class=\"wp-block-image size-large\"><img loading=\"lazy\" decoding=\"async\" width=\"600\" height=\"450\" src=\"https:\/\/ecolecaritas.be\/new\/wp-content\/uploads\/2023\/03\/IMG-20230324-WA0022-600x450.jpg\" alt=\"\" class=\"wp-image-157661\" srcset=\"https:\/\/ecolecaritas.be\/new\/wp-content\/uploads\/2023\/03\/IMG-20230324-WA0022-600x450.jpg 600w, https:\/\/ecolecaritas.be\/new\/wp-content\/uploads\/2023\/03\/IMG-20230324-WA0022-300x225.jpg 300w, https:\/\/ecolecaritas.be\/new\/wp-content\/uploads\/2023\/03\/IMG-20230324-WA0022-768x576.jpg 768w, https:\/\/ecolecaritas.be\/new\/wp-content\/uploads\/2023\/03\/IMG-20230324-WA0022-1536x1152.jpg 1536w, https:\/\/ecolecaritas.be\/new\/wp-content\/uploads\/2023\/03\/IMG-20230324-WA0022-678x509.jpg 678w, https:\/\/ecolecaritas.be\/new\/wp-content\/uploads\/2023\/03\/IMG-20230324-WA0022-326x245.jpg 326w, https:\/\/ecolecaritas.be\/new\/wp-content\/uploads\/2023\/03\/IMG-20230324-WA0022-80x60.jpg 80w, https:\/\/ecolecaritas.be\/new\/wp-content\/uploads\/2023\/03\/IMG-20230324-WA0022-1320x990.jpg 1320w, https:\/\/ecolecaritas.be\/new\/wp-content\/uploads\/2023\/03\/IMG-20230324-WA0022.jpg 2000w\" sizes=\"auto, (max-width: 600px) 100vw, 600px\" \/><\/figure>\n\n\n\n<figure class=\"wp-block-image size-large\"><img loading=\"lazy\" decoding=\"async\" width=\"600\" height=\"450\" src=\"https:\/\/ecolecaritas.be\/new\/wp-content\/uploads\/2023\/03\/IMG-20230324-WA0024-600x450.jpg\" alt=\"\" class=\"wp-image-157659\" srcset=\"https:\/\/ecolecaritas.be\/new\/wp-content\/uploads\/2023\/03\/IMG-20230324-WA0024-600x450.jpg 600w, https:\/\/ecolecaritas.be\/new\/wp-content\/uploads\/2023\/03\/IMG-20230324-WA0024-300x225.jpg 300w, https:\/\/ecolecaritas.be\/new\/wp-content\/uploads\/2023\/03\/IMG-20230324-WA0024-768x576.jpg 768w, https:\/\/ecolecaritas.be\/new\/wp-content\/uploads\/2023\/03\/IMG-20230324-WA0024-1536x1152.jpg 1536w, https:\/\/ecolecaritas.be\/new\/wp-content\/uploads\/2023\/03\/IMG-20230324-WA0024-678x509.jpg 678w, https:\/\/ecolecaritas.be\/new\/wp-content\/uploads\/2023\/03\/IMG-20230324-WA0024-326x245.jpg 326w, https:\/\/ecolecaritas.be\/new\/wp-content\/uploads\/2023\/03\/IMG-20230324-WA0024-80x60.jpg 80w, https:\/\/ecolecaritas.be\/new\/wp-content\/uploads\/2023\/03\/IMG-20230324-WA0024-1320x990.jpg 1320w, https:\/\/ecolecaritas.be\/new\/wp-content\/uploads\/2023\/03\/IMG-20230324-WA0024.jpg 2000w\" sizes=\"auto, (max-width: 600px) 100vw, 600px\" \/><\/figure>\n\n\n\n<figure class=\"wp-block-image size-large\"><img loading=\"lazy\" decoding=\"async\" width=\"600\" height=\"450\" src=\"https:\/\/ecolecaritas.be\/new\/wp-content\/uploads\/2023\/03\/IMG-20230324-WA0023-600x450.jpg\" alt=\"\" class=\"wp-image-157658\" srcset=\"https:\/\/ecolecaritas.be\/new\/wp-content\/uploads\/2023\/03\/IMG-20230324-WA0023-600x450.jpg 600w, https:\/\/ecolecaritas.be\/new\/wp-content\/uploads\/2023\/03\/IMG-20230324-WA0023-300x225.jpg 300w, https:\/\/ecolecaritas.be\/new\/wp-content\/uploads\/2023\/03\/IMG-20230324-WA0023-768x576.jpg 768w, https:\/\/ecolecaritas.be\/new\/wp-content\/uploads\/2023\/03\/IMG-20230324-WA0023-1536x1152.jpg 1536w, https:\/\/ecolecaritas.be\/new\/wp-content\/uploads\/2023\/03\/IMG-20230324-WA0023-678x509.jpg 678w, https:\/\/ecolecaritas.be\/new\/wp-content\/uploads\/2023\/03\/IMG-20230324-WA0023-326x245.jpg 326w, https:\/\/ecolecaritas.be\/new\/wp-content\/uploads\/2023\/03\/IMG-20230324-WA0023-80x60.jpg 80w, https:\/\/ecolecaritas.be\/new\/wp-content\/uploads\/2023\/03\/IMG-20230324-WA0023-1320x990.jpg 1320w, https:\/\/ecolecaritas.be\/new\/wp-content\/uploads\/2023\/03\/IMG-20230324-WA0023.jpg 2000w\" sizes=\"auto, (max-width: 600px) 100vw, 600px\" \/><\/figure>\n\n\n\n<figure class=\"wp-block-image size-large\"><img loading=\"lazy\" decoding=\"async\" width=\"600\" height=\"450\" src=\"https:\/\/ecolecaritas.be\/new\/wp-content\/uploads\/2023\/03\/IMG-20230324-WA0028-600x450.jpg\" alt=\"\" class=\"wp-image-157657\" srcset=\"https:\/\/ecolecaritas.be\/new\/wp-content\/uploads\/2023\/03\/IMG-20230324-WA0028-600x450.jpg 600w, https:\/\/ecolecaritas.be\/new\/wp-content\/uploads\/2023\/03\/IMG-20230324-WA0028-300x225.jpg 300w, https:\/\/ecolecaritas.be\/new\/wp-content\/uploads\/2023\/03\/IMG-20230324-WA0028-768x576.jpg 768w, https:\/\/ecolecaritas.be\/new\/wp-content\/uploads\/2023\/03\/IMG-20230324-WA0028-1536x1152.jpg 1536w, https:\/\/ecolecaritas.be\/new\/wp-content\/uploads\/2023\/03\/IMG-20230324-WA0028-678x509.jpg 678w, https:\/\/ecolecaritas.be\/new\/wp-content\/uploads\/2023\/03\/IMG-20230324-WA0028-326x245.jpg 326w, https:\/\/ecolecaritas.be\/new\/wp-content\/uploads\/2023\/03\/IMG-20230324-WA0028-80x60.jpg 80w, https:\/\/ecolecaritas.be\/new\/wp-content\/uploads\/2023\/03\/IMG-20230324-WA0028-1320x990.jpg 1320w, https:\/\/ecolecaritas.be\/new\/wp-content\/uploads\/2023\/03\/IMG-20230324-WA0028.jpg 2000w\" sizes=\"auto, (max-width: 600px) 100vw, 600px\" \/><\/figure>\n\n\n\n<figure class=\"wp-block-image size-large\"><img loading=\"lazy\" decoding=\"async\" width=\"600\" height=\"450\" src=\"https:\/\/ecolecaritas.be\/new\/wp-content\/uploads\/2023\/03\/IMG-20230324-WA0027-600x450.jpg\" alt=\"\" class=\"wp-image-157656\" srcset=\"https:\/\/ecolecaritas.be\/new\/wp-content\/uploads\/2023\/03\/IMG-20230324-WA0027-600x450.jpg 600w, https:\/\/ecolecaritas.be\/new\/wp-content\/uploads\/2023\/03\/IMG-20230324-WA0027-300x225.jpg 300w, https:\/\/ecolecaritas.be\/new\/wp-content\/uploads\/2023\/03\/IMG-20230324-WA0027-768x576.jpg 768w, https:\/\/ecolecaritas.be\/new\/wp-content\/uploads\/2023\/03\/IMG-20230324-WA0027-1536x1152.jpg 1536w, https:\/\/ecolecaritas.be\/new\/wp-content\/uploads\/2023\/03\/IMG-20230324-WA0027-678x509.jpg 678w, https:\/\/ecolecaritas.be\/new\/wp-content\/uploads\/2023\/03\/IMG-20230324-WA0027-326x245.jpg 326w, https:\/\/ecolecaritas.be\/new\/wp-content\/uploads\/2023\/03\/IMG-20230324-WA0027-80x60.jpg 80w, https:\/\/ecolecaritas.be\/new\/wp-content\/uploads\/2023\/03\/IMG-20230324-WA0027-1320x990.jpg 1320w, https:\/\/ecolecaritas.be\/new\/wp-content\/uploads\/2023\/03\/IMG-20230324-WA0027.jpg 2000w\" sizes=\"auto, (max-width: 600px) 100vw, 600px\" \/><\/figure>\n\n\n\n<figure class=\"wp-block-image size-large\"><img loading=\"lazy\" decoding=\"async\" width=\"600\" height=\"450\" src=\"https:\/\/ecolecaritas.be\/new\/wp-content\/uploads\/2023\/03\/IMG-20230324-WA0026-600x450.jpg\" alt=\"\" class=\"wp-image-157655\" srcset=\"https:\/\/ecolecaritas.be\/new\/wp-content\/uploads\/2023\/03\/IMG-20230324-WA0026-600x450.jpg 600w, https:\/\/ecolecaritas.be\/new\/wp-content\/uploads\/2023\/03\/IMG-20230324-WA0026-300x225.jpg 300w, https:\/\/ecolecaritas.be\/new\/wp-content\/uploads\/2023\/03\/IMG-20230324-WA0026-768x576.jpg 768w, https:\/\/ecolecaritas.be\/new\/wp-content\/uploads\/2023\/03\/IMG-20230324-WA0026-1536x1152.jpg 1536w, https:\/\/ecolecaritas.be\/new\/wp-content\/uploads\/2023\/03\/IMG-20230324-WA0026-678x509.jpg 678w, https:\/\/ecolecaritas.be\/new\/wp-content\/uploads\/2023\/03\/IMG-20230324-WA0026-326x245.jpg 326w, https:\/\/ecolecaritas.be\/new\/wp-content\/uploads\/2023\/03\/IMG-20230324-WA0026-80x60.jpg 80w, https:\/\/ecolecaritas.be\/new\/wp-content\/uploads\/2023\/03\/IMG-20230324-WA0026-1320x990.jpg 1320w, https:\/\/ecolecaritas.be\/new\/wp-content\/uploads\/2023\/03\/IMG-20230324-WA0026.jpg 2000w\" sizes=\"auto, (max-width: 600px) 100vw, 600px\" \/><\/figure>\n\n\n\n<figure class=\"wp-block-image size-large\"><img loading=\"lazy\" decoding=\"async\" width=\"450\" height=\"600\" src=\"https:\/\/ecolecaritas.be\/new\/wp-content\/uploads\/2023\/03\/IMG-20230324-WA0031-450x600.jpg\" alt=\"\" class=\"wp-image-157654\" srcset=\"https:\/\/ecolecaritas.be\/new\/wp-content\/uploads\/2023\/03\/IMG-20230324-WA0031-450x600.jpg 450w, https:\/\/ecolecaritas.be\/new\/wp-content\/uploads\/2023\/03\/IMG-20230324-WA0031-225x300.jpg 225w, https:\/\/ecolecaritas.be\/new\/wp-content\/uploads\/2023\/03\/IMG-20230324-WA0031-768x1024.jpg 768w, https:\/\/ecolecaritas.be\/new\/wp-content\/uploads\/2023\/03\/IMG-20230324-WA0031-600x800.jpg 600w, https:\/\/ecolecaritas.be\/new\/wp-content\/uploads\/2023\/03\/IMG-20230324-WA0031-1152x1536.jpg 1152w, https:\/\/ecolecaritas.be\/new\/wp-content\/uploads\/2023\/03\/IMG-20230324-WA0031-1320x1760.jpg 1320w, https:\/\/ecolecaritas.be\/new\/wp-content\/uploads\/2023\/03\/IMG-20230324-WA0031.jpg 1500w\" sizes=\"auto, (max-width: 450px) 100vw, 450px\" \/><\/figure>\n\n\n\n<figure class=\"wp-block-image size-large\"><img loading=\"lazy\" decoding=\"async\" width=\"450\" height=\"600\" src=\"https:\/\/ecolecaritas.be\/new\/wp-content\/uploads\/2023\/03\/IMG-20230324-WA0030-450x600.jpg\" alt=\"\" class=\"wp-image-157653\" srcset=\"https:\/\/ecolecaritas.be\/new\/wp-content\/uploads\/2023\/03\/IMG-20230324-WA0030-450x600.jpg 450w, https:\/\/ecolecaritas.be\/new\/wp-content\/uploads\/2023\/03\/IMG-20230324-WA0030-225x300.jpg 225w, https:\/\/ecolecaritas.be\/new\/wp-content\/uploads\/2023\/03\/IMG-20230324-WA0030-768x1024.jpg 768w, https:\/\/ecolecaritas.be\/new\/wp-content\/uploads\/2023\/03\/IMG-20230324-WA0030-600x800.jpg 600w, https:\/\/ecolecaritas.be\/new\/wp-content\/uploads\/2023\/03\/IMG-20230324-WA0030-1152x1536.jpg 1152w, https:\/\/ecolecaritas.be\/new\/wp-content\/uploads\/2023\/03\/IMG-20230324-WA0030-1320x1760.jpg 1320w, https:\/\/ecolecaritas.be\/new\/wp-content\/uploads\/2023\/03\/IMG-20230324-WA0030.jpg 1500w\" sizes=\"auto, (max-width: 450px) 100vw, 450px\" \/><\/figure>\n\n\n\n<figure class=\"wp-block-image size-large\"><img loading=\"lazy\" decoding=\"async\" width=\"600\" height=\"450\" src=\"https:\/\/ecolecaritas.be\/new\/wp-content\/uploads\/2023\/03\/IMG-20230325-WA0001-600x450.jpg\" alt=\"\" class=\"wp-image-157704\" srcset=\"https:\/\/ecolecaritas.be\/new\/wp-content\/uploads\/2023\/03\/IMG-20230325-WA0001-600x450.jpg 600w, https:\/\/ecolecaritas.be\/new\/wp-content\/uploads\/2023\/03\/IMG-20230325-WA0001-300x225.jpg 300w, https:\/\/ecolecaritas.be\/new\/wp-content\/uploads\/2023\/03\/IMG-20230325-WA0001-768x576.jpg 768w, https:\/\/ecolecaritas.be\/new\/wp-content\/uploads\/2023\/03\/IMG-20230325-WA0001-1536x1152.jpg 1536w, https:\/\/ecolecaritas.be\/new\/wp-content\/uploads\/2023\/03\/IMG-20230325-WA0001-678x509.jpg 678w, https:\/\/ecolecaritas.be\/new\/wp-content\/uploads\/2023\/03\/IMG-20230325-WA0001-326x245.jpg 326w, https:\/\/ecolecaritas.be\/new\/wp-content\/uploads\/2023\/03\/IMG-20230325-WA0001-80x60.jpg 80w, https:\/\/ecolecaritas.be\/new\/wp-content\/uploads\/2023\/03\/IMG-20230325-WA0001-1320x990.jpg 1320w, https:\/\/ecolecaritas.be\/new\/wp-content\/uploads\/2023\/03\/IMG-20230325-WA0001.jpg 2000w\" sizes=\"auto, (max-width: 600px) 100vw, 600px\" \/><\/figure>\n\n\n\n<figure class=\"wp-block-image size-large\"><img loading=\"lazy\" decoding=\"async\" width=\"450\" height=\"600\" src=\"https:\/\/ecolecaritas.be\/new\/wp-content\/uploads\/2023\/03\/IMG-20230324-WA0029-450x600.jpg\" alt=\"\" class=\"wp-image-157652\" srcset=\"https:\/\/ecolecaritas.be\/new\/wp-content\/uploads\/2023\/03\/IMG-20230324-WA0029-450x600.jpg 450w, https:\/\/ecolecaritas.be\/new\/wp-content\/uploads\/2023\/03\/IMG-20230324-WA0029-225x300.jpg 225w, https:\/\/ecolecaritas.be\/new\/wp-content\/uploads\/2023\/03\/IMG-20230324-WA0029-768x1024.jpg 768w, https:\/\/ecolecaritas.be\/new\/wp-content\/uploads\/2023\/03\/IMG-20230324-WA0029-600x800.jpg 600w, https:\/\/ecolecaritas.be\/new\/wp-content\/uploads\/2023\/03\/IMG-20230324-WA0029-1152x1536.jpg 1152w, https:\/\/ecolecaritas.be\/new\/wp-content\/uploads\/2023\/03\/IMG-20230324-WA0029-1320x1760.jpg 1320w, https:\/\/ecolecaritas.be\/new\/wp-content\/uploads\/2023\/03\/IMG-20230324-WA0029.jpg 1500w\" sizes=\"auto, (max-width: 450px) 100vw, 450px\" \/><\/figure>\n\n\n\n<figure class=\"wp-block-image size-large\"><img loading=\"lazy\" decoding=\"async\" width=\"600\" height=\"450\" src=\"https:\/\/ecolecaritas.be\/new\/wp-content\/uploads\/2023\/03\/IMG-20230324-WA0032-600x450.jpg\" alt=\"\" class=\"wp-image-157650\" srcset=\"https:\/\/ecolecaritas.be\/new\/wp-content\/uploads\/2023\/03\/IMG-20230324-WA0032-600x450.jpg 600w, https:\/\/ecolecaritas.be\/new\/wp-content\/uploads\/2023\/03\/IMG-20230324-WA0032-300x225.jpg 300w, https:\/\/ecolecaritas.be\/new\/wp-content\/uploads\/2023\/03\/IMG-20230324-WA0032-768x576.jpg 768w, https:\/\/ecolecaritas.be\/new\/wp-content\/uploads\/2023\/03\/IMG-20230324-WA0032-1536x1152.jpg 1536w, https:\/\/ecolecaritas.be\/new\/wp-content\/uploads\/2023\/03\/IMG-20230324-WA0032-678x509.jpg 678w, https:\/\/ecolecaritas.be\/new\/wp-content\/uploads\/2023\/03\/IMG-20230324-WA0032-326x245.jpg 326w, https:\/\/ecolecaritas.be\/new\/wp-content\/uploads\/2023\/03\/IMG-20230324-WA0032-80x60.jpg 80w, https:\/\/ecolecaritas.be\/new\/wp-content\/uploads\/2023\/03\/IMG-20230324-WA0032-1320x990.jpg 1320w, https:\/\/ecolecaritas.be\/new\/wp-content\/uploads\/2023\/03\/IMG-20230324-WA0032.jpg 2048w\" sizes=\"auto, (max-width: 600px) 100vw, 600px\" \/><\/figure>\n\n\n\n<figure class=\"wp-block-image size-large\"><img loading=\"lazy\" decoding=\"async\" width=\"600\" height=\"450\" src=\"https:\/\/ecolecaritas.be\/new\/wp-content\/uploads\/2023\/03\/IMG-20230324-WA0033-600x450.jpg\" alt=\"\" class=\"wp-image-157651\" srcset=\"https:\/\/ecolecaritas.be\/new\/wp-content\/uploads\/2023\/03\/IMG-20230324-WA0033-600x450.jpg 600w, https:\/\/ecolecaritas.be\/new\/wp-content\/uploads\/2023\/03\/IMG-20230324-WA0033-300x225.jpg 300w, https:\/\/ecolecaritas.be\/new\/wp-content\/uploads\/2023\/03\/IMG-20230324-WA0033-768x576.jpg 768w, https:\/\/ecolecaritas.be\/new\/wp-content\/uploads\/2023\/03\/IMG-20230324-WA0033-1536x1152.jpg 1536w, https:\/\/ecolecaritas.be\/new\/wp-content\/uploads\/2023\/03\/IMG-20230324-WA0033-678x509.jpg 678w, https:\/\/ecolecaritas.be\/new\/wp-content\/uploads\/2023\/03\/IMG-20230324-WA0033-326x245.jpg 326w, https:\/\/ecolecaritas.be\/new\/wp-content\/uploads\/2023\/03\/IMG-20230324-WA0033-80x60.jpg 80w, https:\/\/ecolecaritas.be\/new\/wp-content\/uploads\/2023\/03\/IMG-20230324-WA0033-1320x990.jpg 1320w, https:\/\/ecolecaritas.be\/new\/wp-content\/uploads\/2023\/03\/IMG-20230324-WA0033.jpg 2000w\" sizes=\"auto, (max-width: 600px) 100vw, 600px\" \/><\/figure>\n","protected":false},"excerpt":{"rendered":"<div class=\"mh-excerpt\"><p>Activit\u00e9 \u00ab\u00a0sketchnoting\u00a0\u00bb ou, comment prendre des notes, m\u00e9moriser et synth\u00e9tiser \u00e0 l&rsquo;aide de symboles tr\u00e8s simples (ronds, carr\u00e9s, triangles, couleurs, logos, \u2026)A la port\u00e9e de <a class=\"mh-excerpt-more\" href=\"https:\/\/ecolecaritas.be\/new\/animation-sketchnoting-pour-les-p5-p6\/\" title=\"Animation \u00ab\u00a0sketchnoting\u00a0\u00bb pour les P5-P6!&#x270d;&#xfe0f;\">[&#8230;]<\/a><\/p>\n<\/div>","protected":false},"author":4,"featured_media":157710,"comment_status":"closed","ping_status":"closed","sticky":false,"template":"","format":"standard","meta":{"footnotes":""},"categories":[10],"tags":[],"class_list":["post-157696","post","type-post","status-publish","format-standard","has-post-thumbnail","hentry","category-p56"],"_links":{"self":[{"href":"https:\/\/ecolecaritas.be\/new\/wp-json\/wp\/v2\/posts\/157696","targetHints":{"allow":["GET"]}}],"collection":[{"href":"https:\/\/ecolecaritas.be\/new\/wp-json\/wp\/v2\/posts"}],"about":[{"href":"https:\/\/ecolecaritas.be\/new\/wp-json\/wp\/v2\/types\/post"}],"author":[{"embeddable":true,"href":"https:\/\/ecolecaritas.be\/new\/wp-json\/wp\/v2\/users\/4"}],"replies":[{"embeddable":true,"href":"https:\/\/ecolecaritas.be\/new\/wp-json\/wp\/v2\/comments?post=157696"}],"version-history":[{"count":6,"href":"https:\/\/ecolecaritas.be\/new\/wp-json\/wp\/v2\/posts\/157696\/revisions"}],"predecessor-version":[{"id":157713,"href":"https:\/\/ecolecaritas.be\/new\/wp-json\/wp\/v2\/posts\/157696\/revisions\/157713"}],"wp:featuredmedia":[{"embeddable":true,"href":"https:\/\/ecolecaritas.be\/new\/wp-json\/wp\/v2\/media\/157710"}],"wp:attachment":[{"href":"https:\/\/ecolecaritas.be\/new\/wp-json\/wp\/v2\/media?parent=157696"}],"wp:term":[{"taxonomy":"category","embeddable":true,"href":"https:\/\/ecolecaritas.be\/new\/wp-json\/wp\/v2\/categories?post=157696"},{"taxonomy":"post_tag","embeddable":true,"href":"https:\/\/ecolecaritas.be\/new\/wp-json\/wp\/v2\/tags?post=157696"}],"curies":[{"name":"wp","href":"https:\/\/api.w.org\/{rel}","templated":true}]}}