{"id":157820,"date":"2023-03-31T09:58:11","date_gmt":"2023-03-31T07:58:11","guid":{"rendered":"https:\/\/ecolecaritas.be\/new\/?p=157820"},"modified":"2023-03-31T11:02:15","modified_gmt":"2023-03-31T09:02:15","slug":"nous-partons-a-la-conquete-de-lespace-en-m2","status":"publish","type":"post","link":"https:\/\/ecolecaritas.be\/new\/nous-partons-a-la-conquete-de-lespace-en-m2\/","title":{"rendered":"Nous partons \u00e0 la conqu\u00eate de l\u2019espace en M2!&#x1f680;&#x1f680;&#x1f6f8;"},"content":{"rendered":"\n<p>La classe des \u00e9cureuils a d\u00e9couvert les plan\u00e8tes du syst\u00e8me solaire et leurs sp\u00e9cificit\u00e9s. Tous les domaines d&rsquo;apprentissage ont \u00e9t\u00e9 mobilis\u00e9s pour d\u00e9couvrir et s&rsquo;approprier cet Espace fascinent et myst\u00e9rieux ! &#x1f929;&#x1f680;&#x1f30d;&#x1f315;&#x1fa90;<\/p>\n\n\n\n<figure class=\"wp-block-image size-large\"><img loading=\"lazy\" decoding=\"async\" width=\"600\" height=\"450\" src=\"https:\/\/ecolecaritas.be\/new\/wp-content\/uploads\/2023\/03\/IMG-20230330-WA0015-600x450.jpg\" alt=\"\" class=\"wp-image-157810\" srcset=\"https:\/\/ecolecaritas.be\/new\/wp-content\/uploads\/2023\/03\/IMG-20230330-WA0015-600x450.jpg 600w, https:\/\/ecolecaritas.be\/new\/wp-content\/uploads\/2023\/03\/IMG-20230330-WA0015-300x225.jpg 300w, https:\/\/ecolecaritas.be\/new\/wp-content\/uploads\/2023\/03\/IMG-20230330-WA0015-768x576.jpg 768w, https:\/\/ecolecaritas.be\/new\/wp-content\/uploads\/2023\/03\/IMG-20230330-WA0015-678x509.jpg 678w, https:\/\/ecolecaritas.be\/new\/wp-content\/uploads\/2023\/03\/IMG-20230330-WA0015-326x245.jpg 326w, https:\/\/ecolecaritas.be\/new\/wp-content\/uploads\/2023\/03\/IMG-20230330-WA0015-80x60.jpg 80w, https:\/\/ecolecaritas.be\/new\/wp-content\/uploads\/2023\/03\/IMG-20230330-WA0015.jpg 1024w\" sizes=\"auto, (max-width: 600px) 100vw, 600px\" \/><\/figure>\n\n\n\n<figure class=\"wp-block-image size-large\"><img loading=\"lazy\" decoding=\"async\" width=\"600\" height=\"450\" src=\"https:\/\/ecolecaritas.be\/new\/wp-content\/uploads\/2023\/03\/IMG-20230330-WA0013-600x450.jpg\" alt=\"\" class=\"wp-image-157808\" srcset=\"https:\/\/ecolecaritas.be\/new\/wp-content\/uploads\/2023\/03\/IMG-20230330-WA0013-600x450.jpg 600w, https:\/\/ecolecaritas.be\/new\/wp-content\/uploads\/2023\/03\/IMG-20230330-WA0013-300x225.jpg 300w, https:\/\/ecolecaritas.be\/new\/wp-content\/uploads\/2023\/03\/IMG-20230330-WA0013-768x576.jpg 768w, https:\/\/ecolecaritas.be\/new\/wp-content\/uploads\/2023\/03\/IMG-20230330-WA0013-678x509.jpg 678w, https:\/\/ecolecaritas.be\/new\/wp-content\/uploads\/2023\/03\/IMG-20230330-WA0013-326x245.jpg 326w, https:\/\/ecolecaritas.be\/new\/wp-content\/uploads\/2023\/03\/IMG-20230330-WA0013-80x60.jpg 80w, https:\/\/ecolecaritas.be\/new\/wp-content\/uploads\/2023\/03\/IMG-20230330-WA0013.jpg 1024w\" sizes=\"auto, (max-width: 600px) 100vw, 600px\" \/><\/figure>\n\n\n\n<figure class=\"wp-block-image size-large\"><img loading=\"lazy\" decoding=\"async\" width=\"450\" height=\"600\" src=\"https:\/\/ecolecaritas.be\/new\/wp-content\/uploads\/2023\/03\/IMG-20230330-WA0020-450x600.jpg\" alt=\"\" class=\"wp-image-157807\" srcset=\"https:\/\/ecolecaritas.be\/new\/wp-content\/uploads\/2023\/03\/IMG-20230330-WA0020-450x600.jpg 450w, https:\/\/ecolecaritas.be\/new\/wp-content\/uploads\/2023\/03\/IMG-20230330-WA0020-225x300.jpg 225w, https:\/\/ecolecaritas.be\/new\/wp-content\/uploads\/2023\/03\/IMG-20230330-WA0020-600x800.jpg 600w, https:\/\/ecolecaritas.be\/new\/wp-content\/uploads\/2023\/03\/IMG-20230330-WA0020.jpg 768w\" sizes=\"auto, (max-width: 450px) 100vw, 450px\" \/><\/figure>\n\n\n\n<figure class=\"wp-block-image size-large\"><img loading=\"lazy\" decoding=\"async\" width=\"450\" height=\"600\" src=\"https:\/\/ecolecaritas.be\/new\/wp-content\/uploads\/2023\/03\/IMG-20230330-WA0019-450x600.jpg\" alt=\"\" class=\"wp-image-157806\" srcset=\"https:\/\/ecolecaritas.be\/new\/wp-content\/uploads\/2023\/03\/IMG-20230330-WA0019-450x600.jpg 450w, https:\/\/ecolecaritas.be\/new\/wp-content\/uploads\/2023\/03\/IMG-20230330-WA0019-225x300.jpg 225w, https:\/\/ecolecaritas.be\/new\/wp-content\/uploads\/2023\/03\/IMG-20230330-WA0019-600x800.jpg 600w, https:\/\/ecolecaritas.be\/new\/wp-content\/uploads\/2023\/03\/IMG-20230330-WA0019.jpg 768w\" sizes=\"auto, (max-width: 450px) 100vw, 450px\" \/><\/figure>\n\n\n\n<figure class=\"wp-block-image size-large\"><img loading=\"lazy\" decoding=\"async\" width=\"600\" height=\"450\" src=\"https:\/\/ecolecaritas.be\/new\/wp-content\/uploads\/2023\/03\/IMG-20230330-WA0018-600x450.jpg\" alt=\"\" class=\"wp-image-157805\" srcset=\"https:\/\/ecolecaritas.be\/new\/wp-content\/uploads\/2023\/03\/IMG-20230330-WA0018-600x450.jpg 600w, https:\/\/ecolecaritas.be\/new\/wp-content\/uploads\/2023\/03\/IMG-20230330-WA0018-300x225.jpg 300w, https:\/\/ecolecaritas.be\/new\/wp-content\/uploads\/2023\/03\/IMG-20230330-WA0018-768x576.jpg 768w, https:\/\/ecolecaritas.be\/new\/wp-content\/uploads\/2023\/03\/IMG-20230330-WA0018-678x509.jpg 678w, https:\/\/ecolecaritas.be\/new\/wp-content\/uploads\/2023\/03\/IMG-20230330-WA0018-326x245.jpg 326w, https:\/\/ecolecaritas.be\/new\/wp-content\/uploads\/2023\/03\/IMG-20230330-WA0018-80x60.jpg 80w, https:\/\/ecolecaritas.be\/new\/wp-content\/uploads\/2023\/03\/IMG-20230330-WA0018.jpg 1024w\" sizes=\"auto, (max-width: 600px) 100vw, 600px\" \/><\/figure>\n\n\n\n<figure class=\"wp-block-image size-large\"><img loading=\"lazy\" decoding=\"async\" width=\"600\" height=\"450\" src=\"https:\/\/ecolecaritas.be\/new\/wp-content\/uploads\/2023\/03\/IMG-20230330-WA0017-600x450.jpg\" alt=\"\" class=\"wp-image-157804\" srcset=\"https:\/\/ecolecaritas.be\/new\/wp-content\/uploads\/2023\/03\/IMG-20230330-WA0017-600x450.jpg 600w, https:\/\/ecolecaritas.be\/new\/wp-content\/uploads\/2023\/03\/IMG-20230330-WA0017-300x225.jpg 300w, https:\/\/ecolecaritas.be\/new\/wp-content\/uploads\/2023\/03\/IMG-20230330-WA0017-768x576.jpg 768w, https:\/\/ecolecaritas.be\/new\/wp-content\/uploads\/2023\/03\/IMG-20230330-WA0017-678x509.jpg 678w, https:\/\/ecolecaritas.be\/new\/wp-content\/uploads\/2023\/03\/IMG-20230330-WA0017-326x245.jpg 326w, https:\/\/ecolecaritas.be\/new\/wp-content\/uploads\/2023\/03\/IMG-20230330-WA0017-80x60.jpg 80w, https:\/\/ecolecaritas.be\/new\/wp-content\/uploads\/2023\/03\/IMG-20230330-WA0017.jpg 1024w\" sizes=\"auto, (max-width: 600px) 100vw, 600px\" \/><\/figure>\n\n\n\n<figure class=\"wp-block-image size-large\"><img loading=\"lazy\" decoding=\"async\" width=\"600\" height=\"450\" src=\"https:\/\/ecolecaritas.be\/new\/wp-content\/uploads\/2023\/03\/IMG-20230330-WA0016-600x450.jpg\" alt=\"\" class=\"wp-image-157803\" srcset=\"https:\/\/ecolecaritas.be\/new\/wp-content\/uploads\/2023\/03\/IMG-20230330-WA0016-600x450.jpg 600w, https:\/\/ecolecaritas.be\/new\/wp-content\/uploads\/2023\/03\/IMG-20230330-WA0016-300x225.jpg 300w, https:\/\/ecolecaritas.be\/new\/wp-content\/uploads\/2023\/03\/IMG-20230330-WA0016-768x576.jpg 768w, https:\/\/ecolecaritas.be\/new\/wp-content\/uploads\/2023\/03\/IMG-20230330-WA0016-678x509.jpg 678w, https:\/\/ecolecaritas.be\/new\/wp-content\/uploads\/2023\/03\/IMG-20230330-WA0016-326x245.jpg 326w, https:\/\/ecolecaritas.be\/new\/wp-content\/uploads\/2023\/03\/IMG-20230330-WA0016-80x60.jpg 80w, https:\/\/ecolecaritas.be\/new\/wp-content\/uploads\/2023\/03\/IMG-20230330-WA0016.jpg 1024w\" sizes=\"auto, (max-width: 600px) 100vw, 600px\" \/><\/figure>\n\n\n\n<figure class=\"wp-block-image size-large is-resized\"><img loading=\"lazy\" decoding=\"async\" src=\"https:\/\/ecolecaritas.be\/new\/wp-content\/uploads\/2023\/03\/IMG-20230330-WA0023-450x600.jpg\" alt=\"\" class=\"wp-image-157801\" width=\"383\" height=\"510\" srcset=\"https:\/\/ecolecaritas.be\/new\/wp-content\/uploads\/2023\/03\/IMG-20230330-WA0023-450x600.jpg 450w, https:\/\/ecolecaritas.be\/new\/wp-content\/uploads\/2023\/03\/IMG-20230330-WA0023-225x300.jpg 225w, https:\/\/ecolecaritas.be\/new\/wp-content\/uploads\/2023\/03\/IMG-20230330-WA0023-600x800.jpg 600w, https:\/\/ecolecaritas.be\/new\/wp-content\/uploads\/2023\/03\/IMG-20230330-WA0023.jpg 768w\" sizes=\"auto, (max-width: 383px) 100vw, 383px\" \/><\/figure>\n\n\n\n<figure class=\"wp-block-image size-large\"><img loading=\"lazy\" decoding=\"async\" width=\"600\" height=\"450\" src=\"https:\/\/ecolecaritas.be\/new\/wp-content\/uploads\/2023\/03\/IMG-20230330-WA0022-600x450.jpg\" alt=\"\" class=\"wp-image-157800\" srcset=\"https:\/\/ecolecaritas.be\/new\/wp-content\/uploads\/2023\/03\/IMG-20230330-WA0022-600x450.jpg 600w, https:\/\/ecolecaritas.be\/new\/wp-content\/uploads\/2023\/03\/IMG-20230330-WA0022-300x225.jpg 300w, https:\/\/ecolecaritas.be\/new\/wp-content\/uploads\/2023\/03\/IMG-20230330-WA0022-768x576.jpg 768w, https:\/\/ecolecaritas.be\/new\/wp-content\/uploads\/2023\/03\/IMG-20230330-WA0022-678x509.jpg 678w, https:\/\/ecolecaritas.be\/new\/wp-content\/uploads\/2023\/03\/IMG-20230330-WA0022-326x245.jpg 326w, https:\/\/ecolecaritas.be\/new\/wp-content\/uploads\/2023\/03\/IMG-20230330-WA0022-80x60.jpg 80w, https:\/\/ecolecaritas.be\/new\/wp-content\/uploads\/2023\/03\/IMG-20230330-WA0022.jpg 1024w\" sizes=\"auto, (max-width: 600px) 100vw, 600px\" \/><\/figure>\n\n\n\n<figure class=\"wp-block-image size-large is-resized\"><img loading=\"lazy\" decoding=\"async\" src=\"https:\/\/ecolecaritas.be\/new\/wp-content\/uploads\/2023\/03\/IMG-20230330-WA0021-450x600.jpg\" alt=\"\" class=\"wp-image-157799\" width=\"381\" height=\"506\"\/><\/figure>\n\n\n\n<figure class=\"wp-block-image size-large\"><img loading=\"lazy\" decoding=\"async\" width=\"600\" height=\"450\" src=\"https:\/\/ecolecaritas.be\/new\/wp-content\/uploads\/2023\/03\/IMG-20230330-WA0028-600x450.jpg\" alt=\"\" class=\"wp-image-157798\" srcset=\"https:\/\/ecolecaritas.be\/new\/wp-content\/uploads\/2023\/03\/IMG-20230330-WA0028-600x450.jpg 600w, https:\/\/ecolecaritas.be\/new\/wp-content\/uploads\/2023\/03\/IMG-20230330-WA0028-300x225.jpg 300w, https:\/\/ecolecaritas.be\/new\/wp-content\/uploads\/2023\/03\/IMG-20230330-WA0028-768x576.jpg 768w, https:\/\/ecolecaritas.be\/new\/wp-content\/uploads\/2023\/03\/IMG-20230330-WA0028-678x509.jpg 678w, https:\/\/ecolecaritas.be\/new\/wp-content\/uploads\/2023\/03\/IMG-20230330-WA0028-326x245.jpg 326w, https:\/\/ecolecaritas.be\/new\/wp-content\/uploads\/2023\/03\/IMG-20230330-WA0028-80x60.jpg 80w, https:\/\/ecolecaritas.be\/new\/wp-content\/uploads\/2023\/03\/IMG-20230330-WA0028.jpg 1024w\" sizes=\"auto, (max-width: 600px) 100vw, 600px\" \/><\/figure>\n\n\n\n<figure class=\"wp-block-image size-large\"><img loading=\"lazy\" decoding=\"async\" width=\"600\" height=\"450\" src=\"https:\/\/ecolecaritas.be\/new\/wp-content\/uploads\/2023\/03\/IMG_20230330_142645-600x450.jpg\" alt=\"\" class=\"wp-image-157825\" srcset=\"https:\/\/ecolecaritas.be\/new\/wp-content\/uploads\/2023\/03\/IMG_20230330_142645-600x450.jpg 600w, https:\/\/ecolecaritas.be\/new\/wp-content\/uploads\/2023\/03\/IMG_20230330_142645-300x225.jpg 300w, https:\/\/ecolecaritas.be\/new\/wp-content\/uploads\/2023\/03\/IMG_20230330_142645-768x576.jpg 768w, https:\/\/ecolecaritas.be\/new\/wp-content\/uploads\/2023\/03\/IMG_20230330_142645-678x509.jpg 678w, https:\/\/ecolecaritas.be\/new\/wp-content\/uploads\/2023\/03\/IMG_20230330_142645-326x245.jpg 326w, https:\/\/ecolecaritas.be\/new\/wp-content\/uploads\/2023\/03\/IMG_20230330_142645-80x60.jpg 80w, https:\/\/ecolecaritas.be\/new\/wp-content\/uploads\/2023\/03\/IMG_20230330_142645.jpg 1024w\" sizes=\"auto, (max-width: 600px) 100vw, 600px\" \/><\/figure>\n\n\n\n<figure class=\"wp-block-image size-large\"><img loading=\"lazy\" decoding=\"async\" width=\"450\" height=\"600\" src=\"https:\/\/ecolecaritas.be\/new\/wp-content\/uploads\/2023\/03\/IMG-20230330-WA0014-450x600.jpg\" alt=\"\" class=\"wp-image-157809\" srcset=\"https:\/\/ecolecaritas.be\/new\/wp-content\/uploads\/2023\/03\/IMG-20230330-WA0014-450x600.jpg 450w, https:\/\/ecolecaritas.be\/new\/wp-content\/uploads\/2023\/03\/IMG-20230330-WA0014-225x300.jpg 225w, https:\/\/ecolecaritas.be\/new\/wp-content\/uploads\/2023\/03\/IMG-20230330-WA0014-600x800.jpg 600w, https:\/\/ecolecaritas.be\/new\/wp-content\/uploads\/2023\/03\/IMG-20230330-WA0014.jpg 768w\" sizes=\"auto, (max-width: 450px) 100vw, 450px\" \/><\/figure>\n\n\n\n<figure class=\"wp-block-image size-large\"><img loading=\"lazy\" decoding=\"async\" width=\"600\" height=\"450\" src=\"https:\/\/ecolecaritas.be\/new\/wp-content\/uploads\/2023\/03\/IMG-20230330-WA0027-600x450.jpg\" alt=\"\" class=\"wp-image-157797\" srcset=\"https:\/\/ecolecaritas.be\/new\/wp-content\/uploads\/2023\/03\/IMG-20230330-WA0027-600x450.jpg 600w, https:\/\/ecolecaritas.be\/new\/wp-content\/uploads\/2023\/03\/IMG-20230330-WA0027-300x225.jpg 300w, https:\/\/ecolecaritas.be\/new\/wp-content\/uploads\/2023\/03\/IMG-20230330-WA0027-768x576.jpg 768w, https:\/\/ecolecaritas.be\/new\/wp-content\/uploads\/2023\/03\/IMG-20230330-WA0027-678x509.jpg 678w, https:\/\/ecolecaritas.be\/new\/wp-content\/uploads\/2023\/03\/IMG-20230330-WA0027-326x245.jpg 326w, https:\/\/ecolecaritas.be\/new\/wp-content\/uploads\/2023\/03\/IMG-20230330-WA0027-80x60.jpg 80w, https:\/\/ecolecaritas.be\/new\/wp-content\/uploads\/2023\/03\/IMG-20230330-WA0027.jpg 1024w\" sizes=\"auto, (max-width: 600px) 100vw, 600px\" \/><\/figure>\n\n\n\n<figure class=\"wp-block-image size-large\"><img loading=\"lazy\" decoding=\"async\" width=\"600\" height=\"450\" src=\"https:\/\/ecolecaritas.be\/new\/wp-content\/uploads\/2023\/03\/IMG-20230330-WA0026-600x450.jpg\" alt=\"\" class=\"wp-image-157796\" srcset=\"https:\/\/ecolecaritas.be\/new\/wp-content\/uploads\/2023\/03\/IMG-20230330-WA0026-600x450.jpg 600w, https:\/\/ecolecaritas.be\/new\/wp-content\/uploads\/2023\/03\/IMG-20230330-WA0026-300x225.jpg 300w, https:\/\/ecolecaritas.be\/new\/wp-content\/uploads\/2023\/03\/IMG-20230330-WA0026-768x576.jpg 768w, https:\/\/ecolecaritas.be\/new\/wp-content\/uploads\/2023\/03\/IMG-20230330-WA0026-678x509.jpg 678w, https:\/\/ecolecaritas.be\/new\/wp-content\/uploads\/2023\/03\/IMG-20230330-WA0026-326x245.jpg 326w, https:\/\/ecolecaritas.be\/new\/wp-content\/uploads\/2023\/03\/IMG-20230330-WA0026-80x60.jpg 80w, https:\/\/ecolecaritas.be\/new\/wp-content\/uploads\/2023\/03\/IMG-20230330-WA0026.jpg 1024w\" sizes=\"auto, (max-width: 600px) 100vw, 600px\" \/><\/figure>\n","protected":false},"excerpt":{"rendered":"<div class=\"mh-excerpt\"><p>La classe des \u00e9cureuils a d\u00e9couvert les plan\u00e8tes du syst\u00e8me solaire et leurs sp\u00e9cificit\u00e9s. Tous les domaines d&rsquo;apprentissage ont \u00e9t\u00e9 mobilis\u00e9s pour d\u00e9couvrir et s&rsquo;approprier <a class=\"mh-excerpt-more\" href=\"https:\/\/ecolecaritas.be\/new\/nous-partons-a-la-conquete-de-lespace-en-m2\/\" title=\"Nous partons \u00e0 la conqu\u00eate de l\u2019espace en M2!&#x1f680;&#x1f680;&#x1f6f8;\">[&#8230;]<\/a><\/p>\n<\/div>","protected":false},"author":4,"featured_media":157868,"comment_status":"closed","ping_status":"closed","sticky":false,"template":"","format":"standard","meta":{"footnotes":""},"categories":[7],"tags":[],"class_list":["post-157820","post","type-post","status-publish","format-standard","has-post-thumbnail","hentry","category-mat"],"_links":{"self":[{"href":"https:\/\/ecolecaritas.be\/new\/wp-json\/wp\/v2\/posts\/157820","targetHints":{"allow":["GET"]}}],"collection":[{"href":"https:\/\/ecolecaritas.be\/new\/wp-json\/wp\/v2\/posts"}],"about":[{"href":"https:\/\/ecolecaritas.be\/new\/wp-json\/wp\/v2\/types\/post"}],"author":[{"embeddable":true,"href":"https:\/\/ecolecaritas.be\/new\/wp-json\/wp\/v2\/users\/4"}],"replies":[{"embeddable":true,"href":"https:\/\/ecolecaritas.be\/new\/wp-json\/wp\/v2\/comments?post=157820"}],"version-history":[{"count":3,"href":"https:\/\/ecolecaritas.be\/new\/wp-json\/wp\/v2\/posts\/157820\/revisions"}],"predecessor-version":[{"id":157867,"href":"https:\/\/ecolecaritas.be\/new\/wp-json\/wp\/v2\/posts\/157820\/revisions\/157867"}],"wp:featuredmedia":[{"embeddable":true,"href":"https:\/\/ecolecaritas.be\/new\/wp-json\/wp\/v2\/media\/157868"}],"wp:attachment":[{"href":"https:\/\/ecolecaritas.be\/new\/wp-json\/wp\/v2\/media?parent=157820"}],"wp:term":[{"taxonomy":"category","embeddable":true,"href":"https:\/\/ecolecaritas.be\/new\/wp-json\/wp\/v2\/categories?post=157820"},{"taxonomy":"post_tag","embeddable":true,"href":"https:\/\/ecolecaritas.be\/new\/wp-json\/wp\/v2\/tags?post=157820"}],"curies":[{"name":"wp","href":"https:\/\/api.w.org\/{rel}","templated":true}]}}