{"id":158792,"date":"2023-09-19T09:43:32","date_gmt":"2023-09-19T07:43:32","guid":{"rendered":"https:\/\/ecolecaritas.be\/new\/?p=158792"},"modified":"2023-10-03T13:02:54","modified_gmt":"2023-10-03T11:02:54","slug":"la-rentree-en-maternelle","status":"publish","type":"post","link":"https:\/\/ecolecaritas.be\/new\/la-rentree-en-maternelle\/","title":{"rendered":"La rentr\u00e9e en maternelle &#x1f388;&#x1f917;"},"content":{"rendered":"\n<p>Quelques activit\u00e9s en images et vid\u00e9os depuis la rentr\u00e9e dans les classes maternelles !<\/p>\n\n\n\n<figure class=\"wp-block-image size-large\"><img loading=\"lazy\" decoding=\"async\" width=\"600\" height=\"270\" src=\"https:\/\/ecolecaritas.be\/new\/wp-content\/uploads\/2023\/09\/20230918_135924-600x270.jpg\" alt=\"\" class=\"wp-image-158955\" srcset=\"https:\/\/ecolecaritas.be\/new\/wp-content\/uploads\/2023\/09\/20230918_135924-600x270.jpg 600w, https:\/\/ecolecaritas.be\/new\/wp-content\/uploads\/2023\/09\/20230918_135924-300x135.jpg 300w, https:\/\/ecolecaritas.be\/new\/wp-content\/uploads\/2023\/09\/20230918_135924-768x346.jpg 768w, https:\/\/ecolecaritas.be\/new\/wp-content\/uploads\/2023\/09\/20230918_135924-1536x691.jpg 1536w, https:\/\/ecolecaritas.be\/new\/wp-content\/uploads\/2023\/09\/20230918_135924-2048x922.jpg 2048w, https:\/\/ecolecaritas.be\/new\/wp-content\/uploads\/2023\/09\/20230918_135924-1320x594.jpg 1320w\" sizes=\"auto, (max-width: 600px) 100vw, 600px\" \/><\/figure>\n\n\n\n<figure class=\"wp-block-image size-large\"><img loading=\"lazy\" decoding=\"async\" width=\"600\" height=\"270\" src=\"https:\/\/ecolecaritas.be\/new\/wp-content\/uploads\/2023\/09\/20230914_113714-600x270.jpg\" alt=\"\" class=\"wp-image-158814\" srcset=\"https:\/\/ecolecaritas.be\/new\/wp-content\/uploads\/2023\/09\/20230914_113714-600x270.jpg 600w, https:\/\/ecolecaritas.be\/new\/wp-content\/uploads\/2023\/09\/20230914_113714-300x135.jpg 300w, https:\/\/ecolecaritas.be\/new\/wp-content\/uploads\/2023\/09\/20230914_113714-768x346.jpg 768w, https:\/\/ecolecaritas.be\/new\/wp-content\/uploads\/2023\/09\/20230914_113714-1536x691.jpg 1536w, https:\/\/ecolecaritas.be\/new\/wp-content\/uploads\/2023\/09\/20230914_113714-2048x922.jpg 2048w, https:\/\/ecolecaritas.be\/new\/wp-content\/uploads\/2023\/09\/20230914_113714-1320x594.jpg 1320w\" sizes=\"auto, (max-width: 600px) 100vw, 600px\" \/><\/figure>\n\n\n\n<figure class=\"wp-block-image size-large is-resized\"><img loading=\"lazy\" decoding=\"async\" src=\"https:\/\/ecolecaritas.be\/new\/wp-content\/uploads\/2023\/09\/20230918_104521-600x270.jpg\" alt=\"\" class=\"wp-image-158954\" style=\"width:375px;height:169px\" width=\"375\" height=\"169\" srcset=\"https:\/\/ecolecaritas.be\/new\/wp-content\/uploads\/2023\/09\/20230918_104521-600x270.jpg 600w, https:\/\/ecolecaritas.be\/new\/wp-content\/uploads\/2023\/09\/20230918_104521-300x135.jpg 300w, https:\/\/ecolecaritas.be\/new\/wp-content\/uploads\/2023\/09\/20230918_104521-768x346.jpg 768w, https:\/\/ecolecaritas.be\/new\/wp-content\/uploads\/2023\/09\/20230918_104521-1536x691.jpg 1536w, https:\/\/ecolecaritas.be\/new\/wp-content\/uploads\/2023\/09\/20230918_104521-2048x922.jpg 2048w, https:\/\/ecolecaritas.be\/new\/wp-content\/uploads\/2023\/09\/20230918_104521-1320x594.jpg 1320w\" sizes=\"auto, (max-width: 375px) 100vw, 375px\" \/><\/figure>\n\n\n\n<figure class=\"wp-block-video\"><video height=\"480\" style=\"aspect-ratio: 848 \/ 480;\" width=\"848\" controls src=\"https:\/\/ecolecaritas.be\/new\/wp-content\/uploads\/2023\/09\/VID-20230918-WA0000_002.mp4\"><\/video><\/figure>\n\n\n\n<figure class=\"wp-block-image size-large\"><img loading=\"lazy\" decoding=\"async\" width=\"600\" height=\"270\" src=\"https:\/\/ecolecaritas.be\/new\/wp-content\/uploads\/2023\/09\/20230914_113138-600x270.jpg\" alt=\"\" class=\"wp-image-158819\" srcset=\"https:\/\/ecolecaritas.be\/new\/wp-content\/uploads\/2023\/09\/20230914_113138-600x270.jpg 600w, https:\/\/ecolecaritas.be\/new\/wp-content\/uploads\/2023\/09\/20230914_113138-300x135.jpg 300w, https:\/\/ecolecaritas.be\/new\/wp-content\/uploads\/2023\/09\/20230914_113138-768x346.jpg 768w, https:\/\/ecolecaritas.be\/new\/wp-content\/uploads\/2023\/09\/20230914_113138-1536x691.jpg 1536w, https:\/\/ecolecaritas.be\/new\/wp-content\/uploads\/2023\/09\/20230914_113138-2048x922.jpg 2048w, https:\/\/ecolecaritas.be\/new\/wp-content\/uploads\/2023\/09\/20230914_113138-1320x594.jpg 1320w\" sizes=\"auto, (max-width: 600px) 100vw, 600px\" \/><\/figure>\n\n\n\n<figure class=\"wp-block-image size-large\"><img loading=\"lazy\" decoding=\"async\" width=\"600\" height=\"338\" src=\"https:\/\/ecolecaritas.be\/new\/wp-content\/uploads\/2023\/09\/IMG_20230912_112427-600x338.jpg\" alt=\"\" class=\"wp-image-158773\" srcset=\"https:\/\/ecolecaritas.be\/new\/wp-content\/uploads\/2023\/09\/IMG_20230912_112427-600x338.jpg 600w, https:\/\/ecolecaritas.be\/new\/wp-content\/uploads\/2023\/09\/IMG_20230912_112427-300x169.jpg 300w, https:\/\/ecolecaritas.be\/new\/wp-content\/uploads\/2023\/09\/IMG_20230912_112427-768x432.jpg 768w, https:\/\/ecolecaritas.be\/new\/wp-content\/uploads\/2023\/09\/IMG_20230912_112427-1536x864.jpg 1536w, https:\/\/ecolecaritas.be\/new\/wp-content\/uploads\/2023\/09\/IMG_20230912_112427-2048x1152.jpg 2048w, https:\/\/ecolecaritas.be\/new\/wp-content\/uploads\/2023\/09\/IMG_20230912_112427-678x381.jpg 678w, https:\/\/ecolecaritas.be\/new\/wp-content\/uploads\/2023\/09\/IMG_20230912_112427-1320x743.jpg 1320w\" sizes=\"auto, (max-width: 600px) 100vw, 600px\" \/><\/figure>\n\n\n\n<figure class=\"wp-block-image size-large\"><img loading=\"lazy\" decoding=\"async\" width=\"600\" height=\"338\" src=\"https:\/\/ecolecaritas.be\/new\/wp-content\/uploads\/2023\/09\/IMG_20230912_112416-600x338.jpg\" alt=\"\" class=\"wp-image-158774\" srcset=\"https:\/\/ecolecaritas.be\/new\/wp-content\/uploads\/2023\/09\/IMG_20230912_112416-600x338.jpg 600w, https:\/\/ecolecaritas.be\/new\/wp-content\/uploads\/2023\/09\/IMG_20230912_112416-300x169.jpg 300w, https:\/\/ecolecaritas.be\/new\/wp-content\/uploads\/2023\/09\/IMG_20230912_112416-768x432.jpg 768w, https:\/\/ecolecaritas.be\/new\/wp-content\/uploads\/2023\/09\/IMG_20230912_112416-1536x864.jpg 1536w, https:\/\/ecolecaritas.be\/new\/wp-content\/uploads\/2023\/09\/IMG_20230912_112416-2048x1152.jpg 2048w, https:\/\/ecolecaritas.be\/new\/wp-content\/uploads\/2023\/09\/IMG_20230912_112416-678x381.jpg 678w, https:\/\/ecolecaritas.be\/new\/wp-content\/uploads\/2023\/09\/IMG_20230912_112416-1320x743.jpg 1320w\" sizes=\"auto, (max-width: 600px) 100vw, 600px\" \/><\/figure>\n\n\n\n<figure class=\"wp-block-image size-large\"><img loading=\"lazy\" decoding=\"async\" width=\"600\" height=\"338\" src=\"https:\/\/ecolecaritas.be\/new\/wp-content\/uploads\/2023\/09\/IMG_20230905_091206-600x338.jpg\" alt=\"\" class=\"wp-image-158777\" srcset=\"https:\/\/ecolecaritas.be\/new\/wp-content\/uploads\/2023\/09\/IMG_20230905_091206-600x338.jpg 600w, https:\/\/ecolecaritas.be\/new\/wp-content\/uploads\/2023\/09\/IMG_20230905_091206-300x169.jpg 300w, https:\/\/ecolecaritas.be\/new\/wp-content\/uploads\/2023\/09\/IMG_20230905_091206-768x432.jpg 768w, https:\/\/ecolecaritas.be\/new\/wp-content\/uploads\/2023\/09\/IMG_20230905_091206-1536x864.jpg 1536w, https:\/\/ecolecaritas.be\/new\/wp-content\/uploads\/2023\/09\/IMG_20230905_091206-2048x1152.jpg 2048w, https:\/\/ecolecaritas.be\/new\/wp-content\/uploads\/2023\/09\/IMG_20230905_091206-678x381.jpg 678w, https:\/\/ecolecaritas.be\/new\/wp-content\/uploads\/2023\/09\/IMG_20230905_091206-1320x743.jpg 1320w\" sizes=\"auto, (max-width: 600px) 100vw, 600px\" \/><\/figure>\n\n\n\n<figure class=\"wp-block-image size-large\"><img loading=\"lazy\" decoding=\"async\" width=\"600\" height=\"338\" src=\"https:\/\/ecolecaritas.be\/new\/wp-content\/uploads\/2023\/09\/IMG_20230905_091202-600x338.jpg\" alt=\"\" class=\"wp-image-158778\" srcset=\"https:\/\/ecolecaritas.be\/new\/wp-content\/uploads\/2023\/09\/IMG_20230905_091202-600x338.jpg 600w, https:\/\/ecolecaritas.be\/new\/wp-content\/uploads\/2023\/09\/IMG_20230905_091202-300x169.jpg 300w, https:\/\/ecolecaritas.be\/new\/wp-content\/uploads\/2023\/09\/IMG_20230905_091202-768x432.jpg 768w, https:\/\/ecolecaritas.be\/new\/wp-content\/uploads\/2023\/09\/IMG_20230905_091202-1536x864.jpg 1536w, https:\/\/ecolecaritas.be\/new\/wp-content\/uploads\/2023\/09\/IMG_20230905_091202-2048x1152.jpg 2048w, https:\/\/ecolecaritas.be\/new\/wp-content\/uploads\/2023\/09\/IMG_20230905_091202-678x381.jpg 678w, https:\/\/ecolecaritas.be\/new\/wp-content\/uploads\/2023\/09\/IMG_20230905_091202-1320x743.jpg 1320w\" sizes=\"auto, (max-width: 600px) 100vw, 600px\" \/><\/figure>\n\n\n\n<figure class=\"wp-block-image size-large\"><img loading=\"lazy\" decoding=\"async\" width=\"600\" height=\"338\" src=\"https:\/\/ecolecaritas.be\/new\/wp-content\/uploads\/2023\/09\/IMG_20230905_091157-600x338.jpg\" alt=\"\" class=\"wp-image-158779\" srcset=\"https:\/\/ecolecaritas.be\/new\/wp-content\/uploads\/2023\/09\/IMG_20230905_091157-600x338.jpg 600w, https:\/\/ecolecaritas.be\/new\/wp-content\/uploads\/2023\/09\/IMG_20230905_091157-300x169.jpg 300w, https:\/\/ecolecaritas.be\/new\/wp-content\/uploads\/2023\/09\/IMG_20230905_091157-768x432.jpg 768w, https:\/\/ecolecaritas.be\/new\/wp-content\/uploads\/2023\/09\/IMG_20230905_091157-1536x864.jpg 1536w, https:\/\/ecolecaritas.be\/new\/wp-content\/uploads\/2023\/09\/IMG_20230905_091157-2048x1152.jpg 2048w, https:\/\/ecolecaritas.be\/new\/wp-content\/uploads\/2023\/09\/IMG_20230905_091157-678x381.jpg 678w, https:\/\/ecolecaritas.be\/new\/wp-content\/uploads\/2023\/09\/IMG_20230905_091157-1320x743.jpg 1320w\" sizes=\"auto, (max-width: 600px) 100vw, 600px\" \/><\/figure>\n\n\n\n<figure class=\"wp-block-image size-large\"><img loading=\"lazy\" decoding=\"async\" width=\"600\" height=\"338\" src=\"https:\/\/ecolecaritas.be\/new\/wp-content\/uploads\/2023\/09\/IMG_20230905_091154-600x338.jpg\" alt=\"\" class=\"wp-image-158780\" srcset=\"https:\/\/ecolecaritas.be\/new\/wp-content\/uploads\/2023\/09\/IMG_20230905_091154-600x338.jpg 600w, https:\/\/ecolecaritas.be\/new\/wp-content\/uploads\/2023\/09\/IMG_20230905_091154-300x169.jpg 300w, https:\/\/ecolecaritas.be\/new\/wp-content\/uploads\/2023\/09\/IMG_20230905_091154-768x432.jpg 768w, https:\/\/ecolecaritas.be\/new\/wp-content\/uploads\/2023\/09\/IMG_20230905_091154-1536x864.jpg 1536w, https:\/\/ecolecaritas.be\/new\/wp-content\/uploads\/2023\/09\/IMG_20230905_091154-2048x1152.jpg 2048w, https:\/\/ecolecaritas.be\/new\/wp-content\/uploads\/2023\/09\/IMG_20230905_091154-678x381.jpg 678w, https:\/\/ecolecaritas.be\/new\/wp-content\/uploads\/2023\/09\/IMG_20230905_091154-1320x743.jpg 1320w\" sizes=\"auto, (max-width: 600px) 100vw, 600px\" \/><\/figure>\n\n\n\n<figure class=\"wp-block-image size-large\"><img loading=\"lazy\" decoding=\"async\" width=\"600\" height=\"338\" src=\"https:\/\/ecolecaritas.be\/new\/wp-content\/uploads\/2023\/09\/IMG_20230905_091142-600x338.jpg\" alt=\"\" class=\"wp-image-158781\" srcset=\"https:\/\/ecolecaritas.be\/new\/wp-content\/uploads\/2023\/09\/IMG_20230905_091142-600x338.jpg 600w, https:\/\/ecolecaritas.be\/new\/wp-content\/uploads\/2023\/09\/IMG_20230905_091142-300x169.jpg 300w, https:\/\/ecolecaritas.be\/new\/wp-content\/uploads\/2023\/09\/IMG_20230905_091142-768x432.jpg 768w, https:\/\/ecolecaritas.be\/new\/wp-content\/uploads\/2023\/09\/IMG_20230905_091142-1536x864.jpg 1536w, https:\/\/ecolecaritas.be\/new\/wp-content\/uploads\/2023\/09\/IMG_20230905_091142-2048x1152.jpg 2048w, https:\/\/ecolecaritas.be\/new\/wp-content\/uploads\/2023\/09\/IMG_20230905_091142-678x381.jpg 678w, https:\/\/ecolecaritas.be\/new\/wp-content\/uploads\/2023\/09\/IMG_20230905_091142-1320x743.jpg 1320w\" sizes=\"auto, (max-width: 600px) 100vw, 600px\" \/><\/figure>\n\n\n\n<figure class=\"wp-block-image size-large\"><img loading=\"lazy\" decoding=\"async\" width=\"338\" height=\"600\" src=\"https:\/\/ecolecaritas.be\/new\/wp-content\/uploads\/2023\/09\/IMG_20230829_113808-338x600.jpg\" alt=\"\" class=\"wp-image-158791\" srcset=\"https:\/\/ecolecaritas.be\/new\/wp-content\/uploads\/2023\/09\/IMG_20230829_113808-338x600.jpg 338w, https:\/\/ecolecaritas.be\/new\/wp-content\/uploads\/2023\/09\/IMG_20230829_113808-169x300.jpg 169w, https:\/\/ecolecaritas.be\/new\/wp-content\/uploads\/2023\/09\/IMG_20230829_113808-768x1365.jpg 768w, https:\/\/ecolecaritas.be\/new\/wp-content\/uploads\/2023\/09\/IMG_20230829_113808-600x1067.jpg 600w, https:\/\/ecolecaritas.be\/new\/wp-content\/uploads\/2023\/09\/IMG_20230829_113808-864x1536.jpg 864w, https:\/\/ecolecaritas.be\/new\/wp-content\/uploads\/2023\/09\/IMG_20230829_113808-1152x2048.jpg 1152w, https:\/\/ecolecaritas.be\/new\/wp-content\/uploads\/2023\/09\/IMG_20230829_113808-1320x2347.jpg 1320w, https:\/\/ecolecaritas.be\/new\/wp-content\/uploads\/2023\/09\/IMG_20230829_113808-scaled.jpg 1440w\" sizes=\"auto, (max-width: 338px) 100vw, 338px\" \/><\/figure>\n\n\n\n<figure class=\"wp-block-image size-large\"><img loading=\"lazy\" decoding=\"async\" width=\"600\" height=\"270\" src=\"https:\/\/ecolecaritas.be\/new\/wp-content\/uploads\/2023\/09\/20230914_091204-600x270.jpg\" alt=\"\" class=\"wp-image-158820\" srcset=\"https:\/\/ecolecaritas.be\/new\/wp-content\/uploads\/2023\/09\/20230914_091204-600x270.jpg 600w, https:\/\/ecolecaritas.be\/new\/wp-content\/uploads\/2023\/09\/20230914_091204-300x135.jpg 300w, https:\/\/ecolecaritas.be\/new\/wp-content\/uploads\/2023\/09\/20230914_091204-768x346.jpg 768w, https:\/\/ecolecaritas.be\/new\/wp-content\/uploads\/2023\/09\/20230914_091204-1536x691.jpg 1536w, https:\/\/ecolecaritas.be\/new\/wp-content\/uploads\/2023\/09\/20230914_091204-2048x922.jpg 2048w, https:\/\/ecolecaritas.be\/new\/wp-content\/uploads\/2023\/09\/20230914_091204-1320x594.jpg 1320w\" sizes=\"auto, (max-width: 600px) 100vw, 600px\" \/><\/figure>\n\n\n\n<figure class=\"wp-block-image size-large\"><img loading=\"lazy\" decoding=\"async\" width=\"450\" height=\"600\" src=\"https:\/\/ecolecaritas.be\/new\/wp-content\/uploads\/2023\/09\/IMG-20230914-WA0014-450x600.jpg\" alt=\"\" class=\"wp-image-158817\" srcset=\"https:\/\/ecolecaritas.be\/new\/wp-content\/uploads\/2023\/09\/IMG-20230914-WA0014-450x600.jpg 450w, https:\/\/ecolecaritas.be\/new\/wp-content\/uploads\/2023\/09\/IMG-20230914-WA0014-225x300.jpg 225w, https:\/\/ecolecaritas.be\/new\/wp-content\/uploads\/2023\/09\/IMG-20230914-WA0014-600x800.jpg 600w, https:\/\/ecolecaritas.be\/new\/wp-content\/uploads\/2023\/09\/IMG-20230914-WA0014.jpg 768w\" sizes=\"auto, (max-width: 450px) 100vw, 450px\" \/><\/figure>\n\n\n\n<figure class=\"wp-block-image size-large is-resized\"><img loading=\"lazy\" decoding=\"async\" src=\"https:\/\/ecolecaritas.be\/new\/wp-content\/uploads\/2023\/09\/20230911_141500-600x270.jpg\" alt=\"\" class=\"wp-image-158796\" style=\"width:880px;height:396px\" width=\"880\" height=\"396\" srcset=\"https:\/\/ecolecaritas.be\/new\/wp-content\/uploads\/2023\/09\/20230911_141500-600x270.jpg 600w, https:\/\/ecolecaritas.be\/new\/wp-content\/uploads\/2023\/09\/20230911_141500-300x135.jpg 300w, https:\/\/ecolecaritas.be\/new\/wp-content\/uploads\/2023\/09\/20230911_141500-768x346.jpg 768w, https:\/\/ecolecaritas.be\/new\/wp-content\/uploads\/2023\/09\/20230911_141500-1536x691.jpg 1536w, https:\/\/ecolecaritas.be\/new\/wp-content\/uploads\/2023\/09\/20230911_141500-2048x922.jpg 2048w, https:\/\/ecolecaritas.be\/new\/wp-content\/uploads\/2023\/09\/20230911_141500-1320x594.jpg 1320w\" sizes=\"auto, (max-width: 880px) 100vw, 880px\" \/><\/figure>\n\n\n\n<figure class=\"wp-block-image size-large is-resized\"><img loading=\"lazy\" decoding=\"async\" src=\"https:\/\/ecolecaritas.be\/new\/wp-content\/uploads\/2023\/09\/20230906_114601-600x270.jpg\" alt=\"\" class=\"wp-image-158823\" style=\"width:813px;height:366px\" width=\"813\" height=\"366\" srcset=\"https:\/\/ecolecaritas.be\/new\/wp-content\/uploads\/2023\/09\/20230906_114601-600x270.jpg 600w, https:\/\/ecolecaritas.be\/new\/wp-content\/uploads\/2023\/09\/20230906_114601-300x135.jpg 300w, https:\/\/ecolecaritas.be\/new\/wp-content\/uploads\/2023\/09\/20230906_114601-768x346.jpg 768w, https:\/\/ecolecaritas.be\/new\/wp-content\/uploads\/2023\/09\/20230906_114601-1536x691.jpg 1536w, https:\/\/ecolecaritas.be\/new\/wp-content\/uploads\/2023\/09\/20230906_114601-2048x922.jpg 2048w, https:\/\/ecolecaritas.be\/new\/wp-content\/uploads\/2023\/09\/20230906_114601-1320x594.jpg 1320w\" sizes=\"auto, (max-width: 813px) 100vw, 813px\" \/><\/figure>\n\n\n\n<figure class=\"wp-block-image size-large is-resized\"><img loading=\"lazy\" decoding=\"async\" src=\"https:\/\/ecolecaritas.be\/new\/wp-content\/uploads\/2023\/09\/20230906_114608-600x270.jpg\" alt=\"\" class=\"wp-image-158822\" style=\"width:685px;height:311px\" width=\"685\" height=\"311\"\/><\/figure>\n\n\n\n<figure class=\"wp-block-image size-large\"><img loading=\"lazy\" decoding=\"async\" width=\"600\" height=\"450\" src=\"https:\/\/ecolecaritas.be\/new\/wp-content\/uploads\/2023\/09\/IMG-20230914-WA0003-600x450.jpg\" alt=\"\" class=\"wp-image-158834\" srcset=\"https:\/\/ecolecaritas.be\/new\/wp-content\/uploads\/2023\/09\/IMG-20230914-WA0003-600x450.jpg 600w, https:\/\/ecolecaritas.be\/new\/wp-content\/uploads\/2023\/09\/IMG-20230914-WA0003-300x225.jpg 300w, https:\/\/ecolecaritas.be\/new\/wp-content\/uploads\/2023\/09\/IMG-20230914-WA0003-768x576.jpg 768w, https:\/\/ecolecaritas.be\/new\/wp-content\/uploads\/2023\/09\/IMG-20230914-WA0003-678x509.jpg 678w, https:\/\/ecolecaritas.be\/new\/wp-content\/uploads\/2023\/09\/IMG-20230914-WA0003-326x245.jpg 326w, https:\/\/ecolecaritas.be\/new\/wp-content\/uploads\/2023\/09\/IMG-20230914-WA0003-80x60.jpg 80w, https:\/\/ecolecaritas.be\/new\/wp-content\/uploads\/2023\/09\/IMG-20230914-WA0003.jpg 1024w\" sizes=\"auto, (max-width: 600px) 100vw, 600px\" \/><\/figure>\n\n\n\n<figure class=\"wp-block-image size-large\"><img loading=\"lazy\" decoding=\"async\" width=\"450\" height=\"600\" src=\"https:\/\/ecolecaritas.be\/new\/wp-content\/uploads\/2023\/09\/IMG-20230914-WA0004-450x600.jpg\" alt=\"\" class=\"wp-image-158833\" srcset=\"https:\/\/ecolecaritas.be\/new\/wp-content\/uploads\/2023\/09\/IMG-20230914-WA0004-450x600.jpg 450w, https:\/\/ecolecaritas.be\/new\/wp-content\/uploads\/2023\/09\/IMG-20230914-WA0004-225x300.jpg 225w, https:\/\/ecolecaritas.be\/new\/wp-content\/uploads\/2023\/09\/IMG-20230914-WA0004-600x800.jpg 600w, https:\/\/ecolecaritas.be\/new\/wp-content\/uploads\/2023\/09\/IMG-20230914-WA0004.jpg 768w\" sizes=\"auto, (max-width: 450px) 100vw, 450px\" \/><\/figure>\n\n\n\n<figure class=\"wp-block-image size-large\"><img loading=\"lazy\" decoding=\"async\" width=\"450\" height=\"600\" src=\"https:\/\/ecolecaritas.be\/new\/wp-content\/uploads\/2023\/09\/IMG-20230914-WA0005-450x600.jpg\" alt=\"\" class=\"wp-image-158832\" srcset=\"https:\/\/ecolecaritas.be\/new\/wp-content\/uploads\/2023\/09\/IMG-20230914-WA0005-450x600.jpg 450w, https:\/\/ecolecaritas.be\/new\/wp-content\/uploads\/2023\/09\/IMG-20230914-WA0005-225x300.jpg 225w, https:\/\/ecolecaritas.be\/new\/wp-content\/uploads\/2023\/09\/IMG-20230914-WA0005-600x800.jpg 600w, https:\/\/ecolecaritas.be\/new\/wp-content\/uploads\/2023\/09\/IMG-20230914-WA0005.jpg 768w\" sizes=\"auto, (max-width: 450px) 100vw, 450px\" \/><\/figure>\n\n\n\n<figure class=\"wp-block-image size-large\"><img loading=\"lazy\" decoding=\"async\" width=\"450\" height=\"600\" src=\"https:\/\/ecolecaritas.be\/new\/wp-content\/uploads\/2023\/09\/IMG-20230914-WA0007-450x600.jpg\" alt=\"\" class=\"wp-image-158831\" srcset=\"https:\/\/ecolecaritas.be\/new\/wp-content\/uploads\/2023\/09\/IMG-20230914-WA0007-450x600.jpg 450w, https:\/\/ecolecaritas.be\/new\/wp-content\/uploads\/2023\/09\/IMG-20230914-WA0007-225x300.jpg 225w, https:\/\/ecolecaritas.be\/new\/wp-content\/uploads\/2023\/09\/IMG-20230914-WA0007-600x800.jpg 600w, https:\/\/ecolecaritas.be\/new\/wp-content\/uploads\/2023\/09\/IMG-20230914-WA0007.jpg 768w\" sizes=\"auto, (max-width: 450px) 100vw, 450px\" \/><\/figure>\n\n\n\n<figure class=\"wp-block-image size-large\"><img loading=\"lazy\" decoding=\"async\" width=\"600\" height=\"450\" src=\"https:\/\/ecolecaritas.be\/new\/wp-content\/uploads\/2023\/09\/IMG-20230914-WA0006-600x450.jpg\" alt=\"\" class=\"wp-image-158830\" srcset=\"https:\/\/ecolecaritas.be\/new\/wp-content\/uploads\/2023\/09\/IMG-20230914-WA0006-600x450.jpg 600w, https:\/\/ecolecaritas.be\/new\/wp-content\/uploads\/2023\/09\/IMG-20230914-WA0006-300x225.jpg 300w, https:\/\/ecolecaritas.be\/new\/wp-content\/uploads\/2023\/09\/IMG-20230914-WA0006-768x576.jpg 768w, https:\/\/ecolecaritas.be\/new\/wp-content\/uploads\/2023\/09\/IMG-20230914-WA0006-678x509.jpg 678w, https:\/\/ecolecaritas.be\/new\/wp-content\/uploads\/2023\/09\/IMG-20230914-WA0006-326x245.jpg 326w, https:\/\/ecolecaritas.be\/new\/wp-content\/uploads\/2023\/09\/IMG-20230914-WA0006-80x60.jpg 80w, https:\/\/ecolecaritas.be\/new\/wp-content\/uploads\/2023\/09\/IMG-20230914-WA0006.jpg 1024w\" sizes=\"auto, (max-width: 600px) 100vw, 600px\" \/><\/figure>\n\n\n\n<figure class=\"wp-block-image size-large\"><img loading=\"lazy\" decoding=\"async\" width=\"600\" height=\"450\" src=\"https:\/\/ecolecaritas.be\/new\/wp-content\/uploads\/2023\/09\/IMG-20230914-WA0009-600x450.jpg\" alt=\"\" class=\"wp-image-158829\" srcset=\"https:\/\/ecolecaritas.be\/new\/wp-content\/uploads\/2023\/09\/IMG-20230914-WA0009-600x450.jpg 600w, https:\/\/ecolecaritas.be\/new\/wp-content\/uploads\/2023\/09\/IMG-20230914-WA0009-300x225.jpg 300w, https:\/\/ecolecaritas.be\/new\/wp-content\/uploads\/2023\/09\/IMG-20230914-WA0009-768x576.jpg 768w, https:\/\/ecolecaritas.be\/new\/wp-content\/uploads\/2023\/09\/IMG-20230914-WA0009-678x509.jpg 678w, https:\/\/ecolecaritas.be\/new\/wp-content\/uploads\/2023\/09\/IMG-20230914-WA0009-326x245.jpg 326w, https:\/\/ecolecaritas.be\/new\/wp-content\/uploads\/2023\/09\/IMG-20230914-WA0009-80x60.jpg 80w, https:\/\/ecolecaritas.be\/new\/wp-content\/uploads\/2023\/09\/IMG-20230914-WA0009.jpg 1024w\" sizes=\"auto, (max-width: 600px) 100vw, 600px\" \/><\/figure>\n\n\n\n<figure class=\"wp-block-image size-large\"><img loading=\"lazy\" decoding=\"async\" width=\"450\" height=\"600\" src=\"https:\/\/ecolecaritas.be\/new\/wp-content\/uploads\/2023\/09\/IMG-20230914-WA0008-450x600.jpg\" alt=\"\" class=\"wp-image-158828\" srcset=\"https:\/\/ecolecaritas.be\/new\/wp-content\/uploads\/2023\/09\/IMG-20230914-WA0008-450x600.jpg 450w, https:\/\/ecolecaritas.be\/new\/wp-content\/uploads\/2023\/09\/IMG-20230914-WA0008-225x300.jpg 225w, https:\/\/ecolecaritas.be\/new\/wp-content\/uploads\/2023\/09\/IMG-20230914-WA0008-600x800.jpg 600w, https:\/\/ecolecaritas.be\/new\/wp-content\/uploads\/2023\/09\/IMG-20230914-WA0008.jpg 768w\" sizes=\"auto, (max-width: 450px) 100vw, 450px\" \/><\/figure>\n\n\n\n<figure class=\"wp-block-image size-large\"><img loading=\"lazy\" decoding=\"async\" width=\"600\" height=\"450\" src=\"https:\/\/ecolecaritas.be\/new\/wp-content\/uploads\/2023\/09\/IMG-20230914-WA0012-600x450.jpg\" alt=\"\" class=\"wp-image-158827\" srcset=\"https:\/\/ecolecaritas.be\/new\/wp-content\/uploads\/2023\/09\/IMG-20230914-WA0012-600x450.jpg 600w, https:\/\/ecolecaritas.be\/new\/wp-content\/uploads\/2023\/09\/IMG-20230914-WA0012-300x225.jpg 300w, https:\/\/ecolecaritas.be\/new\/wp-content\/uploads\/2023\/09\/IMG-20230914-WA0012-768x576.jpg 768w, https:\/\/ecolecaritas.be\/new\/wp-content\/uploads\/2023\/09\/IMG-20230914-WA0012-678x509.jpg 678w, https:\/\/ecolecaritas.be\/new\/wp-content\/uploads\/2023\/09\/IMG-20230914-WA0012-326x245.jpg 326w, https:\/\/ecolecaritas.be\/new\/wp-content\/uploads\/2023\/09\/IMG-20230914-WA0012-80x60.jpg 80w, https:\/\/ecolecaritas.be\/new\/wp-content\/uploads\/2023\/09\/IMG-20230914-WA0012.jpg 1024w\" sizes=\"auto, (max-width: 600px) 100vw, 600px\" \/><\/figure>\n\n\n\n<figure class=\"wp-block-image size-large is-resized\"><img loading=\"lazy\" decoding=\"async\" src=\"https:\/\/ecolecaritas.be\/new\/wp-content\/uploads\/2023\/09\/IMG-20230914-WA0011-450x600.jpg\" alt=\"\" class=\"wp-image-158826\" style=\"width:383px;height:511px\" width=\"383\" height=\"511\" srcset=\"https:\/\/ecolecaritas.be\/new\/wp-content\/uploads\/2023\/09\/IMG-20230914-WA0011-450x600.jpg 450w, https:\/\/ecolecaritas.be\/new\/wp-content\/uploads\/2023\/09\/IMG-20230914-WA0011-225x300.jpg 225w, https:\/\/ecolecaritas.be\/new\/wp-content\/uploads\/2023\/09\/IMG-20230914-WA0011-600x800.jpg 600w, https:\/\/ecolecaritas.be\/new\/wp-content\/uploads\/2023\/09\/IMG-20230914-WA0011.jpg 768w\" sizes=\"auto, (max-width: 383px) 100vw, 383px\" \/><\/figure>\n\n\n\n<figure class=\"wp-block-image size-large\"><img loading=\"lazy\" decoding=\"async\" width=\"270\" height=\"600\" src=\"https:\/\/ecolecaritas.be\/new\/wp-content\/uploads\/2023\/09\/20230907_091209-270x600.jpg\" alt=\"\" class=\"wp-image-158824\" srcset=\"https:\/\/ecolecaritas.be\/new\/wp-content\/uploads\/2023\/09\/20230907_091209-270x600.jpg 270w, https:\/\/ecolecaritas.be\/new\/wp-content\/uploads\/2023\/09\/20230907_091209-135x300.jpg 135w, https:\/\/ecolecaritas.be\/new\/wp-content\/uploads\/2023\/09\/20230907_091209-768x1707.jpg 768w, https:\/\/ecolecaritas.be\/new\/wp-content\/uploads\/2023\/09\/20230907_091209-600x1333.jpg 600w, https:\/\/ecolecaritas.be\/new\/wp-content\/uploads\/2023\/09\/20230907_091209-691x1536.jpg 691w, https:\/\/ecolecaritas.be\/new\/wp-content\/uploads\/2023\/09\/20230907_091209-922x2048.jpg 922w, https:\/\/ecolecaritas.be\/new\/wp-content\/uploads\/2023\/09\/20230907_091209-1320x2933.jpg 1320w, https:\/\/ecolecaritas.be\/new\/wp-content\/uploads\/2023\/09\/20230907_091209-scaled.jpg 1152w\" sizes=\"auto, (max-width: 270px) 100vw, 270px\" \/><\/figure>\n\n\n\n<figure class=\"wp-block-image size-large\"><img loading=\"lazy\" decoding=\"async\" width=\"450\" height=\"600\" src=\"https:\/\/ecolecaritas.be\/new\/wp-content\/uploads\/2023\/09\/IMG-20230914-WA0013-450x600.jpg\" alt=\"\" class=\"wp-image-158816\" srcset=\"https:\/\/ecolecaritas.be\/new\/wp-content\/uploads\/2023\/09\/IMG-20230914-WA0013-450x600.jpg 450w, https:\/\/ecolecaritas.be\/new\/wp-content\/uploads\/2023\/09\/IMG-20230914-WA0013-225x300.jpg 225w, https:\/\/ecolecaritas.be\/new\/wp-content\/uploads\/2023\/09\/IMG-20230914-WA0013-600x800.jpg 600w, https:\/\/ecolecaritas.be\/new\/wp-content\/uploads\/2023\/09\/IMG-20230914-WA0013.jpg 768w\" sizes=\"auto, (max-width: 450px) 100vw, 450px\" \/><\/figure>\n\n\n\n<figure class=\"wp-block-image size-large\"><img loading=\"lazy\" decoding=\"async\" width=\"600\" height=\"450\" src=\"https:\/\/ecolecaritas.be\/new\/wp-content\/uploads\/2023\/09\/IMG-20230914-WA0015-600x450.jpg\" alt=\"\" class=\"wp-image-158815\" srcset=\"https:\/\/ecolecaritas.be\/new\/wp-content\/uploads\/2023\/09\/IMG-20230914-WA0015-600x450.jpg 600w, https:\/\/ecolecaritas.be\/new\/wp-content\/uploads\/2023\/09\/IMG-20230914-WA0015-300x225.jpg 300w, https:\/\/ecolecaritas.be\/new\/wp-content\/uploads\/2023\/09\/IMG-20230914-WA0015-768x576.jpg 768w, https:\/\/ecolecaritas.be\/new\/wp-content\/uploads\/2023\/09\/IMG-20230914-WA0015-678x509.jpg 678w, https:\/\/ecolecaritas.be\/new\/wp-content\/uploads\/2023\/09\/IMG-20230914-WA0015-326x245.jpg 326w, https:\/\/ecolecaritas.be\/new\/wp-content\/uploads\/2023\/09\/IMG-20230914-WA0015-80x60.jpg 80w, https:\/\/ecolecaritas.be\/new\/wp-content\/uploads\/2023\/09\/IMG-20230914-WA0015.jpg 1024w\" sizes=\"auto, (max-width: 600px) 100vw, 600px\" \/><\/figure>\n\n\n\n<figure class=\"wp-block-image size-large\"><img loading=\"lazy\" decoding=\"async\" width=\"600\" height=\"270\" src=\"https:\/\/ecolecaritas.be\/new\/wp-content\/uploads\/2023\/09\/20230918_140232-600x270.jpg\" alt=\"\" class=\"wp-image-158956\" srcset=\"https:\/\/ecolecaritas.be\/new\/wp-content\/uploads\/2023\/09\/20230918_140232-600x270.jpg 600w, https:\/\/ecolecaritas.be\/new\/wp-content\/uploads\/2023\/09\/20230918_140232-300x135.jpg 300w, https:\/\/ecolecaritas.be\/new\/wp-content\/uploads\/2023\/09\/20230918_140232-768x346.jpg 768w, https:\/\/ecolecaritas.be\/new\/wp-content\/uploads\/2023\/09\/20230918_140232-1536x691.jpg 1536w, https:\/\/ecolecaritas.be\/new\/wp-content\/uploads\/2023\/09\/20230918_140232-2048x922.jpg 2048w, https:\/\/ecolecaritas.be\/new\/wp-content\/uploads\/2023\/09\/20230918_140232-1320x594.jpg 1320w\" sizes=\"auto, (max-width: 600px) 100vw, 600px\" \/><\/figure>\n\n\n\n<figure class=\"wp-block-image size-large\"><img loading=\"lazy\" decoding=\"async\" width=\"270\" height=\"600\" src=\"https:\/\/ecolecaritas.be\/new\/wp-content\/uploads\/2023\/09\/20230914_113023-1-270x600.jpg\" alt=\"\" class=\"wp-image-158947\" srcset=\"https:\/\/ecolecaritas.be\/new\/wp-content\/uploads\/2023\/09\/20230914_113023-1-270x600.jpg 270w, https:\/\/ecolecaritas.be\/new\/wp-content\/uploads\/2023\/09\/20230914_113023-1-135x300.jpg 135w, https:\/\/ecolecaritas.be\/new\/wp-content\/uploads\/2023\/09\/20230914_113023-1-768x1707.jpg 768w, https:\/\/ecolecaritas.be\/new\/wp-content\/uploads\/2023\/09\/20230914_113023-1-600x1333.jpg 600w, https:\/\/ecolecaritas.be\/new\/wp-content\/uploads\/2023\/09\/20230914_113023-1-691x1536.jpg 691w, https:\/\/ecolecaritas.be\/new\/wp-content\/uploads\/2023\/09\/20230914_113023-1-922x2048.jpg 922w, https:\/\/ecolecaritas.be\/new\/wp-content\/uploads\/2023\/09\/20230914_113023-1-1320x2933.jpg 1320w, https:\/\/ecolecaritas.be\/new\/wp-content\/uploads\/2023\/09\/20230914_113023-1-scaled.jpg 1152w\" sizes=\"auto, (max-width: 270px) 100vw, 270px\" \/><\/figure>\n","protected":false},"excerpt":{"rendered":"<div class=\"mh-excerpt\"><p>Quelques activit\u00e9s en images et vid\u00e9os depuis la rentr\u00e9e dans les classes maternelles !<\/p>\n<\/div>","protected":false},"author":4,"featured_media":158821,"comment_status":"closed","ping_status":"closed","sticky":false,"template":"","format":"standard","meta":{"footnotes":""},"categories":[7],"tags":[],"class_list":["post-158792","post","type-post","status-publish","format-standard","has-post-thumbnail","hentry","category-mat"],"_links":{"self":[{"href":"https:\/\/ecolecaritas.be\/new\/wp-json\/wp\/v2\/posts\/158792","targetHints":{"allow":["GET"]}}],"collection":[{"href":"https:\/\/ecolecaritas.be\/new\/wp-json\/wp\/v2\/posts"}],"about":[{"href":"https:\/\/ecolecaritas.be\/new\/wp-json\/wp\/v2\/types\/post"}],"author":[{"embeddable":true,"href":"https:\/\/ecolecaritas.be\/new\/wp-json\/wp\/v2\/users\/4"}],"replies":[{"embeddable":true,"href":"https:\/\/ecolecaritas.be\/new\/wp-json\/wp\/v2\/comments?post=158792"}],"version-history":[{"count":10,"href":"https:\/\/ecolecaritas.be\/new\/wp-json\/wp\/v2\/posts\/158792\/revisions"}],"predecessor-version":[{"id":158960,"href":"https:\/\/ecolecaritas.be\/new\/wp-json\/wp\/v2\/posts\/158792\/revisions\/158960"}],"wp:featuredmedia":[{"embeddable":true,"href":"https:\/\/ecolecaritas.be\/new\/wp-json\/wp\/v2\/media\/158821"}],"wp:attachment":[{"href":"https:\/\/ecolecaritas.be\/new\/wp-json\/wp\/v2\/media?parent=158792"}],"wp:term":[{"taxonomy":"category","embeddable":true,"href":"https:\/\/ecolecaritas.be\/new\/wp-json\/wp\/v2\/categories?post=158792"},{"taxonomy":"post_tag","embeddable":true,"href":"https:\/\/ecolecaritas.be\/new\/wp-json\/wp\/v2\/tags?post=158792"}],"curies":[{"name":"wp","href":"https:\/\/api.w.org\/{rel}","templated":true}]}}