{"id":158857,"date":"2023-09-16T19:48:02","date_gmt":"2023-09-16T17:48:02","guid":{"rendered":"https:\/\/ecolecaritas.be\/new\/?p=158857"},"modified":"2023-09-16T19:48:02","modified_gmt":"2023-09-16T17:48:02","slug":"visite-de-lecole-avec-les-acc-m1","status":"publish","type":"post","link":"https:\/\/ecolecaritas.be\/new\/visite-de-lecole-avec-les-acc-m1\/","title":{"rendered":"Visite de l&rsquo;\u00e9cole avec les acc\/M1!&#x1f917;&#x1f970;"},"content":{"rendered":"\n<p>L&rsquo;Ecole Dehors, c&rsquo;est d&rsquo;abord la d\u00e9couverte de l&rsquo;environnement proche de l&rsquo;enfant! &#x1f929;<\/p>\n\n\n\n<p>C&rsquo;est pourquoi la classe des Papillons et Chenilles a pouss\u00e9 les portes des classes primaires. Ils ont \u00e9t\u00e9 accueillis \u00e0 bras ouverts par les plus grands! Ils ont beaucoup appr\u00e9ci\u00e9 les retrouvailles entre fr\u00e8res et s\u0153urs, les rencontres avec les professeurs et Mme Carole, notre directrice. &#x1f917;<\/p>\n\n\n\n<p><\/p>\n\n\n\n<p><\/p>\n\n\n\n<figure class=\"wp-block-image size-large\"><img loading=\"lazy\" decoding=\"async\" width=\"600\" height=\"338\" src=\"https:\/\/ecolecaritas.be\/new\/wp-content\/uploads\/2023\/09\/IMG_20230914_104248-600x338.jpg\" alt=\"\" class=\"wp-image-158812\" srcset=\"https:\/\/ecolecaritas.be\/new\/wp-content\/uploads\/2023\/09\/IMG_20230914_104248-600x338.jpg 600w, https:\/\/ecolecaritas.be\/new\/wp-content\/uploads\/2023\/09\/IMG_20230914_104248-300x169.jpg 300w, https:\/\/ecolecaritas.be\/new\/wp-content\/uploads\/2023\/09\/IMG_20230914_104248-768x432.jpg 768w, https:\/\/ecolecaritas.be\/new\/wp-content\/uploads\/2023\/09\/IMG_20230914_104248-1536x864.jpg 1536w, https:\/\/ecolecaritas.be\/new\/wp-content\/uploads\/2023\/09\/IMG_20230914_104248-2048x1152.jpg 2048w, https:\/\/ecolecaritas.be\/new\/wp-content\/uploads\/2023\/09\/IMG_20230914_104248-678x381.jpg 678w, https:\/\/ecolecaritas.be\/new\/wp-content\/uploads\/2023\/09\/IMG_20230914_104248-1320x743.jpg 1320w\" sizes=\"auto, (max-width: 600px) 100vw, 600px\" \/><\/figure>\n\n\n\n<figure class=\"wp-block-image size-large\"><img loading=\"lazy\" decoding=\"async\" width=\"600\" height=\"338\" src=\"https:\/\/ecolecaritas.be\/new\/wp-content\/uploads\/2023\/09\/IMG_20230914_104513-600x338.jpg\" alt=\"\" class=\"wp-image-158811\" srcset=\"https:\/\/ecolecaritas.be\/new\/wp-content\/uploads\/2023\/09\/IMG_20230914_104513-600x338.jpg 600w, https:\/\/ecolecaritas.be\/new\/wp-content\/uploads\/2023\/09\/IMG_20230914_104513-300x169.jpg 300w, https:\/\/ecolecaritas.be\/new\/wp-content\/uploads\/2023\/09\/IMG_20230914_104513-768x432.jpg 768w, https:\/\/ecolecaritas.be\/new\/wp-content\/uploads\/2023\/09\/IMG_20230914_104513-1536x864.jpg 1536w, https:\/\/ecolecaritas.be\/new\/wp-content\/uploads\/2023\/09\/IMG_20230914_104513-2048x1152.jpg 2048w, https:\/\/ecolecaritas.be\/new\/wp-content\/uploads\/2023\/09\/IMG_20230914_104513-678x381.jpg 678w, https:\/\/ecolecaritas.be\/new\/wp-content\/uploads\/2023\/09\/IMG_20230914_104513-1320x743.jpg 1320w\" sizes=\"auto, (max-width: 600px) 100vw, 600px\" \/><\/figure>\n\n\n\n<figure class=\"wp-block-image size-large\"><img loading=\"lazy\" decoding=\"async\" width=\"600\" height=\"338\" src=\"https:\/\/ecolecaritas.be\/new\/wp-content\/uploads\/2023\/09\/IMG_20230914_104756-600x338.jpg\" alt=\"\" class=\"wp-image-158810\" srcset=\"https:\/\/ecolecaritas.be\/new\/wp-content\/uploads\/2023\/09\/IMG_20230914_104756-600x338.jpg 600w, https:\/\/ecolecaritas.be\/new\/wp-content\/uploads\/2023\/09\/IMG_20230914_104756-300x169.jpg 300w, https:\/\/ecolecaritas.be\/new\/wp-content\/uploads\/2023\/09\/IMG_20230914_104756-768x432.jpg 768w, https:\/\/ecolecaritas.be\/new\/wp-content\/uploads\/2023\/09\/IMG_20230914_104756-1536x864.jpg 1536w, https:\/\/ecolecaritas.be\/new\/wp-content\/uploads\/2023\/09\/IMG_20230914_104756-2048x1152.jpg 2048w, https:\/\/ecolecaritas.be\/new\/wp-content\/uploads\/2023\/09\/IMG_20230914_104756-678x381.jpg 678w, https:\/\/ecolecaritas.be\/new\/wp-content\/uploads\/2023\/09\/IMG_20230914_104756-1320x743.jpg 1320w\" sizes=\"auto, (max-width: 600px) 100vw, 600px\" \/><\/figure>\n\n\n\n<figure class=\"wp-block-image size-large is-resized\"><img loading=\"lazy\" decoding=\"async\" src=\"https:\/\/ecolecaritas.be\/new\/wp-content\/uploads\/2023\/09\/IMG_20230914_105251-338x600.jpg\" alt=\"\" class=\"wp-image-158809\" style=\"width:251px;height:445px\" width=\"251\" height=\"445\" srcset=\"https:\/\/ecolecaritas.be\/new\/wp-content\/uploads\/2023\/09\/IMG_20230914_105251-338x600.jpg 338w, https:\/\/ecolecaritas.be\/new\/wp-content\/uploads\/2023\/09\/IMG_20230914_105251-169x300.jpg 169w, https:\/\/ecolecaritas.be\/new\/wp-content\/uploads\/2023\/09\/IMG_20230914_105251-768x1365.jpg 768w, https:\/\/ecolecaritas.be\/new\/wp-content\/uploads\/2023\/09\/IMG_20230914_105251-600x1067.jpg 600w, https:\/\/ecolecaritas.be\/new\/wp-content\/uploads\/2023\/09\/IMG_20230914_105251-864x1536.jpg 864w, https:\/\/ecolecaritas.be\/new\/wp-content\/uploads\/2023\/09\/IMG_20230914_105251-1152x2048.jpg 1152w, https:\/\/ecolecaritas.be\/new\/wp-content\/uploads\/2023\/09\/IMG_20230914_105251-1320x2347.jpg 1320w, https:\/\/ecolecaritas.be\/new\/wp-content\/uploads\/2023\/09\/IMG_20230914_105251-scaled.jpg 1440w\" sizes=\"auto, (max-width: 251px) 100vw, 251px\" \/><\/figure>\n\n\n\n<figure class=\"wp-block-image size-large\"><img loading=\"lazy\" decoding=\"async\" width=\"600\" height=\"338\" src=\"https:\/\/ecolecaritas.be\/new\/wp-content\/uploads\/2023\/09\/IMG_20230914_105451-600x338.jpg\" alt=\"\" class=\"wp-image-158808\" srcset=\"https:\/\/ecolecaritas.be\/new\/wp-content\/uploads\/2023\/09\/IMG_20230914_105451-600x338.jpg 600w, https:\/\/ecolecaritas.be\/new\/wp-content\/uploads\/2023\/09\/IMG_20230914_105451-300x169.jpg 300w, https:\/\/ecolecaritas.be\/new\/wp-content\/uploads\/2023\/09\/IMG_20230914_105451-768x432.jpg 768w, https:\/\/ecolecaritas.be\/new\/wp-content\/uploads\/2023\/09\/IMG_20230914_105451-1536x864.jpg 1536w, https:\/\/ecolecaritas.be\/new\/wp-content\/uploads\/2023\/09\/IMG_20230914_105451-2048x1152.jpg 2048w, https:\/\/ecolecaritas.be\/new\/wp-content\/uploads\/2023\/09\/IMG_20230914_105451-678x381.jpg 678w, https:\/\/ecolecaritas.be\/new\/wp-content\/uploads\/2023\/09\/IMG_20230914_105451-1320x743.jpg 1320w\" sizes=\"auto, (max-width: 600px) 100vw, 600px\" \/><\/figure>\n\n\n\n<figure class=\"wp-block-image size-large\"><img loading=\"lazy\" decoding=\"async\" width=\"600\" height=\"338\" src=\"https:\/\/ecolecaritas.be\/new\/wp-content\/uploads\/2023\/09\/IMG_20230914_105528-600x338.jpg\" alt=\"\" class=\"wp-image-158807\" srcset=\"https:\/\/ecolecaritas.be\/new\/wp-content\/uploads\/2023\/09\/IMG_20230914_105528-600x338.jpg 600w, https:\/\/ecolecaritas.be\/new\/wp-content\/uploads\/2023\/09\/IMG_20230914_105528-300x169.jpg 300w, https:\/\/ecolecaritas.be\/new\/wp-content\/uploads\/2023\/09\/IMG_20230914_105528-768x432.jpg 768w, https:\/\/ecolecaritas.be\/new\/wp-content\/uploads\/2023\/09\/IMG_20230914_105528-1536x864.jpg 1536w, https:\/\/ecolecaritas.be\/new\/wp-content\/uploads\/2023\/09\/IMG_20230914_105528-2048x1152.jpg 2048w, https:\/\/ecolecaritas.be\/new\/wp-content\/uploads\/2023\/09\/IMG_20230914_105528-678x381.jpg 678w, https:\/\/ecolecaritas.be\/new\/wp-content\/uploads\/2023\/09\/IMG_20230914_105528-1320x743.jpg 1320w\" sizes=\"auto, (max-width: 600px) 100vw, 600px\" \/><\/figure>\n\n\n\n<figure class=\"wp-block-image size-large\"><img loading=\"lazy\" decoding=\"async\" width=\"338\" height=\"600\" src=\"https:\/\/ecolecaritas.be\/new\/wp-content\/uploads\/2023\/09\/IMG_20230914_105758-338x600.jpg\" alt=\"\" class=\"wp-image-158806\" srcset=\"https:\/\/ecolecaritas.be\/new\/wp-content\/uploads\/2023\/09\/IMG_20230914_105758-338x600.jpg 338w, https:\/\/ecolecaritas.be\/new\/wp-content\/uploads\/2023\/09\/IMG_20230914_105758-169x300.jpg 169w, https:\/\/ecolecaritas.be\/new\/wp-content\/uploads\/2023\/09\/IMG_20230914_105758-768x1365.jpg 768w, https:\/\/ecolecaritas.be\/new\/wp-content\/uploads\/2023\/09\/IMG_20230914_105758-600x1067.jpg 600w, https:\/\/ecolecaritas.be\/new\/wp-content\/uploads\/2023\/09\/IMG_20230914_105758-864x1536.jpg 864w, https:\/\/ecolecaritas.be\/new\/wp-content\/uploads\/2023\/09\/IMG_20230914_105758-1152x2048.jpg 1152w, https:\/\/ecolecaritas.be\/new\/wp-content\/uploads\/2023\/09\/IMG_20230914_105758-1320x2347.jpg 1320w, https:\/\/ecolecaritas.be\/new\/wp-content\/uploads\/2023\/09\/IMG_20230914_105758-scaled.jpg 1440w\" sizes=\"auto, (max-width: 338px) 100vw, 338px\" \/><\/figure>\n\n\n\n<figure class=\"wp-block-image size-large is-resized\"><img loading=\"lazy\" decoding=\"async\" src=\"https:\/\/ecolecaritas.be\/new\/wp-content\/uploads\/2023\/09\/IMG_20230914_105828-600x338.jpg\" alt=\"\" class=\"wp-image-158805\" style=\"width:316px;height:178px\" width=\"316\" height=\"178\" srcset=\"https:\/\/ecolecaritas.be\/new\/wp-content\/uploads\/2023\/09\/IMG_20230914_105828-600x338.jpg 600w, https:\/\/ecolecaritas.be\/new\/wp-content\/uploads\/2023\/09\/IMG_20230914_105828-300x169.jpg 300w, https:\/\/ecolecaritas.be\/new\/wp-content\/uploads\/2023\/09\/IMG_20230914_105828-768x432.jpg 768w, https:\/\/ecolecaritas.be\/new\/wp-content\/uploads\/2023\/09\/IMG_20230914_105828-1536x864.jpg 1536w, https:\/\/ecolecaritas.be\/new\/wp-content\/uploads\/2023\/09\/IMG_20230914_105828-2048x1152.jpg 2048w, https:\/\/ecolecaritas.be\/new\/wp-content\/uploads\/2023\/09\/IMG_20230914_105828-678x381.jpg 678w, https:\/\/ecolecaritas.be\/new\/wp-content\/uploads\/2023\/09\/IMG_20230914_105828-1320x743.jpg 1320w\" sizes=\"auto, (max-width: 316px) 100vw, 316px\" \/><\/figure>\n\n\n\n<figure class=\"wp-block-image size-large is-resized\"><img loading=\"lazy\" decoding=\"async\" src=\"https:\/\/ecolecaritas.be\/new\/wp-content\/uploads\/2023\/09\/IMG_20230914_105935-600x338.jpg\" alt=\"\" class=\"wp-image-158804\" style=\"width:379px;height:213px\" width=\"379\" height=\"213\" srcset=\"https:\/\/ecolecaritas.be\/new\/wp-content\/uploads\/2023\/09\/IMG_20230914_105935-600x338.jpg 600w, https:\/\/ecolecaritas.be\/new\/wp-content\/uploads\/2023\/09\/IMG_20230914_105935-300x169.jpg 300w, https:\/\/ecolecaritas.be\/new\/wp-content\/uploads\/2023\/09\/IMG_20230914_105935-768x432.jpg 768w, https:\/\/ecolecaritas.be\/new\/wp-content\/uploads\/2023\/09\/IMG_20230914_105935-1536x864.jpg 1536w, https:\/\/ecolecaritas.be\/new\/wp-content\/uploads\/2023\/09\/IMG_20230914_105935-2048x1152.jpg 2048w, https:\/\/ecolecaritas.be\/new\/wp-content\/uploads\/2023\/09\/IMG_20230914_105935-678x381.jpg 678w, https:\/\/ecolecaritas.be\/new\/wp-content\/uploads\/2023\/09\/IMG_20230914_105935-1320x743.jpg 1320w\" sizes=\"auto, (max-width: 379px) 100vw, 379px\" \/><\/figure>\n\n\n\n<figure class=\"wp-block-image size-large\"><img loading=\"lazy\" decoding=\"async\" width=\"600\" height=\"338\" src=\"https:\/\/ecolecaritas.be\/new\/wp-content\/uploads\/2023\/09\/IMG_20230914_110654-600x338.jpg\" alt=\"\" class=\"wp-image-158803\" srcset=\"https:\/\/ecolecaritas.be\/new\/wp-content\/uploads\/2023\/09\/IMG_20230914_110654-600x338.jpg 600w, https:\/\/ecolecaritas.be\/new\/wp-content\/uploads\/2023\/09\/IMG_20230914_110654-300x169.jpg 300w, https:\/\/ecolecaritas.be\/new\/wp-content\/uploads\/2023\/09\/IMG_20230914_110654-768x432.jpg 768w, https:\/\/ecolecaritas.be\/new\/wp-content\/uploads\/2023\/09\/IMG_20230914_110654-1536x864.jpg 1536w, https:\/\/ecolecaritas.be\/new\/wp-content\/uploads\/2023\/09\/IMG_20230914_110654-2048x1152.jpg 2048w, https:\/\/ecolecaritas.be\/new\/wp-content\/uploads\/2023\/09\/IMG_20230914_110654-678x381.jpg 678w, https:\/\/ecolecaritas.be\/new\/wp-content\/uploads\/2023\/09\/IMG_20230914_110654-1320x743.jpg 1320w\" sizes=\"auto, (max-width: 600px) 100vw, 600px\" \/><\/figure>\n","protected":false},"excerpt":{"rendered":"<div class=\"mh-excerpt\"><p>L&rsquo;Ecole Dehors, c&rsquo;est d&rsquo;abord la d\u00e9couverte de l&rsquo;environnement proche de l&rsquo;enfant! &#x1f929; C&rsquo;est pourquoi la classe des Papillons et Chenilles a pouss\u00e9 les portes des <a class=\"mh-excerpt-more\" href=\"https:\/\/ecolecaritas.be\/new\/visite-de-lecole-avec-les-acc-m1\/\" title=\"Visite de l&rsquo;\u00e9cole avec les acc\/M1!&#x1f917;&#x1f970;\">[&#8230;]<\/a><\/p>\n<\/div>","protected":false},"author":4,"featured_media":158865,"comment_status":"closed","ping_status":"closed","sticky":false,"template":"","format":"standard","meta":{"footnotes":""},"categories":[7],"tags":[],"class_list":["post-158857","post","type-post","status-publish","format-standard","has-post-thumbnail","hentry","category-mat"],"_links":{"self":[{"href":"https:\/\/ecolecaritas.be\/new\/wp-json\/wp\/v2\/posts\/158857","targetHints":{"allow":["GET"]}}],"collection":[{"href":"https:\/\/ecolecaritas.be\/new\/wp-json\/wp\/v2\/posts"}],"about":[{"href":"https:\/\/ecolecaritas.be\/new\/wp-json\/wp\/v2\/types\/post"}],"author":[{"embeddable":true,"href":"https:\/\/ecolecaritas.be\/new\/wp-json\/wp\/v2\/users\/4"}],"replies":[{"embeddable":true,"href":"https:\/\/ecolecaritas.be\/new\/wp-json\/wp\/v2\/comments?post=158857"}],"version-history":[{"count":4,"href":"https:\/\/ecolecaritas.be\/new\/wp-json\/wp\/v2\/posts\/158857\/revisions"}],"predecessor-version":[{"id":158875,"href":"https:\/\/ecolecaritas.be\/new\/wp-json\/wp\/v2\/posts\/158857\/revisions\/158875"}],"wp:featuredmedia":[{"embeddable":true,"href":"https:\/\/ecolecaritas.be\/new\/wp-json\/wp\/v2\/media\/158865"}],"wp:attachment":[{"href":"https:\/\/ecolecaritas.be\/new\/wp-json\/wp\/v2\/media?parent=158857"}],"wp:term":[{"taxonomy":"category","embeddable":true,"href":"https:\/\/ecolecaritas.be\/new\/wp-json\/wp\/v2\/categories?post=158857"},{"taxonomy":"post_tag","embeddable":true,"href":"https:\/\/ecolecaritas.be\/new\/wp-json\/wp\/v2\/tags?post=158857"}],"curies":[{"name":"wp","href":"https:\/\/api.w.org\/{rel}","templated":true}]}}