{"id":158872,"date":"2023-09-18T19:35:11","date_gmt":"2023-09-18T17:35:11","guid":{"rendered":"https:\/\/ecolecaritas.be\/new\/?p=158872"},"modified":"2023-09-18T19:35:11","modified_gmt":"2023-09-18T17:35:11","slug":"baguage-des-oiseaux-pour-les-p3p4-et-p5","status":"publish","type":"post","link":"https:\/\/ecolecaritas.be\/new\/baguage-des-oiseaux-pour-les-p3p4-et-p5\/","title":{"rendered":"Baguage des oiseaux pour les P3,P4 et P5!&#x1f985;&#x1f60a;"},"content":{"rendered":"\n<p><br>Ce vendredi 15 septembre, nos \u00e9l\u00e8ves ont eu la chance de rencontrer et d&rsquo;\u00e9couter les explications de Vincent Bulteau, toujours aussi passionn\u00e9 et passionnant, captivant et fascinant ! &#x1f917;<br>Prendre soin des oiseaux et les traiter avec respect, apprendre \u00e0 les conna\u00eetre et les reconna\u00eetre \u2026 Vincent nous a partag\u00e9 bon nombre de ses connaissances ! Les trajets des migrations, les voyages transsahariens, l&rsquo;identification des oiseaux, les fauvettes \u00e0 t\u00eate noire ou les poules d&rsquo;eau, \u2026 (pour ne citer que ces quelques exemples), n&rsquo;ont d\u00e9sormais plus de secret pour eux !&#x1f985;<\/p>\n\n\n\n<figure class=\"wp-block-image size-large\"><img loading=\"lazy\" decoding=\"async\" width=\"450\" height=\"600\" src=\"https:\/\/ecolecaritas.be\/new\/wp-content\/uploads\/2023\/09\/IMG-20230915-WA0004-450x600.jpg\" alt=\"\" class=\"wp-image-158870\" srcset=\"https:\/\/ecolecaritas.be\/new\/wp-content\/uploads\/2023\/09\/IMG-20230915-WA0004-450x600.jpg 450w, https:\/\/ecolecaritas.be\/new\/wp-content\/uploads\/2023\/09\/IMG-20230915-WA0004-225x300.jpg 225w, https:\/\/ecolecaritas.be\/new\/wp-content\/uploads\/2023\/09\/IMG-20230915-WA0004-600x800.jpg 600w, https:\/\/ecolecaritas.be\/new\/wp-content\/uploads\/2023\/09\/IMG-20230915-WA0004.jpg 768w\" sizes=\"auto, (max-width: 450px) 100vw, 450px\" \/><\/figure>\n\n\n\n<figure class=\"wp-block-image size-large is-resized\"><img decoding=\"async\" src=\"https:\/\/ecolecaritas.be\/new\/wp-content\/uploads\/2023\/09\/IMG-20230915-WA0005-450x600.jpg\" alt=\"\" class=\"wp-image-158868\" style=\"height:5px\" height=\"5\" srcset=\"https:\/\/ecolecaritas.be\/new\/wp-content\/uploads\/2023\/09\/IMG-20230915-WA0005-450x600.jpg 450w, https:\/\/ecolecaritas.be\/new\/wp-content\/uploads\/2023\/09\/IMG-20230915-WA0005-225x300.jpg 225w, https:\/\/ecolecaritas.be\/new\/wp-content\/uploads\/2023\/09\/IMG-20230915-WA0005-600x800.jpg 600w, https:\/\/ecolecaritas.be\/new\/wp-content\/uploads\/2023\/09\/IMG-20230915-WA0005.jpg 768w\" sizes=\"(max-width: 450px) 100vw, 450px\" \/><\/figure>\n\n\n\n<figure class=\"wp-block-image size-large\"><img loading=\"lazy\" decoding=\"async\" width=\"450\" height=\"600\" src=\"https:\/\/ecolecaritas.be\/new\/wp-content\/uploads\/2023\/09\/IMG-20230915-WA0005-450x600.jpg\" alt=\"\" class=\"wp-image-158868\" srcset=\"https:\/\/ecolecaritas.be\/new\/wp-content\/uploads\/2023\/09\/IMG-20230915-WA0005-450x600.jpg 450w, https:\/\/ecolecaritas.be\/new\/wp-content\/uploads\/2023\/09\/IMG-20230915-WA0005-225x300.jpg 225w, https:\/\/ecolecaritas.be\/new\/wp-content\/uploads\/2023\/09\/IMG-20230915-WA0005-600x800.jpg 600w, https:\/\/ecolecaritas.be\/new\/wp-content\/uploads\/2023\/09\/IMG-20230915-WA0005.jpg 768w\" sizes=\"auto, (max-width: 450px) 100vw, 450px\" \/><\/figure>\n\n\n\n<figure class=\"wp-block-image size-large\"><img loading=\"lazy\" decoding=\"async\" width=\"600\" height=\"450\" src=\"https:\/\/ecolecaritas.be\/new\/wp-content\/uploads\/2023\/09\/IMG-20230916-WA0004-600x450.jpg\" alt=\"\" class=\"wp-image-158886\" srcset=\"https:\/\/ecolecaritas.be\/new\/wp-content\/uploads\/2023\/09\/IMG-20230916-WA0004-600x450.jpg 600w, https:\/\/ecolecaritas.be\/new\/wp-content\/uploads\/2023\/09\/IMG-20230916-WA0004-300x225.jpg 300w, https:\/\/ecolecaritas.be\/new\/wp-content\/uploads\/2023\/09\/IMG-20230916-WA0004-768x576.jpg 768w, https:\/\/ecolecaritas.be\/new\/wp-content\/uploads\/2023\/09\/IMG-20230916-WA0004-678x509.jpg 678w, https:\/\/ecolecaritas.be\/new\/wp-content\/uploads\/2023\/09\/IMG-20230916-WA0004-326x245.jpg 326w, https:\/\/ecolecaritas.be\/new\/wp-content\/uploads\/2023\/09\/IMG-20230916-WA0004-80x60.jpg 80w, https:\/\/ecolecaritas.be\/new\/wp-content\/uploads\/2023\/09\/IMG-20230916-WA0004.jpg 1024w\" sizes=\"auto, (max-width: 600px) 100vw, 600px\" \/><\/figure>\n\n\n\n<figure class=\"wp-block-image size-large\"><img loading=\"lazy\" decoding=\"async\" width=\"600\" height=\"482\" src=\"https:\/\/ecolecaritas.be\/new\/wp-content\/uploads\/2023\/09\/IMG-20230916-WA0003-600x482.jpg\" alt=\"\" class=\"wp-image-158885\" srcset=\"https:\/\/ecolecaritas.be\/new\/wp-content\/uploads\/2023\/09\/IMG-20230916-WA0003-600x482.jpg 600w, https:\/\/ecolecaritas.be\/new\/wp-content\/uploads\/2023\/09\/IMG-20230916-WA0003-300x241.jpg 300w, https:\/\/ecolecaritas.be\/new\/wp-content\/uploads\/2023\/09\/IMG-20230916-WA0003-768x617.jpg 768w, https:\/\/ecolecaritas.be\/new\/wp-content\/uploads\/2023\/09\/IMG-20230916-WA0003.jpg 1024w\" sizes=\"auto, (max-width: 600px) 100vw, 600px\" \/><\/figure>\n\n\n\n<figure class=\"wp-block-image size-large\"><img loading=\"lazy\" decoding=\"async\" width=\"600\" height=\"504\" src=\"https:\/\/ecolecaritas.be\/new\/wp-content\/uploads\/2023\/09\/IMG-20230916-WA0011-600x504.jpg\" alt=\"\" class=\"wp-image-158884\" srcset=\"https:\/\/ecolecaritas.be\/new\/wp-content\/uploads\/2023\/09\/IMG-20230916-WA0011-600x504.jpg 600w, https:\/\/ecolecaritas.be\/new\/wp-content\/uploads\/2023\/09\/IMG-20230916-WA0011-300x252.jpg 300w, https:\/\/ecolecaritas.be\/new\/wp-content\/uploads\/2023\/09\/IMG-20230916-WA0011-768x646.jpg 768w, https:\/\/ecolecaritas.be\/new\/wp-content\/uploads\/2023\/09\/IMG-20230916-WA0011.jpg 1024w\" sizes=\"auto, (max-width: 600px) 100vw, 600px\" \/><\/figure>\n\n\n\n<figure class=\"wp-block-image size-large\"><img loading=\"lazy\" decoding=\"async\" width=\"391\" height=\"600\" src=\"https:\/\/ecolecaritas.be\/new\/wp-content\/uploads\/2023\/09\/IMG-20230916-WA0010-391x600.jpg\" alt=\"\" class=\"wp-image-158883\" srcset=\"https:\/\/ecolecaritas.be\/new\/wp-content\/uploads\/2023\/09\/IMG-20230916-WA0010-391x600.jpg 391w, https:\/\/ecolecaritas.be\/new\/wp-content\/uploads\/2023\/09\/IMG-20230916-WA0010-195x300.jpg 195w, https:\/\/ecolecaritas.be\/new\/wp-content\/uploads\/2023\/09\/IMG-20230916-WA0010-600x921.jpg 600w, https:\/\/ecolecaritas.be\/new\/wp-content\/uploads\/2023\/09\/IMG-20230916-WA0010.jpg 667w\" sizes=\"auto, (max-width: 391px) 100vw, 391px\" \/><\/figure>\n\n\n\n<figure class=\"wp-block-image size-large\"><img loading=\"lazy\" decoding=\"async\" width=\"397\" height=\"600\" src=\"https:\/\/ecolecaritas.be\/new\/wp-content\/uploads\/2023\/09\/IMG-20230916-WA0009-397x600.jpg\" alt=\"\" class=\"wp-image-158882\" srcset=\"https:\/\/ecolecaritas.be\/new\/wp-content\/uploads\/2023\/09\/IMG-20230916-WA0009-397x600.jpg 397w, https:\/\/ecolecaritas.be\/new\/wp-content\/uploads\/2023\/09\/IMG-20230916-WA0009-199x300.jpg 199w, https:\/\/ecolecaritas.be\/new\/wp-content\/uploads\/2023\/09\/IMG-20230916-WA0009-600x906.jpg 600w, https:\/\/ecolecaritas.be\/new\/wp-content\/uploads\/2023\/09\/IMG-20230916-WA0009.jpg 678w\" sizes=\"auto, (max-width: 397px) 100vw, 397px\" \/><\/figure>\n\n\n\n<figure class=\"wp-block-image size-large\"><img loading=\"lazy\" decoding=\"async\" width=\"600\" height=\"450\" src=\"https:\/\/ecolecaritas.be\/new\/wp-content\/uploads\/2023\/09\/IMG-20230916-WA0008-600x450.jpg\" alt=\"\" class=\"wp-image-158881\" srcset=\"https:\/\/ecolecaritas.be\/new\/wp-content\/uploads\/2023\/09\/IMG-20230916-WA0008-600x450.jpg 600w, https:\/\/ecolecaritas.be\/new\/wp-content\/uploads\/2023\/09\/IMG-20230916-WA0008-300x225.jpg 300w, https:\/\/ecolecaritas.be\/new\/wp-content\/uploads\/2023\/09\/IMG-20230916-WA0008-768x576.jpg 768w, https:\/\/ecolecaritas.be\/new\/wp-content\/uploads\/2023\/09\/IMG-20230916-WA0008-678x509.jpg 678w, https:\/\/ecolecaritas.be\/new\/wp-content\/uploads\/2023\/09\/IMG-20230916-WA0008-326x245.jpg 326w, https:\/\/ecolecaritas.be\/new\/wp-content\/uploads\/2023\/09\/IMG-20230916-WA0008-80x60.jpg 80w, https:\/\/ecolecaritas.be\/new\/wp-content\/uploads\/2023\/09\/IMG-20230916-WA0008.jpg 1024w\" sizes=\"auto, (max-width: 600px) 100vw, 600px\" \/><\/figure>\n\n\n\n<figure class=\"wp-block-image size-large\"><img loading=\"lazy\" decoding=\"async\" width=\"600\" height=\"201\" src=\"https:\/\/ecolecaritas.be\/new\/wp-content\/uploads\/2023\/09\/IMG-20230916-WA0014-600x201.jpg\" alt=\"\" class=\"wp-image-158880\" srcset=\"https:\/\/ecolecaritas.be\/new\/wp-content\/uploads\/2023\/09\/IMG-20230916-WA0014-600x201.jpg 600w, https:\/\/ecolecaritas.be\/new\/wp-content\/uploads\/2023\/09\/IMG-20230916-WA0014-300x100.jpg 300w, https:\/\/ecolecaritas.be\/new\/wp-content\/uploads\/2023\/09\/IMG-20230916-WA0014-768x257.jpg 768w, https:\/\/ecolecaritas.be\/new\/wp-content\/uploads\/2023\/09\/IMG-20230916-WA0014.jpg 1024w\" sizes=\"auto, (max-width: 600px) 100vw, 600px\" \/><\/figure>\n\n\n\n<figure class=\"wp-block-image size-large\"><img loading=\"lazy\" decoding=\"async\" width=\"485\" height=\"600\" src=\"https:\/\/ecolecaritas.be\/new\/wp-content\/uploads\/2023\/09\/IMG-20230916-WA0013-485x600.jpg\" alt=\"\" class=\"wp-image-158879\" srcset=\"https:\/\/ecolecaritas.be\/new\/wp-content\/uploads\/2023\/09\/IMG-20230916-WA0013-485x600.jpg 485w, https:\/\/ecolecaritas.be\/new\/wp-content\/uploads\/2023\/09\/IMG-20230916-WA0013-242x300.jpg 242w, https:\/\/ecolecaritas.be\/new\/wp-content\/uploads\/2023\/09\/IMG-20230916-WA0013-768x951.jpg 768w, https:\/\/ecolecaritas.be\/new\/wp-content\/uploads\/2023\/09\/IMG-20230916-WA0013-600x743.jpg 600w, https:\/\/ecolecaritas.be\/new\/wp-content\/uploads\/2023\/09\/IMG-20230916-WA0013.jpg 827w\" sizes=\"auto, (max-width: 485px) 100vw, 485px\" \/><\/figure>\n\n\n\n<figure class=\"wp-block-image size-large\"><img loading=\"lazy\" decoding=\"async\" width=\"600\" height=\"450\" src=\"https:\/\/ecolecaritas.be\/new\/wp-content\/uploads\/2023\/09\/IMG-20230916-WA0012-600x450.jpg\" alt=\"\" class=\"wp-image-158878\" srcset=\"https:\/\/ecolecaritas.be\/new\/wp-content\/uploads\/2023\/09\/IMG-20230916-WA0012-600x450.jpg 600w, https:\/\/ecolecaritas.be\/new\/wp-content\/uploads\/2023\/09\/IMG-20230916-WA0012-300x225.jpg 300w, https:\/\/ecolecaritas.be\/new\/wp-content\/uploads\/2023\/09\/IMG-20230916-WA0012-768x576.jpg 768w, https:\/\/ecolecaritas.be\/new\/wp-content\/uploads\/2023\/09\/IMG-20230916-WA0012-678x509.jpg 678w, https:\/\/ecolecaritas.be\/new\/wp-content\/uploads\/2023\/09\/IMG-20230916-WA0012-326x245.jpg 326w, https:\/\/ecolecaritas.be\/new\/wp-content\/uploads\/2023\/09\/IMG-20230916-WA0012-80x60.jpg 80w, https:\/\/ecolecaritas.be\/new\/wp-content\/uploads\/2023\/09\/IMG-20230916-WA0012.jpg 1024w\" sizes=\"auto, (max-width: 600px) 100vw, 600px\" \/><\/figure>\n\n\n\n<figure class=\"wp-block-image size-large\"><img loading=\"lazy\" decoding=\"async\" width=\"600\" height=\"370\" src=\"https:\/\/ecolecaritas.be\/new\/wp-content\/uploads\/2023\/09\/IMG-20230916-WA0015-600x370.jpg\" alt=\"\" class=\"wp-image-158877\" srcset=\"https:\/\/ecolecaritas.be\/new\/wp-content\/uploads\/2023\/09\/IMG-20230916-WA0015-600x370.jpg 600w, https:\/\/ecolecaritas.be\/new\/wp-content\/uploads\/2023\/09\/IMG-20230916-WA0015-300x185.jpg 300w, https:\/\/ecolecaritas.be\/new\/wp-content\/uploads\/2023\/09\/IMG-20230916-WA0015-768x474.jpg 768w, https:\/\/ecolecaritas.be\/new\/wp-content\/uploads\/2023\/09\/IMG-20230916-WA0015.jpg 1024w\" sizes=\"auto, (max-width: 600px) 100vw, 600px\" \/><\/figure>\n\n\n\n<figure class=\"wp-block-image size-large\"><img loading=\"lazy\" decoding=\"async\" width=\"414\" height=\"600\" src=\"https:\/\/ecolecaritas.be\/new\/wp-content\/uploads\/2023\/09\/received_986286869266892-414x600.jpeg\" alt=\"\" class=\"wp-image-158888\" srcset=\"https:\/\/ecolecaritas.be\/new\/wp-content\/uploads\/2023\/09\/received_986286869266892-414x600.jpeg 414w, https:\/\/ecolecaritas.be\/new\/wp-content\/uploads\/2023\/09\/received_986286869266892-207x300.jpeg 207w, https:\/\/ecolecaritas.be\/new\/wp-content\/uploads\/2023\/09\/received_986286869266892-600x869.jpeg 600w, https:\/\/ecolecaritas.be\/new\/wp-content\/uploads\/2023\/09\/received_986286869266892.jpeg 707w\" sizes=\"auto, (max-width: 414px) 100vw, 414px\" \/><\/figure>\n\n\n\n<figure class=\"wp-block-image size-large\"><img loading=\"lazy\" decoding=\"async\" width=\"450\" height=\"600\" src=\"https:\/\/ecolecaritas.be\/new\/wp-content\/uploads\/2023\/09\/received_305394228851843-450x600.jpeg\" alt=\"\" class=\"wp-image-158887\" srcset=\"https:\/\/ecolecaritas.be\/new\/wp-content\/uploads\/2023\/09\/received_305394228851843-450x600.jpeg 450w, https:\/\/ecolecaritas.be\/new\/wp-content\/uploads\/2023\/09\/received_305394228851843-225x300.jpeg 225w, https:\/\/ecolecaritas.be\/new\/wp-content\/uploads\/2023\/09\/received_305394228851843-600x800.jpeg 600w, https:\/\/ecolecaritas.be\/new\/wp-content\/uploads\/2023\/09\/received_305394228851843.jpeg 768w\" sizes=\"auto, (max-width: 450px) 100vw, 450px\" \/><\/figure>\n","protected":false},"excerpt":{"rendered":"<div class=\"mh-excerpt\"><p>Ce vendredi 15 septembre, nos \u00e9l\u00e8ves ont eu la chance de rencontrer et d&rsquo;\u00e9couter les explications de Vincent Bulteau, toujours aussi passionn\u00e9 et passionnant, captivant <a class=\"mh-excerpt-more\" href=\"https:\/\/ecolecaritas.be\/new\/baguage-des-oiseaux-pour-les-p3p4-et-p5\/\" title=\"Baguage des oiseaux pour les P3,P4 et P5!&#x1f985;&#x1f60a;\">[&#8230;]<\/a><\/p>\n<\/div>","protected":false},"author":4,"featured_media":158924,"comment_status":"closed","ping_status":"closed","sticky":false,"template":"","format":"standard","meta":{"footnotes":""},"categories":[9,10],"tags":[],"class_list":["post-158872","post","type-post","status-publish","format-standard","has-post-thumbnail","hentry","category-p34","category-p56"],"_links":{"self":[{"href":"https:\/\/ecolecaritas.be\/new\/wp-json\/wp\/v2\/posts\/158872","targetHints":{"allow":["GET"]}}],"collection":[{"href":"https:\/\/ecolecaritas.be\/new\/wp-json\/wp\/v2\/posts"}],"about":[{"href":"https:\/\/ecolecaritas.be\/new\/wp-json\/wp\/v2\/types\/post"}],"author":[{"embeddable":true,"href":"https:\/\/ecolecaritas.be\/new\/wp-json\/wp\/v2\/users\/4"}],"replies":[{"embeddable":true,"href":"https:\/\/ecolecaritas.be\/new\/wp-json\/wp\/v2\/comments?post=158872"}],"version-history":[{"count":11,"href":"https:\/\/ecolecaritas.be\/new\/wp-json\/wp\/v2\/posts\/158872\/revisions"}],"predecessor-version":[{"id":158941,"href":"https:\/\/ecolecaritas.be\/new\/wp-json\/wp\/v2\/posts\/158872\/revisions\/158941"}],"wp:featuredmedia":[{"embeddable":true,"href":"https:\/\/ecolecaritas.be\/new\/wp-json\/wp\/v2\/media\/158924"}],"wp:attachment":[{"href":"https:\/\/ecolecaritas.be\/new\/wp-json\/wp\/v2\/media?parent=158872"}],"wp:term":[{"taxonomy":"category","embeddable":true,"href":"https:\/\/ecolecaritas.be\/new\/wp-json\/wp\/v2\/categories?post=158872"},{"taxonomy":"post_tag","embeddable":true,"href":"https:\/\/ecolecaritas.be\/new\/wp-json\/wp\/v2\/tags?post=158872"}],"curies":[{"name":"wp","href":"https:\/\/api.w.org\/{rel}","templated":true}]}}