{"id":158919,"date":"2023-09-18T19:35:36","date_gmt":"2023-09-18T17:35:36","guid":{"rendered":"https:\/\/ecolecaritas.be\/new\/?p=158919"},"modified":"2023-09-18T19:35:36","modified_gmt":"2023-09-18T17:35:36","slug":"le-baguage-des-oiseaux-pour-les-p1-et-p2","status":"publish","type":"post","link":"https:\/\/ecolecaritas.be\/new\/le-baguage-des-oiseaux-pour-les-p1-et-p2\/","title":{"rendered":"Le baguage des oiseaux pour les P1 et P2!&#x1f985;&#x1f60a;"},"content":{"rendered":"\n<p>Les \u00e9l\u00e8ves sont all\u00e9s assister au baguage des oiseaux. Ils ont vu comment Vincent Bulteau capture les oiseaux gr\u00e2ce \u00e0 de grands filets tendus dans une roseli\u00e8re. Ils ont \u00e9galement vu comment peser, mesurer et baguer les diff\u00e9rents volatiles.<br>C&rsquo;\u00e9tait une chouette activit\u00e9.&#x1f917;<\/p>\n\n\n\n<figure class=\"wp-block-image size-large\"><img loading=\"lazy\" decoding=\"async\" width=\"600\" height=\"450\" src=\"https:\/\/ecolecaritas.be\/new\/wp-content\/uploads\/2023\/09\/IMG-20230918-WA0004-600x450.jpg\" alt=\"\" class=\"wp-image-158918\" srcset=\"https:\/\/ecolecaritas.be\/new\/wp-content\/uploads\/2023\/09\/IMG-20230918-WA0004-600x450.jpg 600w, https:\/\/ecolecaritas.be\/new\/wp-content\/uploads\/2023\/09\/IMG-20230918-WA0004-300x225.jpg 300w, https:\/\/ecolecaritas.be\/new\/wp-content\/uploads\/2023\/09\/IMG-20230918-WA0004-768x576.jpg 768w, https:\/\/ecolecaritas.be\/new\/wp-content\/uploads\/2023\/09\/IMG-20230918-WA0004-1536x1152.jpg 1536w, https:\/\/ecolecaritas.be\/new\/wp-content\/uploads\/2023\/09\/IMG-20230918-WA0004-678x509.jpg 678w, https:\/\/ecolecaritas.be\/new\/wp-content\/uploads\/2023\/09\/IMG-20230918-WA0004-326x245.jpg 326w, https:\/\/ecolecaritas.be\/new\/wp-content\/uploads\/2023\/09\/IMG-20230918-WA0004-80x60.jpg 80w, https:\/\/ecolecaritas.be\/new\/wp-content\/uploads\/2023\/09\/IMG-20230918-WA0004-1320x990.jpg 1320w, https:\/\/ecolecaritas.be\/new\/wp-content\/uploads\/2023\/09\/IMG-20230918-WA0004.jpg 2048w\" sizes=\"auto, (max-width: 600px) 100vw, 600px\" \/><\/figure>\n\n\n\n<figure class=\"wp-block-image size-large\"><img loading=\"lazy\" decoding=\"async\" width=\"450\" height=\"600\" src=\"https:\/\/ecolecaritas.be\/new\/wp-content\/uploads\/2023\/09\/IMG-20230918-WA0005-450x600.jpg\" alt=\"\" class=\"wp-image-158917\" srcset=\"https:\/\/ecolecaritas.be\/new\/wp-content\/uploads\/2023\/09\/IMG-20230918-WA0005-450x600.jpg 450w, https:\/\/ecolecaritas.be\/new\/wp-content\/uploads\/2023\/09\/IMG-20230918-WA0005-225x300.jpg 225w, https:\/\/ecolecaritas.be\/new\/wp-content\/uploads\/2023\/09\/IMG-20230918-WA0005-768x1024.jpg 768w, https:\/\/ecolecaritas.be\/new\/wp-content\/uploads\/2023\/09\/IMG-20230918-WA0005-600x800.jpg 600w, https:\/\/ecolecaritas.be\/new\/wp-content\/uploads\/2023\/09\/IMG-20230918-WA0005-1152x1536.jpg 1152w, https:\/\/ecolecaritas.be\/new\/wp-content\/uploads\/2023\/09\/IMG-20230918-WA0005-1320x1760.jpg 1320w, https:\/\/ecolecaritas.be\/new\/wp-content\/uploads\/2023\/09\/IMG-20230918-WA0005.jpg 1536w\" sizes=\"auto, (max-width: 450px) 100vw, 450px\" \/><\/figure>\n\n\n\n<figure class=\"wp-block-image size-large\"><img loading=\"lazy\" decoding=\"async\" width=\"450\" height=\"600\" src=\"https:\/\/ecolecaritas.be\/new\/wp-content\/uploads\/2023\/09\/IMG-20230918-WA0006-450x600.jpg\" alt=\"\" class=\"wp-image-158916\" srcset=\"https:\/\/ecolecaritas.be\/new\/wp-content\/uploads\/2023\/09\/IMG-20230918-WA0006-450x600.jpg 450w, https:\/\/ecolecaritas.be\/new\/wp-content\/uploads\/2023\/09\/IMG-20230918-WA0006-225x300.jpg 225w, https:\/\/ecolecaritas.be\/new\/wp-content\/uploads\/2023\/09\/IMG-20230918-WA0006-768x1024.jpg 768w, https:\/\/ecolecaritas.be\/new\/wp-content\/uploads\/2023\/09\/IMG-20230918-WA0006-600x800.jpg 600w, https:\/\/ecolecaritas.be\/new\/wp-content\/uploads\/2023\/09\/IMG-20230918-WA0006-1152x1536.jpg 1152w, https:\/\/ecolecaritas.be\/new\/wp-content\/uploads\/2023\/09\/IMG-20230918-WA0006-1320x1760.jpg 1320w, https:\/\/ecolecaritas.be\/new\/wp-content\/uploads\/2023\/09\/IMG-20230918-WA0006.jpg 1536w\" sizes=\"auto, (max-width: 450px) 100vw, 450px\" \/><\/figure>\n\n\n\n<figure class=\"wp-block-image size-large\"><img loading=\"lazy\" decoding=\"async\" width=\"450\" height=\"600\" src=\"https:\/\/ecolecaritas.be\/new\/wp-content\/uploads\/2023\/09\/IMG-20230918-WA0007-450x600.jpg\" alt=\"\" class=\"wp-image-158915\" srcset=\"https:\/\/ecolecaritas.be\/new\/wp-content\/uploads\/2023\/09\/IMG-20230918-WA0007-450x600.jpg 450w, https:\/\/ecolecaritas.be\/new\/wp-content\/uploads\/2023\/09\/IMG-20230918-WA0007-225x300.jpg 225w, https:\/\/ecolecaritas.be\/new\/wp-content\/uploads\/2023\/09\/IMG-20230918-WA0007-768x1024.jpg 768w, https:\/\/ecolecaritas.be\/new\/wp-content\/uploads\/2023\/09\/IMG-20230918-WA0007-600x800.jpg 600w, https:\/\/ecolecaritas.be\/new\/wp-content\/uploads\/2023\/09\/IMG-20230918-WA0007-1152x1536.jpg 1152w, https:\/\/ecolecaritas.be\/new\/wp-content\/uploads\/2023\/09\/IMG-20230918-WA0007-1320x1760.jpg 1320w, https:\/\/ecolecaritas.be\/new\/wp-content\/uploads\/2023\/09\/IMG-20230918-WA0007.jpg 1536w\" sizes=\"auto, (max-width: 450px) 100vw, 450px\" \/><\/figure>\n\n\n\n<figure class=\"wp-block-image size-large\"><img loading=\"lazy\" decoding=\"async\" width=\"450\" height=\"600\" src=\"https:\/\/ecolecaritas.be\/new\/wp-content\/uploads\/2023\/09\/IMG-20230918-WA0008-450x600.jpg\" alt=\"\" class=\"wp-image-158914\" srcset=\"https:\/\/ecolecaritas.be\/new\/wp-content\/uploads\/2023\/09\/IMG-20230918-WA0008-450x600.jpg 450w, https:\/\/ecolecaritas.be\/new\/wp-content\/uploads\/2023\/09\/IMG-20230918-WA0008-225x300.jpg 225w, https:\/\/ecolecaritas.be\/new\/wp-content\/uploads\/2023\/09\/IMG-20230918-WA0008-768x1024.jpg 768w, https:\/\/ecolecaritas.be\/new\/wp-content\/uploads\/2023\/09\/IMG-20230918-WA0008-600x800.jpg 600w, https:\/\/ecolecaritas.be\/new\/wp-content\/uploads\/2023\/09\/IMG-20230918-WA0008-1152x1536.jpg 1152w, https:\/\/ecolecaritas.be\/new\/wp-content\/uploads\/2023\/09\/IMG-20230918-WA0008-1320x1760.jpg 1320w, https:\/\/ecolecaritas.be\/new\/wp-content\/uploads\/2023\/09\/IMG-20230918-WA0008.jpg 1536w\" sizes=\"auto, (max-width: 450px) 100vw, 450px\" \/><\/figure>\n\n\n\n<figure class=\"wp-block-image size-large\"><img loading=\"lazy\" decoding=\"async\" width=\"450\" height=\"600\" src=\"https:\/\/ecolecaritas.be\/new\/wp-content\/uploads\/2023\/09\/IMG-20230918-WA0009-450x600.jpg\" alt=\"\" class=\"wp-image-158913\" srcset=\"https:\/\/ecolecaritas.be\/new\/wp-content\/uploads\/2023\/09\/IMG-20230918-WA0009-450x600.jpg 450w, https:\/\/ecolecaritas.be\/new\/wp-content\/uploads\/2023\/09\/IMG-20230918-WA0009-225x300.jpg 225w, https:\/\/ecolecaritas.be\/new\/wp-content\/uploads\/2023\/09\/IMG-20230918-WA0009-768x1024.jpg 768w, https:\/\/ecolecaritas.be\/new\/wp-content\/uploads\/2023\/09\/IMG-20230918-WA0009-600x800.jpg 600w, https:\/\/ecolecaritas.be\/new\/wp-content\/uploads\/2023\/09\/IMG-20230918-WA0009-1152x1536.jpg 1152w, https:\/\/ecolecaritas.be\/new\/wp-content\/uploads\/2023\/09\/IMG-20230918-WA0009-1320x1760.jpg 1320w, https:\/\/ecolecaritas.be\/new\/wp-content\/uploads\/2023\/09\/IMG-20230918-WA0009.jpg 1536w\" sizes=\"auto, (max-width: 450px) 100vw, 450px\" \/><\/figure>\n\n\n\n<figure class=\"wp-block-image size-large\"><img loading=\"lazy\" decoding=\"async\" width=\"600\" height=\"450\" src=\"https:\/\/ecolecaritas.be\/new\/wp-content\/uploads\/2023\/09\/IMG-20230918-WA0010-600x450.jpg\" alt=\"\" class=\"wp-image-158912\" srcset=\"https:\/\/ecolecaritas.be\/new\/wp-content\/uploads\/2023\/09\/IMG-20230918-WA0010-600x450.jpg 600w, https:\/\/ecolecaritas.be\/new\/wp-content\/uploads\/2023\/09\/IMG-20230918-WA0010-300x225.jpg 300w, https:\/\/ecolecaritas.be\/new\/wp-content\/uploads\/2023\/09\/IMG-20230918-WA0010-768x576.jpg 768w, https:\/\/ecolecaritas.be\/new\/wp-content\/uploads\/2023\/09\/IMG-20230918-WA0010-1536x1152.jpg 1536w, https:\/\/ecolecaritas.be\/new\/wp-content\/uploads\/2023\/09\/IMG-20230918-WA0010-678x509.jpg 678w, https:\/\/ecolecaritas.be\/new\/wp-content\/uploads\/2023\/09\/IMG-20230918-WA0010-326x245.jpg 326w, https:\/\/ecolecaritas.be\/new\/wp-content\/uploads\/2023\/09\/IMG-20230918-WA0010-80x60.jpg 80w, https:\/\/ecolecaritas.be\/new\/wp-content\/uploads\/2023\/09\/IMG-20230918-WA0010-1320x990.jpg 1320w, https:\/\/ecolecaritas.be\/new\/wp-content\/uploads\/2023\/09\/IMG-20230918-WA0010.jpg 2048w\" sizes=\"auto, (max-width: 600px) 100vw, 600px\" \/><\/figure>\n","protected":false},"excerpt":{"rendered":"<div class=\"mh-excerpt\"><p>Les \u00e9l\u00e8ves sont all\u00e9s assister au baguage des oiseaux. Ils ont vu comment Vincent Bulteau capture les oiseaux gr\u00e2ce \u00e0 de grands filets tendus dans <a class=\"mh-excerpt-more\" href=\"https:\/\/ecolecaritas.be\/new\/le-baguage-des-oiseaux-pour-les-p1-et-p2\/\" title=\"Le baguage des oiseaux pour les P1 et P2!&#x1f985;&#x1f60a;\">[&#8230;]<\/a><\/p>\n<\/div>","protected":false},"author":4,"featured_media":158921,"comment_status":"closed","ping_status":"closed","sticky":false,"template":"","format":"standard","meta":{"footnotes":""},"categories":[8],"tags":[],"class_list":["post-158919","post","type-post","status-publish","format-standard","has-post-thumbnail","hentry","category-p12"],"_links":{"self":[{"href":"https:\/\/ecolecaritas.be\/new\/wp-json\/wp\/v2\/posts\/158919","targetHints":{"allow":["GET"]}}],"collection":[{"href":"https:\/\/ecolecaritas.be\/new\/wp-json\/wp\/v2\/posts"}],"about":[{"href":"https:\/\/ecolecaritas.be\/new\/wp-json\/wp\/v2\/types\/post"}],"author":[{"embeddable":true,"href":"https:\/\/ecolecaritas.be\/new\/wp-json\/wp\/v2\/users\/4"}],"replies":[{"embeddable":true,"href":"https:\/\/ecolecaritas.be\/new\/wp-json\/wp\/v2\/comments?post=158919"}],"version-history":[{"count":5,"href":"https:\/\/ecolecaritas.be\/new\/wp-json\/wp\/v2\/posts\/158919\/revisions"}],"predecessor-version":[{"id":158942,"href":"https:\/\/ecolecaritas.be\/new\/wp-json\/wp\/v2\/posts\/158919\/revisions\/158942"}],"wp:featuredmedia":[{"embeddable":true,"href":"https:\/\/ecolecaritas.be\/new\/wp-json\/wp\/v2\/media\/158921"}],"wp:attachment":[{"href":"https:\/\/ecolecaritas.be\/new\/wp-json\/wp\/v2\/media?parent=158919"}],"wp:term":[{"taxonomy":"category","embeddable":true,"href":"https:\/\/ecolecaritas.be\/new\/wp-json\/wp\/v2\/categories?post=158919"},{"taxonomy":"post_tag","embeddable":true,"href":"https:\/\/ecolecaritas.be\/new\/wp-json\/wp\/v2\/tags?post=158919"}],"curies":[{"name":"wp","href":"https:\/\/api.w.org\/{rel}","templated":true}]}}