{"id":159898,"date":"2023-12-20T18:06:02","date_gmt":"2023-12-20T17:06:02","guid":{"rendered":"https:\/\/ecolecaritas.be\/new\/?p=159898"},"modified":"2023-12-20T18:23:04","modified_gmt":"2023-12-20T17:23:04","slug":"visite-de-leglise-saint-amand-avec-p1-p5-p6","status":"publish","type":"post","link":"https:\/\/ecolecaritas.be\/new\/visite-de-leglise-saint-amand-avec-p1-p5-p6\/","title":{"rendered":"Visite de l\u2019\u00e9glise Saint-Amand avec les P1, P5-P6 ! &#x26ea;&#xfe0f;"},"content":{"rendered":"\n<p><br>Les \u00e9l\u00e8ves de la classe de 1\u00e8re ann\u00e9e, accompagn\u00e9s en bin\u00f4me par ceux de 5\u00e8me\/6\u00e8me ann\u00e9e, ont d\u00e9couvert ce mercredi l\u2019\u00e9glise Saint-Amand de Hamme-Mille. Ils ont \u00e9t\u00e9 accueillis par le pr\u00eatre, puis ont eu l\u2019occasion de d\u00e9couvrir un peu plus ce lieu si particulier. Ils \u00e9taient tous ravis et ont h\u00e2te d\u2019y retourner pour la c\u00e9l\u00e9bration de No\u00ebl vendredi prochain.<\/p>\n\n\n\n<figure class=\"wp-block-image size-large is-resized\"><img loading=\"lazy\" decoding=\"async\" width=\"600\" height=\"450\" src=\"https:\/\/ecolecaritas.be\/new\/wp-content\/uploads\/2023\/12\/IMG-20231220-WA0027-600x450.jpg\" alt=\"\" class=\"wp-image-159897\" style=\"width:343px;height:auto\" srcset=\"https:\/\/ecolecaritas.be\/new\/wp-content\/uploads\/2023\/12\/IMG-20231220-WA0027-600x450.jpg 600w, https:\/\/ecolecaritas.be\/new\/wp-content\/uploads\/2023\/12\/IMG-20231220-WA0027-300x225.jpg 300w, https:\/\/ecolecaritas.be\/new\/wp-content\/uploads\/2023\/12\/IMG-20231220-WA0027-768x576.jpg 768w, https:\/\/ecolecaritas.be\/new\/wp-content\/uploads\/2023\/12\/IMG-20231220-WA0027-678x509.jpg 678w, https:\/\/ecolecaritas.be\/new\/wp-content\/uploads\/2023\/12\/IMG-20231220-WA0027-326x245.jpg 326w, https:\/\/ecolecaritas.be\/new\/wp-content\/uploads\/2023\/12\/IMG-20231220-WA0027-80x60.jpg 80w, https:\/\/ecolecaritas.be\/new\/wp-content\/uploads\/2023\/12\/IMG-20231220-WA0027.jpg 1024w\" sizes=\"auto, (max-width: 600px) 100vw, 600px\" \/><\/figure>\n\n\n\n<figure class=\"wp-block-image size-large\"><img loading=\"lazy\" decoding=\"async\" width=\"600\" height=\"450\" src=\"https:\/\/ecolecaritas.be\/new\/wp-content\/uploads\/2023\/12\/IMG-20231220-WA0029-600x450.jpg\" alt=\"\" class=\"wp-image-159895\" srcset=\"https:\/\/ecolecaritas.be\/new\/wp-content\/uploads\/2023\/12\/IMG-20231220-WA0029-600x450.jpg 600w, https:\/\/ecolecaritas.be\/new\/wp-content\/uploads\/2023\/12\/IMG-20231220-WA0029-300x225.jpg 300w, https:\/\/ecolecaritas.be\/new\/wp-content\/uploads\/2023\/12\/IMG-20231220-WA0029-768x576.jpg 768w, https:\/\/ecolecaritas.be\/new\/wp-content\/uploads\/2023\/12\/IMG-20231220-WA0029-678x509.jpg 678w, https:\/\/ecolecaritas.be\/new\/wp-content\/uploads\/2023\/12\/IMG-20231220-WA0029-326x245.jpg 326w, https:\/\/ecolecaritas.be\/new\/wp-content\/uploads\/2023\/12\/IMG-20231220-WA0029-80x60.jpg 80w, https:\/\/ecolecaritas.be\/new\/wp-content\/uploads\/2023\/12\/IMG-20231220-WA0029.jpg 1024w\" sizes=\"auto, (max-width: 600px) 100vw, 600px\" \/><\/figure>\n\n\n\n<figure class=\"wp-block-image size-large\"><img loading=\"lazy\" decoding=\"async\" width=\"600\" height=\"450\" src=\"https:\/\/ecolecaritas.be\/new\/wp-content\/uploads\/2023\/12\/IMG-20231220-WA0030-600x450.jpg\" alt=\"\" class=\"wp-image-159894\" srcset=\"https:\/\/ecolecaritas.be\/new\/wp-content\/uploads\/2023\/12\/IMG-20231220-WA0030-600x450.jpg 600w, https:\/\/ecolecaritas.be\/new\/wp-content\/uploads\/2023\/12\/IMG-20231220-WA0030-300x225.jpg 300w, https:\/\/ecolecaritas.be\/new\/wp-content\/uploads\/2023\/12\/IMG-20231220-WA0030-768x576.jpg 768w, https:\/\/ecolecaritas.be\/new\/wp-content\/uploads\/2023\/12\/IMG-20231220-WA0030-678x509.jpg 678w, https:\/\/ecolecaritas.be\/new\/wp-content\/uploads\/2023\/12\/IMG-20231220-WA0030-326x245.jpg 326w, https:\/\/ecolecaritas.be\/new\/wp-content\/uploads\/2023\/12\/IMG-20231220-WA0030-80x60.jpg 80w, https:\/\/ecolecaritas.be\/new\/wp-content\/uploads\/2023\/12\/IMG-20231220-WA0030.jpg 1024w\" sizes=\"auto, (max-width: 600px) 100vw, 600px\" \/><\/figure>\n\n\n\n<figure class=\"wp-block-image size-large\"><img loading=\"lazy\" decoding=\"async\" width=\"600\" height=\"450\" src=\"https:\/\/ecolecaritas.be\/new\/wp-content\/uploads\/2023\/12\/IMG-20231220-WA0031-600x450.jpg\" alt=\"\" class=\"wp-image-159893\" srcset=\"https:\/\/ecolecaritas.be\/new\/wp-content\/uploads\/2023\/12\/IMG-20231220-WA0031-600x450.jpg 600w, https:\/\/ecolecaritas.be\/new\/wp-content\/uploads\/2023\/12\/IMG-20231220-WA0031-300x225.jpg 300w, https:\/\/ecolecaritas.be\/new\/wp-content\/uploads\/2023\/12\/IMG-20231220-WA0031-768x576.jpg 768w, https:\/\/ecolecaritas.be\/new\/wp-content\/uploads\/2023\/12\/IMG-20231220-WA0031-678x509.jpg 678w, https:\/\/ecolecaritas.be\/new\/wp-content\/uploads\/2023\/12\/IMG-20231220-WA0031-326x245.jpg 326w, https:\/\/ecolecaritas.be\/new\/wp-content\/uploads\/2023\/12\/IMG-20231220-WA0031-80x60.jpg 80w, https:\/\/ecolecaritas.be\/new\/wp-content\/uploads\/2023\/12\/IMG-20231220-WA0031.jpg 1024w\" sizes=\"auto, (max-width: 600px) 100vw, 600px\" \/><\/figure>\n","protected":false},"excerpt":{"rendered":"<div class=\"mh-excerpt\"><p>Les \u00e9l\u00e8ves de la classe de 1\u00e8re ann\u00e9e, accompagn\u00e9s en bin\u00f4me par ceux de 5\u00e8me\/6\u00e8me ann\u00e9e, ont d\u00e9couvert ce mercredi l\u2019\u00e9glise Saint-Amand de Hamme-Mille. Ils <a class=\"mh-excerpt-more\" href=\"https:\/\/ecolecaritas.be\/new\/visite-de-leglise-saint-amand-avec-p1-p5-p6\/\" title=\"Visite de l\u2019\u00e9glise Saint-Amand avec les P1, P5-P6 ! &#x26ea;&#xfe0f;\">[&#8230;]<\/a><\/p>\n<\/div>","protected":false},"author":4,"featured_media":159899,"comment_status":"closed","ping_status":"closed","sticky":false,"template":"","format":"standard","meta":{"footnotes":""},"categories":[8,10,1],"tags":[],"class_list":["post-159898","post","type-post","status-publish","format-standard","has-post-thumbnail","hentry","category-p12","category-p56","category-uncategorized"],"_links":{"self":[{"href":"https:\/\/ecolecaritas.be\/new\/wp-json\/wp\/v2\/posts\/159898","targetHints":{"allow":["GET"]}}],"collection":[{"href":"https:\/\/ecolecaritas.be\/new\/wp-json\/wp\/v2\/posts"}],"about":[{"href":"https:\/\/ecolecaritas.be\/new\/wp-json\/wp\/v2\/types\/post"}],"author":[{"embeddable":true,"href":"https:\/\/ecolecaritas.be\/new\/wp-json\/wp\/v2\/users\/4"}],"replies":[{"embeddable":true,"href":"https:\/\/ecolecaritas.be\/new\/wp-json\/wp\/v2\/comments?post=159898"}],"version-history":[{"count":3,"href":"https:\/\/ecolecaritas.be\/new\/wp-json\/wp\/v2\/posts\/159898\/revisions"}],"predecessor-version":[{"id":159910,"href":"https:\/\/ecolecaritas.be\/new\/wp-json\/wp\/v2\/posts\/159898\/revisions\/159910"}],"wp:featuredmedia":[{"embeddable":true,"href":"https:\/\/ecolecaritas.be\/new\/wp-json\/wp\/v2\/media\/159899"}],"wp:attachment":[{"href":"https:\/\/ecolecaritas.be\/new\/wp-json\/wp\/v2\/media?parent=159898"}],"wp:term":[{"taxonomy":"category","embeddable":true,"href":"https:\/\/ecolecaritas.be\/new\/wp-json\/wp\/v2\/categories?post=159898"},{"taxonomy":"post_tag","embeddable":true,"href":"https:\/\/ecolecaritas.be\/new\/wp-json\/wp\/v2\/tags?post=159898"}],"curies":[{"name":"wp","href":"https:\/\/api.w.org\/{rel}","templated":true}]}}