{"id":160174,"date":"2024-01-27T15:51:01","date_gmt":"2024-01-27T14:51:01","guid":{"rendered":"https:\/\/ecolecaritas.be\/new\/?p=160174"},"modified":"2024-01-27T15:51:01","modified_gmt":"2024-01-27T14:51:01","slug":"sortie-au-theatre-des-4-mains-pour-les-p5-p6","status":"publish","type":"post","link":"https:\/\/ecolecaritas.be\/new\/sortie-au-theatre-des-4-mains-pour-les-p5-p6\/","title":{"rendered":"Sortie au th\u00e9\u00e2tre des 4 Mains pour les P5-P6 ! &#x1f41c;&#x2744;&#xfe0f;"},"content":{"rendered":"\n<p>Ce vendredi 19 janvier, apr\u00e8s avoir pris le bus des TEC, balade bucolique dans les sentiers enneig\u00e9s de La Bruy\u00e8re, afin de nous rendre au th\u00e9\u00e2tre \u2026 Un d\u00e9cor de classes de neige ! Nous allions voir le tr\u00e8s beau spectacle de marionnettes sur le monde magique et insoup\u00e7onn\u00e9 des insectes : \u00ab\u00a0Les Nuisibles\u00a0\u00bb\u2026 Ils sont souvent tout, sauf nuisibles !<\/p>\n\n\n\n<figure class=\"wp-block-image size-large\"><img loading=\"lazy\" decoding=\"async\" width=\"424\" height=\"600\" src=\"https:\/\/ecolecaritas.be\/new\/wp-content\/uploads\/2024\/01\/IMG-20240127-WA0004-424x600.jpg\" alt=\"\" class=\"wp-image-160237\" srcset=\"https:\/\/ecolecaritas.be\/new\/wp-content\/uploads\/2024\/01\/IMG-20240127-WA0004-424x600.jpg 424w, https:\/\/ecolecaritas.be\/new\/wp-content\/uploads\/2024\/01\/IMG-20240127-WA0004-212x300.jpg 212w, https:\/\/ecolecaritas.be\/new\/wp-content\/uploads\/2024\/01\/IMG-20240127-WA0004-600x849.jpg 600w, https:\/\/ecolecaritas.be\/new\/wp-content\/uploads\/2024\/01\/IMG-20240127-WA0004.jpg 724w\" sizes=\"auto, (max-width: 424px) 100vw, 424px\" \/><\/figure>\n\n\n\n<figure class=\"wp-block-image size-full\"><img loading=\"lazy\" decoding=\"async\" width=\"318\" height=\"493\" src=\"https:\/\/ecolecaritas.be\/new\/wp-content\/uploads\/2024\/01\/IMG-20240127-WA0003.jpg\" alt=\"\" class=\"wp-image-160238\" srcset=\"https:\/\/ecolecaritas.be\/new\/wp-content\/uploads\/2024\/01\/IMG-20240127-WA0003.jpg 318w, https:\/\/ecolecaritas.be\/new\/wp-content\/uploads\/2024\/01\/IMG-20240127-WA0003-194x300.jpg 194w\" sizes=\"auto, (max-width: 318px) 100vw, 318px\" \/><\/figure>\n\n\n\n<figure class=\"wp-block-image size-large\"><img loading=\"lazy\" decoding=\"async\" width=\"600\" height=\"450\" src=\"https:\/\/ecolecaritas.be\/new\/wp-content\/uploads\/2024\/01\/IMG-20240125-WA0052-600x450.jpg\" alt=\"\" class=\"wp-image-160182\" srcset=\"https:\/\/ecolecaritas.be\/new\/wp-content\/uploads\/2024\/01\/IMG-20240125-WA0052-600x450.jpg 600w, https:\/\/ecolecaritas.be\/new\/wp-content\/uploads\/2024\/01\/IMG-20240125-WA0052-300x225.jpg 300w, https:\/\/ecolecaritas.be\/new\/wp-content\/uploads\/2024\/01\/IMG-20240125-WA0052-768x576.jpg 768w, https:\/\/ecolecaritas.be\/new\/wp-content\/uploads\/2024\/01\/IMG-20240125-WA0052-1536x1152.jpg 1536w, https:\/\/ecolecaritas.be\/new\/wp-content\/uploads\/2024\/01\/IMG-20240125-WA0052-678x509.jpg 678w, https:\/\/ecolecaritas.be\/new\/wp-content\/uploads\/2024\/01\/IMG-20240125-WA0052-326x245.jpg 326w, https:\/\/ecolecaritas.be\/new\/wp-content\/uploads\/2024\/01\/IMG-20240125-WA0052-80x60.jpg 80w, https:\/\/ecolecaritas.be\/new\/wp-content\/uploads\/2024\/01\/IMG-20240125-WA0052-1320x990.jpg 1320w, https:\/\/ecolecaritas.be\/new\/wp-content\/uploads\/2024\/01\/IMG-20240125-WA0052.jpg 2048w\" sizes=\"auto, (max-width: 600px) 100vw, 600px\" \/><\/figure>\n\n\n\n<figure class=\"wp-block-image size-large\"><img loading=\"lazy\" decoding=\"async\" width=\"600\" height=\"450\" src=\"https:\/\/ecolecaritas.be\/new\/wp-content\/uploads\/2024\/01\/IMG-20240125-WA0054-600x450.jpg\" alt=\"\" class=\"wp-image-160181\" srcset=\"https:\/\/ecolecaritas.be\/new\/wp-content\/uploads\/2024\/01\/IMG-20240125-WA0054-600x450.jpg 600w, https:\/\/ecolecaritas.be\/new\/wp-content\/uploads\/2024\/01\/IMG-20240125-WA0054-300x225.jpg 300w, https:\/\/ecolecaritas.be\/new\/wp-content\/uploads\/2024\/01\/IMG-20240125-WA0054-768x576.jpg 768w, https:\/\/ecolecaritas.be\/new\/wp-content\/uploads\/2024\/01\/IMG-20240125-WA0054-1536x1152.jpg 1536w, https:\/\/ecolecaritas.be\/new\/wp-content\/uploads\/2024\/01\/IMG-20240125-WA0054-678x509.jpg 678w, https:\/\/ecolecaritas.be\/new\/wp-content\/uploads\/2024\/01\/IMG-20240125-WA0054-326x245.jpg 326w, https:\/\/ecolecaritas.be\/new\/wp-content\/uploads\/2024\/01\/IMG-20240125-WA0054-80x60.jpg 80w, https:\/\/ecolecaritas.be\/new\/wp-content\/uploads\/2024\/01\/IMG-20240125-WA0054-1320x990.jpg 1320w, https:\/\/ecolecaritas.be\/new\/wp-content\/uploads\/2024\/01\/IMG-20240125-WA0054.jpg 1600w\" sizes=\"auto, (max-width: 600px) 100vw, 600px\" \/><\/figure>\n\n\n\n<figure class=\"wp-block-image size-large\"><img loading=\"lazy\" decoding=\"async\" width=\"600\" height=\"450\" src=\"https:\/\/ecolecaritas.be\/new\/wp-content\/uploads\/2024\/01\/IMG-20240125-WA0055-600x450.jpg\" alt=\"\" class=\"wp-image-160180\" srcset=\"https:\/\/ecolecaritas.be\/new\/wp-content\/uploads\/2024\/01\/IMG-20240125-WA0055-600x450.jpg 600w, https:\/\/ecolecaritas.be\/new\/wp-content\/uploads\/2024\/01\/IMG-20240125-WA0055-300x225.jpg 300w, https:\/\/ecolecaritas.be\/new\/wp-content\/uploads\/2024\/01\/IMG-20240125-WA0055-768x576.jpg 768w, https:\/\/ecolecaritas.be\/new\/wp-content\/uploads\/2024\/01\/IMG-20240125-WA0055-1536x1152.jpg 1536w, https:\/\/ecolecaritas.be\/new\/wp-content\/uploads\/2024\/01\/IMG-20240125-WA0055-678x509.jpg 678w, https:\/\/ecolecaritas.be\/new\/wp-content\/uploads\/2024\/01\/IMG-20240125-WA0055-326x245.jpg 326w, https:\/\/ecolecaritas.be\/new\/wp-content\/uploads\/2024\/01\/IMG-20240125-WA0055-80x60.jpg 80w, https:\/\/ecolecaritas.be\/new\/wp-content\/uploads\/2024\/01\/IMG-20240125-WA0055-1320x990.jpg 1320w, https:\/\/ecolecaritas.be\/new\/wp-content\/uploads\/2024\/01\/IMG-20240125-WA0055.jpg 1600w\" sizes=\"auto, (max-width: 600px) 100vw, 600px\" \/><\/figure>\n\n\n\n<figure class=\"wp-block-image size-large is-resized\"><img loading=\"lazy\" decoding=\"async\" width=\"600\" height=\"450\" src=\"https:\/\/ecolecaritas.be\/new\/wp-content\/uploads\/2024\/01\/IMG-20240125-WA0057-600x450.jpg\" alt=\"\" class=\"wp-image-160178\" style=\"width:341px;height:auto\" srcset=\"https:\/\/ecolecaritas.be\/new\/wp-content\/uploads\/2024\/01\/IMG-20240125-WA0057-600x450.jpg 600w, https:\/\/ecolecaritas.be\/new\/wp-content\/uploads\/2024\/01\/IMG-20240125-WA0057-300x225.jpg 300w, https:\/\/ecolecaritas.be\/new\/wp-content\/uploads\/2024\/01\/IMG-20240125-WA0057-768x576.jpg 768w, https:\/\/ecolecaritas.be\/new\/wp-content\/uploads\/2024\/01\/IMG-20240125-WA0057-1536x1152.jpg 1536w, https:\/\/ecolecaritas.be\/new\/wp-content\/uploads\/2024\/01\/IMG-20240125-WA0057-678x509.jpg 678w, https:\/\/ecolecaritas.be\/new\/wp-content\/uploads\/2024\/01\/IMG-20240125-WA0057-326x245.jpg 326w, https:\/\/ecolecaritas.be\/new\/wp-content\/uploads\/2024\/01\/IMG-20240125-WA0057-80x60.jpg 80w, https:\/\/ecolecaritas.be\/new\/wp-content\/uploads\/2024\/01\/IMG-20240125-WA0057-1320x990.jpg 1320w, https:\/\/ecolecaritas.be\/new\/wp-content\/uploads\/2024\/01\/IMG-20240125-WA0057.jpg 1600w\" sizes=\"auto, (max-width: 600px) 100vw, 600px\" \/><\/figure>\n\n\n\n<figure class=\"wp-block-image size-large\"><img loading=\"lazy\" decoding=\"async\" width=\"450\" height=\"600\" src=\"https:\/\/ecolecaritas.be\/new\/wp-content\/uploads\/2024\/01\/IMG-20240125-WA0056-450x600.jpg\" alt=\"\" class=\"wp-image-160179\" srcset=\"https:\/\/ecolecaritas.be\/new\/wp-content\/uploads\/2024\/01\/IMG-20240125-WA0056-450x600.jpg 450w, https:\/\/ecolecaritas.be\/new\/wp-content\/uploads\/2024\/01\/IMG-20240125-WA0056-225x300.jpg 225w, https:\/\/ecolecaritas.be\/new\/wp-content\/uploads\/2024\/01\/IMG-20240125-WA0056-768x1024.jpg 768w, https:\/\/ecolecaritas.be\/new\/wp-content\/uploads\/2024\/01\/IMG-20240125-WA0056-600x800.jpg 600w, https:\/\/ecolecaritas.be\/new\/wp-content\/uploads\/2024\/01\/IMG-20240125-WA0056-1152x1536.jpg 1152w, https:\/\/ecolecaritas.be\/new\/wp-content\/uploads\/2024\/01\/IMG-20240125-WA0056.jpg 1200w\" sizes=\"auto, (max-width: 450px) 100vw, 450px\" \/><\/figure>\n\n\n\n<figure class=\"wp-block-image size-large is-resized\"><img loading=\"lazy\" decoding=\"async\" width=\"600\" height=\"450\" src=\"https:\/\/ecolecaritas.be\/new\/wp-content\/uploads\/2024\/01\/IMG-20240125-WA0058-600x450.jpg\" alt=\"\" class=\"wp-image-160177\" style=\"width:344px;height:auto\" srcset=\"https:\/\/ecolecaritas.be\/new\/wp-content\/uploads\/2024\/01\/IMG-20240125-WA0058-600x450.jpg 600w, https:\/\/ecolecaritas.be\/new\/wp-content\/uploads\/2024\/01\/IMG-20240125-WA0058-300x225.jpg 300w, https:\/\/ecolecaritas.be\/new\/wp-content\/uploads\/2024\/01\/IMG-20240125-WA0058-768x576.jpg 768w, https:\/\/ecolecaritas.be\/new\/wp-content\/uploads\/2024\/01\/IMG-20240125-WA0058-1536x1152.jpg 1536w, https:\/\/ecolecaritas.be\/new\/wp-content\/uploads\/2024\/01\/IMG-20240125-WA0058-678x509.jpg 678w, https:\/\/ecolecaritas.be\/new\/wp-content\/uploads\/2024\/01\/IMG-20240125-WA0058-326x245.jpg 326w, https:\/\/ecolecaritas.be\/new\/wp-content\/uploads\/2024\/01\/IMG-20240125-WA0058-80x60.jpg 80w, https:\/\/ecolecaritas.be\/new\/wp-content\/uploads\/2024\/01\/IMG-20240125-WA0058-1320x990.jpg 1320w, https:\/\/ecolecaritas.be\/new\/wp-content\/uploads\/2024\/01\/IMG-20240125-WA0058.jpg 1600w\" sizes=\"auto, (max-width: 600px) 100vw, 600px\" \/><\/figure>\n","protected":false},"excerpt":{"rendered":"<div class=\"mh-excerpt\"><p>Ce vendredi 19 janvier, apr\u00e8s avoir pris le bus des TEC, balade bucolique dans les sentiers enneig\u00e9s de La Bruy\u00e8re, afin de nous rendre au <a class=\"mh-excerpt-more\" href=\"https:\/\/ecolecaritas.be\/new\/sortie-au-theatre-des-4-mains-pour-les-p5-p6\/\" title=\"Sortie au th\u00e9\u00e2tre des 4 Mains pour les P5-P6 ! &#x1f41c;&#x2744;&#xfe0f;\">[&#8230;]<\/a><\/p>\n<\/div>","protected":false},"author":4,"featured_media":160236,"comment_status":"closed","ping_status":"closed","sticky":false,"template":"","format":"standard","meta":{"footnotes":""},"categories":[10],"tags":[],"class_list":["post-160174","post","type-post","status-publish","format-standard","has-post-thumbnail","hentry","category-p56"],"_links":{"self":[{"href":"https:\/\/ecolecaritas.be\/new\/wp-json\/wp\/v2\/posts\/160174","targetHints":{"allow":["GET"]}}],"collection":[{"href":"https:\/\/ecolecaritas.be\/new\/wp-json\/wp\/v2\/posts"}],"about":[{"href":"https:\/\/ecolecaritas.be\/new\/wp-json\/wp\/v2\/types\/post"}],"author":[{"embeddable":true,"href":"https:\/\/ecolecaritas.be\/new\/wp-json\/wp\/v2\/users\/4"}],"replies":[{"embeddable":true,"href":"https:\/\/ecolecaritas.be\/new\/wp-json\/wp\/v2\/comments?post=160174"}],"version-history":[{"count":10,"href":"https:\/\/ecolecaritas.be\/new\/wp-json\/wp\/v2\/posts\/160174\/revisions"}],"predecessor-version":[{"id":160240,"href":"https:\/\/ecolecaritas.be\/new\/wp-json\/wp\/v2\/posts\/160174\/revisions\/160240"}],"wp:featuredmedia":[{"embeddable":true,"href":"https:\/\/ecolecaritas.be\/new\/wp-json\/wp\/v2\/media\/160236"}],"wp:attachment":[{"href":"https:\/\/ecolecaritas.be\/new\/wp-json\/wp\/v2\/media?parent=160174"}],"wp:term":[{"taxonomy":"category","embeddable":true,"href":"https:\/\/ecolecaritas.be\/new\/wp-json\/wp\/v2\/categories?post=160174"},{"taxonomy":"post_tag","embeddable":true,"href":"https:\/\/ecolecaritas.be\/new\/wp-json\/wp\/v2\/tags?post=160174"}],"curies":[{"name":"wp","href":"https:\/\/api.w.org\/{rel}","templated":true}]}}