{"id":160224,"date":"2024-01-27T16:04:03","date_gmt":"2024-01-27T15:04:03","guid":{"rendered":"https:\/\/ecolecaritas.be\/new\/?p=160224"},"modified":"2024-01-27T16:04:03","modified_gmt":"2024-01-27T15:04:03","slug":"nos-petits-cuistots-dacc-m1-preparent-une-bonne-soupe-dhiver-%f0%9f%a5%92%f0%9f%a5%95%f0%9f%a5%94%f0%9f%a7%85","status":"publish","type":"post","link":"https:\/\/ecolecaritas.be\/new\/nos-petits-cuistots-dacc-m1-preparent-une-bonne-soupe-dhiver-%f0%9f%a5%92%f0%9f%a5%95%f0%9f%a5%94%f0%9f%a7%85\/","title":{"rendered":"Nos petits cuistots d&rsquo;Acc\/M1 pr\u00e9parent une bonne soupe d&rsquo;hiver !&#x1f952;&#x1f955;&#x1f954;&#x1f9c5;"},"content":{"rendered":"\n<p>Ce jeudi, nos petits \u00e9l\u00e8ves ont pr\u00e9par\u00e9 une bonne soupe. Nous avons laver, couper et fait cuire les l\u00e9gumes. Apr\u00e8s,  il y a eu le moment magique avec le mixeur&#8230; Le bonheur de d\u00e9guster la soupe que nous avons pr\u00e9par\u00e9e&#x2764;&#xfe0f;. Tout le monde en a bu deux bols, elle \u00e9tait d\u00e9licieuse !&#x1f60b; Bravo \u00e0  nos courageux cuistots !&#x1f4aa;&#x1f44f;&#x1f44c;<\/p>\n\n\n\n<figure class=\"wp-block-image size-large\"><img loading=\"lazy\" decoding=\"async\" width=\"284\" height=\"600\" src=\"https:\/\/ecolecaritas.be\/new\/wp-content\/uploads\/2024\/01\/20240125_085915-284x600.jpg\" alt=\"\" class=\"wp-image-160226\" srcset=\"https:\/\/ecolecaritas.be\/new\/wp-content\/uploads\/2024\/01\/20240125_085915-284x600.jpg 284w, https:\/\/ecolecaritas.be\/new\/wp-content\/uploads\/2024\/01\/20240125_085915-142x300.jpg 142w, https:\/\/ecolecaritas.be\/new\/wp-content\/uploads\/2024\/01\/20240125_085915-768x1623.jpg 768w, https:\/\/ecolecaritas.be\/new\/wp-content\/uploads\/2024\/01\/20240125_085915-600x1268.jpg 600w, https:\/\/ecolecaritas.be\/new\/wp-content\/uploads\/2024\/01\/20240125_085915-727x1536.jpg 727w, https:\/\/ecolecaritas.be\/new\/wp-content\/uploads\/2024\/01\/20240125_085915-969x2048.jpg 969w, https:\/\/ecolecaritas.be\/new\/wp-content\/uploads\/2024\/01\/20240125_085915-1320x2789.jpg 1320w, https:\/\/ecolecaritas.be\/new\/wp-content\/uploads\/2024\/01\/20240125_085915-scaled.jpg 1211w\" sizes=\"auto, (max-width: 284px) 100vw, 284px\" \/><\/figure>\n\n\n\n<figure class=\"wp-block-image size-large\"><img loading=\"lazy\" decoding=\"async\" width=\"284\" height=\"600\" src=\"https:\/\/ecolecaritas.be\/new\/wp-content\/uploads\/2024\/01\/20240125_085906-284x600.jpg\" alt=\"\" class=\"wp-image-160228\" srcset=\"https:\/\/ecolecaritas.be\/new\/wp-content\/uploads\/2024\/01\/20240125_085906-284x600.jpg 284w, https:\/\/ecolecaritas.be\/new\/wp-content\/uploads\/2024\/01\/20240125_085906-142x300.jpg 142w, https:\/\/ecolecaritas.be\/new\/wp-content\/uploads\/2024\/01\/20240125_085906-768x1623.jpg 768w, https:\/\/ecolecaritas.be\/new\/wp-content\/uploads\/2024\/01\/20240125_085906-600x1268.jpg 600w, https:\/\/ecolecaritas.be\/new\/wp-content\/uploads\/2024\/01\/20240125_085906-727x1536.jpg 727w, https:\/\/ecolecaritas.be\/new\/wp-content\/uploads\/2024\/01\/20240125_085906-969x2048.jpg 969w, https:\/\/ecolecaritas.be\/new\/wp-content\/uploads\/2024\/01\/20240125_085906-1320x2789.jpg 1320w, https:\/\/ecolecaritas.be\/new\/wp-content\/uploads\/2024\/01\/20240125_085906-scaled.jpg 1211w\" sizes=\"auto, (max-width: 284px) 100vw, 284px\" \/><\/figure>\n\n\n\n<figure class=\"wp-block-image size-large\"><img loading=\"lazy\" decoding=\"async\" width=\"284\" height=\"600\" src=\"https:\/\/ecolecaritas.be\/new\/wp-content\/uploads\/2024\/01\/20240125_085911-284x600.jpg\" alt=\"\" class=\"wp-image-160227\" srcset=\"https:\/\/ecolecaritas.be\/new\/wp-content\/uploads\/2024\/01\/20240125_085911-284x600.jpg 284w, https:\/\/ecolecaritas.be\/new\/wp-content\/uploads\/2024\/01\/20240125_085911-142x300.jpg 142w, https:\/\/ecolecaritas.be\/new\/wp-content\/uploads\/2024\/01\/20240125_085911-768x1623.jpg 768w, https:\/\/ecolecaritas.be\/new\/wp-content\/uploads\/2024\/01\/20240125_085911-600x1268.jpg 600w, https:\/\/ecolecaritas.be\/new\/wp-content\/uploads\/2024\/01\/20240125_085911-727x1536.jpg 727w, https:\/\/ecolecaritas.be\/new\/wp-content\/uploads\/2024\/01\/20240125_085911-969x2048.jpg 969w, https:\/\/ecolecaritas.be\/new\/wp-content\/uploads\/2024\/01\/20240125_085911-1320x2789.jpg 1320w, https:\/\/ecolecaritas.be\/new\/wp-content\/uploads\/2024\/01\/20240125_085911-scaled.jpg 1211w\" sizes=\"auto, (max-width: 284px) 100vw, 284px\" \/><\/figure>\n\n\n\n<figure class=\"wp-block-image size-large\"><img loading=\"lazy\" decoding=\"async\" width=\"284\" height=\"600\" src=\"https:\/\/ecolecaritas.be\/new\/wp-content\/uploads\/2024\/01\/20240125_091120-284x600.jpg\" alt=\"\" class=\"wp-image-160225\" srcset=\"https:\/\/ecolecaritas.be\/new\/wp-content\/uploads\/2024\/01\/20240125_091120-284x600.jpg 284w, https:\/\/ecolecaritas.be\/new\/wp-content\/uploads\/2024\/01\/20240125_091120-142x300.jpg 142w, https:\/\/ecolecaritas.be\/new\/wp-content\/uploads\/2024\/01\/20240125_091120-768x1623.jpg 768w, https:\/\/ecolecaritas.be\/new\/wp-content\/uploads\/2024\/01\/20240125_091120-600x1268.jpg 600w, https:\/\/ecolecaritas.be\/new\/wp-content\/uploads\/2024\/01\/20240125_091120-727x1536.jpg 727w, https:\/\/ecolecaritas.be\/new\/wp-content\/uploads\/2024\/01\/20240125_091120-969x2048.jpg 969w, https:\/\/ecolecaritas.be\/new\/wp-content\/uploads\/2024\/01\/20240125_091120-1320x2789.jpg 1320w, https:\/\/ecolecaritas.be\/new\/wp-content\/uploads\/2024\/01\/20240125_091120-scaled.jpg 1211w\" sizes=\"auto, (max-width: 284px) 100vw, 284px\" \/><\/figure>\n\n\n\n<figure class=\"wp-block-image size-large is-resized\"><img loading=\"lazy\" decoding=\"async\" width=\"600\" height=\"284\" src=\"https:\/\/ecolecaritas.be\/new\/wp-content\/uploads\/2024\/01\/20240125_111207-600x284.jpg\" alt=\"\" class=\"wp-image-160209\" style=\"width:331px;height:auto\" srcset=\"https:\/\/ecolecaritas.be\/new\/wp-content\/uploads\/2024\/01\/20240125_111207-600x284.jpg 600w, https:\/\/ecolecaritas.be\/new\/wp-content\/uploads\/2024\/01\/20240125_111207-300x142.jpg 300w, https:\/\/ecolecaritas.be\/new\/wp-content\/uploads\/2024\/01\/20240125_111207-768x363.jpg 768w, https:\/\/ecolecaritas.be\/new\/wp-content\/uploads\/2024\/01\/20240125_111207-1536x727.jpg 1536w, https:\/\/ecolecaritas.be\/new\/wp-content\/uploads\/2024\/01\/20240125_111207-2048x969.jpg 2048w, https:\/\/ecolecaritas.be\/new\/wp-content\/uploads\/2024\/01\/20240125_111207-1320x625.jpg 1320w\" sizes=\"auto, (max-width: 600px) 100vw, 600px\" \/><\/figure>\n\n\n\n<figure class=\"wp-block-image size-large\"><img loading=\"lazy\" decoding=\"async\" width=\"600\" height=\"284\" src=\"https:\/\/ecolecaritas.be\/new\/wp-content\/uploads\/2024\/01\/20240125_111245-600x284.jpg\" alt=\"\" class=\"wp-image-160208\" srcset=\"https:\/\/ecolecaritas.be\/new\/wp-content\/uploads\/2024\/01\/20240125_111245-600x284.jpg 600w, https:\/\/ecolecaritas.be\/new\/wp-content\/uploads\/2024\/01\/20240125_111245-300x142.jpg 300w, https:\/\/ecolecaritas.be\/new\/wp-content\/uploads\/2024\/01\/20240125_111245-768x363.jpg 768w, https:\/\/ecolecaritas.be\/new\/wp-content\/uploads\/2024\/01\/20240125_111245-1536x727.jpg 1536w, https:\/\/ecolecaritas.be\/new\/wp-content\/uploads\/2024\/01\/20240125_111245-2048x969.jpg 2048w, https:\/\/ecolecaritas.be\/new\/wp-content\/uploads\/2024\/01\/20240125_111245-1320x625.jpg 1320w\" sizes=\"auto, (max-width: 600px) 100vw, 600px\" \/><\/figure>\n\n\n\n<figure class=\"wp-block-image size-large is-resized\"><img loading=\"lazy\" decoding=\"async\" width=\"284\" height=\"600\" src=\"https:\/\/ecolecaritas.be\/new\/wp-content\/uploads\/2024\/01\/20240125_111848-284x600.jpg\" alt=\"\" class=\"wp-image-160207\" style=\"width:345px;height:auto\" srcset=\"https:\/\/ecolecaritas.be\/new\/wp-content\/uploads\/2024\/01\/20240125_111848-284x600.jpg 284w, https:\/\/ecolecaritas.be\/new\/wp-content\/uploads\/2024\/01\/20240125_111848-142x300.jpg 142w, https:\/\/ecolecaritas.be\/new\/wp-content\/uploads\/2024\/01\/20240125_111848-768x1623.jpg 768w, https:\/\/ecolecaritas.be\/new\/wp-content\/uploads\/2024\/01\/20240125_111848-600x1268.jpg 600w, https:\/\/ecolecaritas.be\/new\/wp-content\/uploads\/2024\/01\/20240125_111848-727x1536.jpg 727w, https:\/\/ecolecaritas.be\/new\/wp-content\/uploads\/2024\/01\/20240125_111848-969x2048.jpg 969w, https:\/\/ecolecaritas.be\/new\/wp-content\/uploads\/2024\/01\/20240125_111848-1320x2789.jpg 1320w, https:\/\/ecolecaritas.be\/new\/wp-content\/uploads\/2024\/01\/20240125_111848-scaled.jpg 1211w\" sizes=\"auto, (max-width: 284px) 100vw, 284px\" \/><\/figure>\n\n\n\n<figure class=\"wp-block-image size-large is-resized\"><img loading=\"lazy\" decoding=\"async\" width=\"284\" height=\"600\" src=\"https:\/\/ecolecaritas.be\/new\/wp-content\/uploads\/2024\/01\/20240125_111902-284x600.jpg\" alt=\"\" class=\"wp-image-160204\" style=\"width:343px;height:auto\" srcset=\"https:\/\/ecolecaritas.be\/new\/wp-content\/uploads\/2024\/01\/20240125_111902-284x600.jpg 284w, https:\/\/ecolecaritas.be\/new\/wp-content\/uploads\/2024\/01\/20240125_111902-142x300.jpg 142w, https:\/\/ecolecaritas.be\/new\/wp-content\/uploads\/2024\/01\/20240125_111902-768x1623.jpg 768w, https:\/\/ecolecaritas.be\/new\/wp-content\/uploads\/2024\/01\/20240125_111902-600x1268.jpg 600w, https:\/\/ecolecaritas.be\/new\/wp-content\/uploads\/2024\/01\/20240125_111902-727x1536.jpg 727w, https:\/\/ecolecaritas.be\/new\/wp-content\/uploads\/2024\/01\/20240125_111902-969x2048.jpg 969w, https:\/\/ecolecaritas.be\/new\/wp-content\/uploads\/2024\/01\/20240125_111902-1320x2789.jpg 1320w, https:\/\/ecolecaritas.be\/new\/wp-content\/uploads\/2024\/01\/20240125_111902-scaled.jpg 1211w\" sizes=\"auto, (max-width: 284px) 100vw, 284px\" \/><\/figure>\n\n\n\n<figure class=\"wp-block-image size-large is-resized\"><img loading=\"lazy\" decoding=\"async\" width=\"284\" height=\"600\" src=\"https:\/\/ecolecaritas.be\/new\/wp-content\/uploads\/2024\/01\/20240125_111851-284x600.jpg\" alt=\"\" class=\"wp-image-160206\" style=\"width:340px;height:auto\" srcset=\"https:\/\/ecolecaritas.be\/new\/wp-content\/uploads\/2024\/01\/20240125_111851-284x600.jpg 284w, https:\/\/ecolecaritas.be\/new\/wp-content\/uploads\/2024\/01\/20240125_111851-142x300.jpg 142w, https:\/\/ecolecaritas.be\/new\/wp-content\/uploads\/2024\/01\/20240125_111851-768x1623.jpg 768w, https:\/\/ecolecaritas.be\/new\/wp-content\/uploads\/2024\/01\/20240125_111851-600x1268.jpg 600w, https:\/\/ecolecaritas.be\/new\/wp-content\/uploads\/2024\/01\/20240125_111851-727x1536.jpg 727w, https:\/\/ecolecaritas.be\/new\/wp-content\/uploads\/2024\/01\/20240125_111851-969x2048.jpg 969w, https:\/\/ecolecaritas.be\/new\/wp-content\/uploads\/2024\/01\/20240125_111851-1320x2789.jpg 1320w, https:\/\/ecolecaritas.be\/new\/wp-content\/uploads\/2024\/01\/20240125_111851-scaled.jpg 1211w\" sizes=\"auto, (max-width: 284px) 100vw, 284px\" \/><\/figure>\n\n\n\n<figure class=\"wp-block-image size-large is-resized\"><img loading=\"lazy\" decoding=\"async\" width=\"284\" height=\"600\" src=\"https:\/\/ecolecaritas.be\/new\/wp-content\/uploads\/2024\/01\/20240125_111857-284x600.jpg\" alt=\"\" class=\"wp-image-160205\" style=\"width:337px;height:auto\" srcset=\"https:\/\/ecolecaritas.be\/new\/wp-content\/uploads\/2024\/01\/20240125_111857-284x600.jpg 284w, https:\/\/ecolecaritas.be\/new\/wp-content\/uploads\/2024\/01\/20240125_111857-142x300.jpg 142w, https:\/\/ecolecaritas.be\/new\/wp-content\/uploads\/2024\/01\/20240125_111857-768x1623.jpg 768w, https:\/\/ecolecaritas.be\/new\/wp-content\/uploads\/2024\/01\/20240125_111857-600x1268.jpg 600w, https:\/\/ecolecaritas.be\/new\/wp-content\/uploads\/2024\/01\/20240125_111857-727x1536.jpg 727w, https:\/\/ecolecaritas.be\/new\/wp-content\/uploads\/2024\/01\/20240125_111857-969x2048.jpg 969w, https:\/\/ecolecaritas.be\/new\/wp-content\/uploads\/2024\/01\/20240125_111857-1320x2789.jpg 1320w, https:\/\/ecolecaritas.be\/new\/wp-content\/uploads\/2024\/01\/20240125_111857-scaled.jpg 1211w\" sizes=\"auto, (max-width: 284px) 100vw, 284px\" \/><\/figure>\n","protected":false},"excerpt":{"rendered":"<div class=\"mh-excerpt\"><p>Ce jeudi, nos petits \u00e9l\u00e8ves ont pr\u00e9par\u00e9 une bonne soupe. Nous avons laver, couper et fait cuire les l\u00e9gumes. Apr\u00e8s, il y a eu le <a class=\"mh-excerpt-more\" href=\"https:\/\/ecolecaritas.be\/new\/nos-petits-cuistots-dacc-m1-preparent-une-bonne-soupe-dhiver-%f0%9f%a5%92%f0%9f%a5%95%f0%9f%a5%94%f0%9f%a7%85\/\" title=\"Nos petits cuistots d&rsquo;Acc\/M1 pr\u00e9parent une bonne soupe d&rsquo;hiver !&#x1f952;&#x1f955;&#x1f954;&#x1f9c5;\">[&#8230;]<\/a><\/p>\n<\/div>","protected":false},"author":4,"featured_media":160230,"comment_status":"closed","ping_status":"closed","sticky":false,"template":"","format":"standard","meta":{"footnotes":""},"categories":[7],"tags":[],"class_list":["post-160224","post","type-post","status-publish","format-standard","has-post-thumbnail","hentry","category-mat"],"_links":{"self":[{"href":"https:\/\/ecolecaritas.be\/new\/wp-json\/wp\/v2\/posts\/160224","targetHints":{"allow":["GET"]}}],"collection":[{"href":"https:\/\/ecolecaritas.be\/new\/wp-json\/wp\/v2\/posts"}],"about":[{"href":"https:\/\/ecolecaritas.be\/new\/wp-json\/wp\/v2\/types\/post"}],"author":[{"embeddable":true,"href":"https:\/\/ecolecaritas.be\/new\/wp-json\/wp\/v2\/users\/4"}],"replies":[{"embeddable":true,"href":"https:\/\/ecolecaritas.be\/new\/wp-json\/wp\/v2\/comments?post=160224"}],"version-history":[{"count":5,"href":"https:\/\/ecolecaritas.be\/new\/wp-json\/wp\/v2\/posts\/160224\/revisions"}],"predecessor-version":[{"id":160243,"href":"https:\/\/ecolecaritas.be\/new\/wp-json\/wp\/v2\/posts\/160224\/revisions\/160243"}],"wp:featuredmedia":[{"embeddable":true,"href":"https:\/\/ecolecaritas.be\/new\/wp-json\/wp\/v2\/media\/160230"}],"wp:attachment":[{"href":"https:\/\/ecolecaritas.be\/new\/wp-json\/wp\/v2\/media?parent=160224"}],"wp:term":[{"taxonomy":"category","embeddable":true,"href":"https:\/\/ecolecaritas.be\/new\/wp-json\/wp\/v2\/categories?post=160224"},{"taxonomy":"post_tag","embeddable":true,"href":"https:\/\/ecolecaritas.be\/new\/wp-json\/wp\/v2\/tags?post=160224"}],"curies":[{"name":"wp","href":"https:\/\/api.w.org\/{rel}","templated":true}]}}