{"id":160675,"date":"2024-03-20T14:56:03","date_gmt":"2024-03-20T13:56:03","guid":{"rendered":"https:\/\/ecolecaritas.be\/new\/?p=160675"},"modified":"2024-03-20T14:56:03","modified_gmt":"2024-03-20T13:56:03","slug":"dans-la-peau-dun-ingenieur-du-son-en-p3-p4","status":"publish","type":"post","link":"https:\/\/ecolecaritas.be\/new\/dans-la-peau-dun-ingenieur-du-son-en-p3-p4\/","title":{"rendered":"Dans la peau d\u2019un ing\u00e9nieur du son en P3-P4  ! &#x1f4bb;&#x1f3b5;"},"content":{"rendered":"\n<p>Dans le cadre de leur projet musical, la classe de P3-P4 a \u00e9t\u00e9 responsable de la mise en place du mat\u00e9riel qu\u2019ils utilisent depuis maintenant plusieurs semaines pour s\u2019enregistrer et chanter. &#x1f3a4;<br>Ils se sont r\u00e9partis les t\u00e2ches pour monter les micros, les baffles, pr\u00e9parer l\u2019ordinateur qui commande le tout et veiller \u00e0 connecter les c\u00e2bles aux bons endroits.&#x1f914;<br>Un fois le travail termin\u00e9, il a fallu tester les micros pour s\u2019assurer que tout soit branch\u00e9 correctement.&#x1f5e3;&#xfe0f;<br>Bravo \u00e0 eux, ils ont fait \u00e7a comme des chefs !&#x1f973;<\/p>\n\n\n\n<figure class=\"wp-block-image size-large\"><img loading=\"lazy\" decoding=\"async\" width=\"450\" height=\"600\" src=\"https:\/\/ecolecaritas.be\/new\/wp-content\/uploads\/2024\/03\/IMG-20240319-WA0024-450x600.jpg\" alt=\"\" class=\"wp-image-160674\" srcset=\"https:\/\/ecolecaritas.be\/new\/wp-content\/uploads\/2024\/03\/IMG-20240319-WA0024-450x600.jpg 450w, https:\/\/ecolecaritas.be\/new\/wp-content\/uploads\/2024\/03\/IMG-20240319-WA0024-225x300.jpg 225w, https:\/\/ecolecaritas.be\/new\/wp-content\/uploads\/2024\/03\/IMG-20240319-WA0024-768x1024.jpg 768w, https:\/\/ecolecaritas.be\/new\/wp-content\/uploads\/2024\/03\/IMG-20240319-WA0024-600x800.jpg 600w, https:\/\/ecolecaritas.be\/new\/wp-content\/uploads\/2024\/03\/IMG-20240319-WA0024-1152x1536.jpg 1152w, https:\/\/ecolecaritas.be\/new\/wp-content\/uploads\/2024\/03\/IMG-20240319-WA0024-1320x1760.jpg 1320w, https:\/\/ecolecaritas.be\/new\/wp-content\/uploads\/2024\/03\/IMG-20240319-WA0024.jpg 1536w\" sizes=\"auto, (max-width: 450px) 100vw, 450px\" \/><\/figure>\n\n\n\n<figure class=\"wp-block-image size-large\"><img loading=\"lazy\" decoding=\"async\" width=\"450\" height=\"600\" src=\"https:\/\/ecolecaritas.be\/new\/wp-content\/uploads\/2024\/03\/IMG-20240319-WA0025-450x600.jpg\" alt=\"\" class=\"wp-image-160673\" srcset=\"https:\/\/ecolecaritas.be\/new\/wp-content\/uploads\/2024\/03\/IMG-20240319-WA0025-450x600.jpg 450w, https:\/\/ecolecaritas.be\/new\/wp-content\/uploads\/2024\/03\/IMG-20240319-WA0025-225x300.jpg 225w, https:\/\/ecolecaritas.be\/new\/wp-content\/uploads\/2024\/03\/IMG-20240319-WA0025-768x1024.jpg 768w, https:\/\/ecolecaritas.be\/new\/wp-content\/uploads\/2024\/03\/IMG-20240319-WA0025-600x800.jpg 600w, https:\/\/ecolecaritas.be\/new\/wp-content\/uploads\/2024\/03\/IMG-20240319-WA0025-1152x1536.jpg 1152w, https:\/\/ecolecaritas.be\/new\/wp-content\/uploads\/2024\/03\/IMG-20240319-WA0025-1320x1760.jpg 1320w, https:\/\/ecolecaritas.be\/new\/wp-content\/uploads\/2024\/03\/IMG-20240319-WA0025.jpg 1536w\" sizes=\"auto, (max-width: 450px) 100vw, 450px\" \/><\/figure>\n\n\n\n<figure class=\"wp-block-image size-large\"><img loading=\"lazy\" decoding=\"async\" width=\"600\" height=\"450\" src=\"https:\/\/ecolecaritas.be\/new\/wp-content\/uploads\/2024\/03\/IMG-20240319-WA0028-600x450.jpg\" alt=\"\" class=\"wp-image-160671\" srcset=\"https:\/\/ecolecaritas.be\/new\/wp-content\/uploads\/2024\/03\/IMG-20240319-WA0028-600x450.jpg 600w, https:\/\/ecolecaritas.be\/new\/wp-content\/uploads\/2024\/03\/IMG-20240319-WA0028-300x225.jpg 300w, https:\/\/ecolecaritas.be\/new\/wp-content\/uploads\/2024\/03\/IMG-20240319-WA0028-768x576.jpg 768w, https:\/\/ecolecaritas.be\/new\/wp-content\/uploads\/2024\/03\/IMG-20240319-WA0028-1536x1152.jpg 1536w, https:\/\/ecolecaritas.be\/new\/wp-content\/uploads\/2024\/03\/IMG-20240319-WA0028-678x509.jpg 678w, https:\/\/ecolecaritas.be\/new\/wp-content\/uploads\/2024\/03\/IMG-20240319-WA0028-326x245.jpg 326w, https:\/\/ecolecaritas.be\/new\/wp-content\/uploads\/2024\/03\/IMG-20240319-WA0028-80x60.jpg 80w, https:\/\/ecolecaritas.be\/new\/wp-content\/uploads\/2024\/03\/IMG-20240319-WA0028-1320x990.jpg 1320w, https:\/\/ecolecaritas.be\/new\/wp-content\/uploads\/2024\/03\/IMG-20240319-WA0028.jpg 2048w\" sizes=\"auto, (max-width: 600px) 100vw, 600px\" \/><\/figure>\n\n\n\n<figure class=\"wp-block-image size-large is-resized\"><img loading=\"lazy\" decoding=\"async\" width=\"450\" height=\"600\" src=\"https:\/\/ecolecaritas.be\/new\/wp-content\/uploads\/2024\/03\/IMG-20240319-WA0027-450x600.jpg\" alt=\"\" class=\"wp-image-160670\" style=\"width:345px;height:auto\" srcset=\"https:\/\/ecolecaritas.be\/new\/wp-content\/uploads\/2024\/03\/IMG-20240319-WA0027-450x600.jpg 450w, https:\/\/ecolecaritas.be\/new\/wp-content\/uploads\/2024\/03\/IMG-20240319-WA0027-225x300.jpg 225w, https:\/\/ecolecaritas.be\/new\/wp-content\/uploads\/2024\/03\/IMG-20240319-WA0027-768x1024.jpg 768w, https:\/\/ecolecaritas.be\/new\/wp-content\/uploads\/2024\/03\/IMG-20240319-WA0027-600x800.jpg 600w, https:\/\/ecolecaritas.be\/new\/wp-content\/uploads\/2024\/03\/IMG-20240319-WA0027-1152x1536.jpg 1152w, https:\/\/ecolecaritas.be\/new\/wp-content\/uploads\/2024\/03\/IMG-20240319-WA0027-1320x1760.jpg 1320w, https:\/\/ecolecaritas.be\/new\/wp-content\/uploads\/2024\/03\/IMG-20240319-WA0027.jpg 1536w\" sizes=\"auto, (max-width: 450px) 100vw, 450px\" \/><\/figure>\n\n\n\n<figure class=\"wp-block-image size-large\"><img loading=\"lazy\" decoding=\"async\" width=\"600\" height=\"450\" src=\"https:\/\/ecolecaritas.be\/new\/wp-content\/uploads\/2024\/03\/IMG-20240319-WA0029-600x450.jpg\" alt=\"\" class=\"wp-image-160669\" srcset=\"https:\/\/ecolecaritas.be\/new\/wp-content\/uploads\/2024\/03\/IMG-20240319-WA0029-600x450.jpg 600w, https:\/\/ecolecaritas.be\/new\/wp-content\/uploads\/2024\/03\/IMG-20240319-WA0029-300x225.jpg 300w, https:\/\/ecolecaritas.be\/new\/wp-content\/uploads\/2024\/03\/IMG-20240319-WA0029-768x576.jpg 768w, https:\/\/ecolecaritas.be\/new\/wp-content\/uploads\/2024\/03\/IMG-20240319-WA0029-1536x1152.jpg 1536w, https:\/\/ecolecaritas.be\/new\/wp-content\/uploads\/2024\/03\/IMG-20240319-WA0029-678x509.jpg 678w, https:\/\/ecolecaritas.be\/new\/wp-content\/uploads\/2024\/03\/IMG-20240319-WA0029-326x245.jpg 326w, https:\/\/ecolecaritas.be\/new\/wp-content\/uploads\/2024\/03\/IMG-20240319-WA0029-80x60.jpg 80w, https:\/\/ecolecaritas.be\/new\/wp-content\/uploads\/2024\/03\/IMG-20240319-WA0029-1320x990.jpg 1320w, https:\/\/ecolecaritas.be\/new\/wp-content\/uploads\/2024\/03\/IMG-20240319-WA0029.jpg 2048w\" sizes=\"auto, (max-width: 600px) 100vw, 600px\" \/><\/figure>\n\n\n\n<figure class=\"wp-block-image size-large\"><img loading=\"lazy\" decoding=\"async\" width=\"450\" height=\"600\" src=\"https:\/\/ecolecaritas.be\/new\/wp-content\/uploads\/2024\/03\/IMG-20240319-WA0030-450x600.jpg\" alt=\"\" class=\"wp-image-160668\" srcset=\"https:\/\/ecolecaritas.be\/new\/wp-content\/uploads\/2024\/03\/IMG-20240319-WA0030-450x600.jpg 450w, https:\/\/ecolecaritas.be\/new\/wp-content\/uploads\/2024\/03\/IMG-20240319-WA0030-225x300.jpg 225w, https:\/\/ecolecaritas.be\/new\/wp-content\/uploads\/2024\/03\/IMG-20240319-WA0030-768x1024.jpg 768w, https:\/\/ecolecaritas.be\/new\/wp-content\/uploads\/2024\/03\/IMG-20240319-WA0030-600x800.jpg 600w, https:\/\/ecolecaritas.be\/new\/wp-content\/uploads\/2024\/03\/IMG-20240319-WA0030-1152x1536.jpg 1152w, https:\/\/ecolecaritas.be\/new\/wp-content\/uploads\/2024\/03\/IMG-20240319-WA0030-1320x1760.jpg 1320w, https:\/\/ecolecaritas.be\/new\/wp-content\/uploads\/2024\/03\/IMG-20240319-WA0030.jpg 1536w\" sizes=\"auto, (max-width: 450px) 100vw, 450px\" \/><\/figure>\n\n\n\n<figure class=\"wp-block-image size-large\"><img loading=\"lazy\" decoding=\"async\" width=\"450\" height=\"600\" src=\"https:\/\/ecolecaritas.be\/new\/wp-content\/uploads\/2024\/03\/IMG-20240319-WA0031-450x600.jpg\" alt=\"\" class=\"wp-image-160667\" srcset=\"https:\/\/ecolecaritas.be\/new\/wp-content\/uploads\/2024\/03\/IMG-20240319-WA0031-450x600.jpg 450w, https:\/\/ecolecaritas.be\/new\/wp-content\/uploads\/2024\/03\/IMG-20240319-WA0031-225x300.jpg 225w, https:\/\/ecolecaritas.be\/new\/wp-content\/uploads\/2024\/03\/IMG-20240319-WA0031-768x1024.jpg 768w, https:\/\/ecolecaritas.be\/new\/wp-content\/uploads\/2024\/03\/IMG-20240319-WA0031-600x800.jpg 600w, https:\/\/ecolecaritas.be\/new\/wp-content\/uploads\/2024\/03\/IMG-20240319-WA0031-1152x1536.jpg 1152w, https:\/\/ecolecaritas.be\/new\/wp-content\/uploads\/2024\/03\/IMG-20240319-WA0031-1320x1760.jpg 1320w, https:\/\/ecolecaritas.be\/new\/wp-content\/uploads\/2024\/03\/IMG-20240319-WA0031.jpg 1536w\" sizes=\"auto, (max-width: 450px) 100vw, 450px\" \/><\/figure>\n\n\n\n<figure class=\"wp-block-image size-large\"><img loading=\"lazy\" decoding=\"async\" width=\"450\" height=\"600\" src=\"https:\/\/ecolecaritas.be\/new\/wp-content\/uploads\/2024\/03\/IMG-20240319-WA0032-450x600.jpg\" alt=\"\" class=\"wp-image-160666\" srcset=\"https:\/\/ecolecaritas.be\/new\/wp-content\/uploads\/2024\/03\/IMG-20240319-WA0032-450x600.jpg 450w, https:\/\/ecolecaritas.be\/new\/wp-content\/uploads\/2024\/03\/IMG-20240319-WA0032-225x300.jpg 225w, https:\/\/ecolecaritas.be\/new\/wp-content\/uploads\/2024\/03\/IMG-20240319-WA0032-768x1024.jpg 768w, https:\/\/ecolecaritas.be\/new\/wp-content\/uploads\/2024\/03\/IMG-20240319-WA0032-600x800.jpg 600w, https:\/\/ecolecaritas.be\/new\/wp-content\/uploads\/2024\/03\/IMG-20240319-WA0032-1152x1536.jpg 1152w, https:\/\/ecolecaritas.be\/new\/wp-content\/uploads\/2024\/03\/IMG-20240319-WA0032-1320x1760.jpg 1320w, https:\/\/ecolecaritas.be\/new\/wp-content\/uploads\/2024\/03\/IMG-20240319-WA0032.jpg 1536w\" sizes=\"auto, (max-width: 450px) 100vw, 450px\" \/><\/figure>\n\n\n\n<figure class=\"wp-block-image size-large is-resized\"><img loading=\"lazy\" decoding=\"async\" width=\"450\" height=\"600\" src=\"https:\/\/ecolecaritas.be\/new\/wp-content\/uploads\/2024\/03\/IMG-20240319-WA0033-450x600.jpg\" alt=\"\" class=\"wp-image-160665\" style=\"width:343px;height:auto\" srcset=\"https:\/\/ecolecaritas.be\/new\/wp-content\/uploads\/2024\/03\/IMG-20240319-WA0033-450x600.jpg 450w, https:\/\/ecolecaritas.be\/new\/wp-content\/uploads\/2024\/03\/IMG-20240319-WA0033-225x300.jpg 225w, https:\/\/ecolecaritas.be\/new\/wp-content\/uploads\/2024\/03\/IMG-20240319-WA0033-768x1024.jpg 768w, https:\/\/ecolecaritas.be\/new\/wp-content\/uploads\/2024\/03\/IMG-20240319-WA0033-600x800.jpg 600w, https:\/\/ecolecaritas.be\/new\/wp-content\/uploads\/2024\/03\/IMG-20240319-WA0033-1152x1536.jpg 1152w, https:\/\/ecolecaritas.be\/new\/wp-content\/uploads\/2024\/03\/IMG-20240319-WA0033-1320x1760.jpg 1320w, https:\/\/ecolecaritas.be\/new\/wp-content\/uploads\/2024\/03\/IMG-20240319-WA0033.jpg 1536w\" sizes=\"auto, (max-width: 450px) 100vw, 450px\" \/><\/figure>\n","protected":false},"excerpt":{"rendered":"<div class=\"mh-excerpt\"><p>Dans le cadre de leur projet musical, la classe de P3-P4 a \u00e9t\u00e9 responsable de la mise en place du mat\u00e9riel qu\u2019ils utilisent depuis maintenant <a class=\"mh-excerpt-more\" href=\"https:\/\/ecolecaritas.be\/new\/dans-la-peau-dun-ingenieur-du-son-en-p3-p4\/\" title=\"Dans la peau d\u2019un ing\u00e9nieur du son en P3-P4  ! &#x1f4bb;&#x1f3b5;\">[&#8230;]<\/a><\/p>\n<\/div>","protected":false},"author":4,"featured_media":160672,"comment_status":"closed","ping_status":"closed","sticky":false,"template":"","format":"standard","meta":{"footnotes":""},"categories":[9],"tags":[],"class_list":["post-160675","post","type-post","status-publish","format-standard","has-post-thumbnail","hentry","category-p34"],"_links":{"self":[{"href":"https:\/\/ecolecaritas.be\/new\/wp-json\/wp\/v2\/posts\/160675","targetHints":{"allow":["GET"]}}],"collection":[{"href":"https:\/\/ecolecaritas.be\/new\/wp-json\/wp\/v2\/posts"}],"about":[{"href":"https:\/\/ecolecaritas.be\/new\/wp-json\/wp\/v2\/types\/post"}],"author":[{"embeddable":true,"href":"https:\/\/ecolecaritas.be\/new\/wp-json\/wp\/v2\/users\/4"}],"replies":[{"embeddable":true,"href":"https:\/\/ecolecaritas.be\/new\/wp-json\/wp\/v2\/comments?post=160675"}],"version-history":[{"count":3,"href":"https:\/\/ecolecaritas.be\/new\/wp-json\/wp\/v2\/posts\/160675\/revisions"}],"predecessor-version":[{"id":160678,"href":"https:\/\/ecolecaritas.be\/new\/wp-json\/wp\/v2\/posts\/160675\/revisions\/160678"}],"wp:featuredmedia":[{"embeddable":true,"href":"https:\/\/ecolecaritas.be\/new\/wp-json\/wp\/v2\/media\/160672"}],"wp:attachment":[{"href":"https:\/\/ecolecaritas.be\/new\/wp-json\/wp\/v2\/media?parent=160675"}],"wp:term":[{"taxonomy":"category","embeddable":true,"href":"https:\/\/ecolecaritas.be\/new\/wp-json\/wp\/v2\/categories?post=160675"},{"taxonomy":"post_tag","embeddable":true,"href":"https:\/\/ecolecaritas.be\/new\/wp-json\/wp\/v2\/tags?post=160675"}],"curies":[{"name":"wp","href":"https:\/\/api.w.org\/{rel}","templated":true}]}}