{"id":160980,"date":"2024-04-17T22:36:54","date_gmt":"2024-04-17T20:36:54","guid":{"rendered":"https:\/\/ecolecaritas.be\/new\/?p=160980"},"modified":"2024-04-17T22:36:54","modified_gmt":"2024-04-17T20:36:54","slug":"seances-provelo-pour-nos-p5","status":"publish","type":"post","link":"https:\/\/ecolecaritas.be\/new\/seances-provelo-pour-nos-p5\/","title":{"rendered":"S\u00e9ances \u00ab\u00a0Prov\u00e9lo\u00a0\u00bb pour nos P5 !&#x1f6b4;&#x200d;&#x2640;&#xfe0f;&#x1f6b4;&#x200d;&#x2642;&#xfe0f;"},"content":{"rendered":"\n<p>Dernier entra\u00eenement avant le passage du brevet Prov\u00e9lo mercredi prochain, pour nos \u00e9l\u00e8ves de 5\u00e8me ann\u00e9e ! Ils sont pr\u00eats et nous sommes d\u00e9j\u00e0 fiers de leurs beaux progr\u00e8s \u00e0 tous \u2026&#x1f60a; Bonne et belle route \u00e0 eux ! &#x1f6b4;&#x200d;&#x2642;&#xfe0f;&#x1f6b4;&#x200d;&#x2640;&#xfe0f;Un grand merci \u00e0 tous les moniteurs b\u00e9n\u00e9voles !&#x1f64f;<\/p>\n\n\n\n<figure class=\"wp-block-image size-large is-resized\"><img loading=\"lazy\" decoding=\"async\" width=\"600\" height=\"450\" src=\"https:\/\/ecolecaritas.be\/new\/wp-content\/uploads\/2024\/04\/IMG-20240417-WA0007-600x450.jpg\" alt=\"\" class=\"wp-image-160979\" style=\"width:352px;height:auto\" srcset=\"https:\/\/ecolecaritas.be\/new\/wp-content\/uploads\/2024\/04\/IMG-20240417-WA0007-600x450.jpg 600w, https:\/\/ecolecaritas.be\/new\/wp-content\/uploads\/2024\/04\/IMG-20240417-WA0007-300x225.jpg 300w, https:\/\/ecolecaritas.be\/new\/wp-content\/uploads\/2024\/04\/IMG-20240417-WA0007-768x576.jpg 768w, https:\/\/ecolecaritas.be\/new\/wp-content\/uploads\/2024\/04\/IMG-20240417-WA0007-1536x1152.jpg 1536w, https:\/\/ecolecaritas.be\/new\/wp-content\/uploads\/2024\/04\/IMG-20240417-WA0007-678x509.jpg 678w, https:\/\/ecolecaritas.be\/new\/wp-content\/uploads\/2024\/04\/IMG-20240417-WA0007-326x245.jpg 326w, https:\/\/ecolecaritas.be\/new\/wp-content\/uploads\/2024\/04\/IMG-20240417-WA0007-80x60.jpg 80w, https:\/\/ecolecaritas.be\/new\/wp-content\/uploads\/2024\/04\/IMG-20240417-WA0007-1320x990.jpg 1320w, https:\/\/ecolecaritas.be\/new\/wp-content\/uploads\/2024\/04\/IMG-20240417-WA0007.jpg 2000w\" sizes=\"auto, (max-width: 600px) 100vw, 600px\" \/><\/figure>\n\n\n\n<figure class=\"wp-block-image size-large\"><img loading=\"lazy\" decoding=\"async\" width=\"600\" height=\"450\" src=\"https:\/\/ecolecaritas.be\/new\/wp-content\/uploads\/2024\/04\/IMG-20240417-WA0008-600x450.jpg\" alt=\"\" class=\"wp-image-160978\" srcset=\"https:\/\/ecolecaritas.be\/new\/wp-content\/uploads\/2024\/04\/IMG-20240417-WA0008-600x450.jpg 600w, https:\/\/ecolecaritas.be\/new\/wp-content\/uploads\/2024\/04\/IMG-20240417-WA0008-300x225.jpg 300w, https:\/\/ecolecaritas.be\/new\/wp-content\/uploads\/2024\/04\/IMG-20240417-WA0008-768x576.jpg 768w, https:\/\/ecolecaritas.be\/new\/wp-content\/uploads\/2024\/04\/IMG-20240417-WA0008-1536x1152.jpg 1536w, https:\/\/ecolecaritas.be\/new\/wp-content\/uploads\/2024\/04\/IMG-20240417-WA0008-678x509.jpg 678w, https:\/\/ecolecaritas.be\/new\/wp-content\/uploads\/2024\/04\/IMG-20240417-WA0008-326x245.jpg 326w, https:\/\/ecolecaritas.be\/new\/wp-content\/uploads\/2024\/04\/IMG-20240417-WA0008-80x60.jpg 80w, https:\/\/ecolecaritas.be\/new\/wp-content\/uploads\/2024\/04\/IMG-20240417-WA0008-1320x990.jpg 1320w, https:\/\/ecolecaritas.be\/new\/wp-content\/uploads\/2024\/04\/IMG-20240417-WA0008.jpg 2000w\" sizes=\"auto, (max-width: 600px) 100vw, 600px\" \/><\/figure>\n\n\n\n<figure class=\"wp-block-image size-large is-resized\"><img loading=\"lazy\" decoding=\"async\" width=\"600\" height=\"450\" src=\"https:\/\/ecolecaritas.be\/new\/wp-content\/uploads\/2024\/04\/IMG-20240417-WA0009-600x450.jpg\" alt=\"\" class=\"wp-image-160977\" style=\"width:346px;height:auto\" srcset=\"https:\/\/ecolecaritas.be\/new\/wp-content\/uploads\/2024\/04\/IMG-20240417-WA0009-600x450.jpg 600w, https:\/\/ecolecaritas.be\/new\/wp-content\/uploads\/2024\/04\/IMG-20240417-WA0009-300x225.jpg 300w, https:\/\/ecolecaritas.be\/new\/wp-content\/uploads\/2024\/04\/IMG-20240417-WA0009-768x576.jpg 768w, https:\/\/ecolecaritas.be\/new\/wp-content\/uploads\/2024\/04\/IMG-20240417-WA0009-1536x1152.jpg 1536w, https:\/\/ecolecaritas.be\/new\/wp-content\/uploads\/2024\/04\/IMG-20240417-WA0009-678x509.jpg 678w, https:\/\/ecolecaritas.be\/new\/wp-content\/uploads\/2024\/04\/IMG-20240417-WA0009-326x245.jpg 326w, https:\/\/ecolecaritas.be\/new\/wp-content\/uploads\/2024\/04\/IMG-20240417-WA0009-80x60.jpg 80w, https:\/\/ecolecaritas.be\/new\/wp-content\/uploads\/2024\/04\/IMG-20240417-WA0009-1320x990.jpg 1320w, https:\/\/ecolecaritas.be\/new\/wp-content\/uploads\/2024\/04\/IMG-20240417-WA0009.jpg 2000w\" sizes=\"auto, (max-width: 600px) 100vw, 600px\" \/><\/figure>\n","protected":false},"excerpt":{"rendered":"<div class=\"mh-excerpt\"><p>Dernier entra\u00eenement avant le passage du brevet Prov\u00e9lo mercredi prochain, pour nos \u00e9l\u00e8ves de 5\u00e8me ann\u00e9e ! Ils sont pr\u00eats et nous sommes d\u00e9j\u00e0 fiers <a class=\"mh-excerpt-more\" href=\"https:\/\/ecolecaritas.be\/new\/seances-provelo-pour-nos-p5\/\" title=\"S\u00e9ances \u00ab\u00a0Prov\u00e9lo\u00a0\u00bb pour nos P5 !&#x1f6b4;&#x200d;&#x2640;&#xfe0f;&#x1f6b4;&#x200d;&#x2642;&#xfe0f;\">[&#8230;]<\/a><\/p>\n<\/div>","protected":false},"author":4,"featured_media":160983,"comment_status":"closed","ping_status":"closed","sticky":false,"template":"","format":"standard","meta":{"footnotes":""},"categories":[10],"tags":[],"class_list":["post-160980","post","type-post","status-publish","format-standard","has-post-thumbnail","hentry","category-p56"],"_links":{"self":[{"href":"https:\/\/ecolecaritas.be\/new\/wp-json\/wp\/v2\/posts\/160980","targetHints":{"allow":["GET"]}}],"collection":[{"href":"https:\/\/ecolecaritas.be\/new\/wp-json\/wp\/v2\/posts"}],"about":[{"href":"https:\/\/ecolecaritas.be\/new\/wp-json\/wp\/v2\/types\/post"}],"author":[{"embeddable":true,"href":"https:\/\/ecolecaritas.be\/new\/wp-json\/wp\/v2\/users\/4"}],"replies":[{"embeddable":true,"href":"https:\/\/ecolecaritas.be\/new\/wp-json\/wp\/v2\/comments?post=160980"}],"version-history":[{"count":2,"href":"https:\/\/ecolecaritas.be\/new\/wp-json\/wp\/v2\/posts\/160980\/revisions"}],"predecessor-version":[{"id":160982,"href":"https:\/\/ecolecaritas.be\/new\/wp-json\/wp\/v2\/posts\/160980\/revisions\/160982"}],"wp:featuredmedia":[{"embeddable":true,"href":"https:\/\/ecolecaritas.be\/new\/wp-json\/wp\/v2\/media\/160983"}],"wp:attachment":[{"href":"https:\/\/ecolecaritas.be\/new\/wp-json\/wp\/v2\/media?parent=160980"}],"wp:term":[{"taxonomy":"category","embeddable":true,"href":"https:\/\/ecolecaritas.be\/new\/wp-json\/wp\/v2\/categories?post=160980"},{"taxonomy":"post_tag","embeddable":true,"href":"https:\/\/ecolecaritas.be\/new\/wp-json\/wp\/v2\/tags?post=160980"}],"curies":[{"name":"wp","href":"https:\/\/api.w.org\/{rel}","templated":true}]}}