{"id":162187,"date":"2024-11-06T21:09:11","date_gmt":"2024-11-06T20:09:11","guid":{"rendered":"https:\/\/ecolecaritas.be\/new\/?p=162187"},"modified":"2024-11-06T21:09:11","modified_gmt":"2024-11-06T20:09:11","slug":"les-haikus-des-eleves-de-5eme-et-6eme-primaire","status":"publish","type":"post","link":"https:\/\/ecolecaritas.be\/new\/les-haikus-des-eleves-de-5eme-et-6eme-primaire\/","title":{"rendered":"Les ha\u00efkus des \u00e9l\u00e8ves de 5\u00e8me et 6\u00e8me primaire"},"content":{"rendered":"\n<p>En \u00ab\u00a0\u00e9cole dehors\u00a0\u00bb, les \u00e9l\u00e8ves de 5\u00e8me et 6\u00e8me primaire ont r\u00e9alis\u00e9 des ha\u00efkus sur la nature et l&rsquo;automne. Il s&rsquo;agit de petits po\u00e8mes japonais constitu\u00e9s d&rsquo;un verset de 17 syllabes (5-7-5). Bravo \u00e0 eux !<\/p>\n\n\n\n<figure class=\"wp-block-image size-large\"><img loading=\"lazy\" decoding=\"async\" width=\"600\" height=\"600\" src=\"https:\/\/ecolecaritas.be\/new\/wp-content\/uploads\/2024\/11\/image-4-600x600.png\" alt=\"\" class=\"wp-image-162189\" srcset=\"https:\/\/ecolecaritas.be\/new\/wp-content\/uploads\/2024\/11\/image-4-600x600.png 600w, https:\/\/ecolecaritas.be\/new\/wp-content\/uploads\/2024\/11\/image-4-300x300.png 300w, https:\/\/ecolecaritas.be\/new\/wp-content\/uploads\/2024\/11\/image-4-150x150.png 150w, https:\/\/ecolecaritas.be\/new\/wp-content\/uploads\/2024\/11\/image-4-768x768.png 768w, https:\/\/ecolecaritas.be\/new\/wp-content\/uploads\/2024\/11\/image-4-500x500.png 500w, https:\/\/ecolecaritas.be\/new\/wp-content\/uploads\/2024\/11\/image-4-400x400.png 400w, https:\/\/ecolecaritas.be\/new\/wp-content\/uploads\/2024\/11\/image-4-1320x1320.png 1320w, https:\/\/ecolecaritas.be\/new\/wp-content\/uploads\/2024\/11\/image-4.png 1500w\" sizes=\"auto, (max-width: 600px) 100vw, 600px\" \/><\/figure>\n\n\n\n<figure class=\"wp-block-image size-large\"><img loading=\"lazy\" decoding=\"async\" width=\"600\" height=\"600\" src=\"https:\/\/ecolecaritas.be\/new\/wp-content\/uploads\/2024\/11\/image-3-600x600.png\" alt=\"\" class=\"wp-image-162190\" srcset=\"https:\/\/ecolecaritas.be\/new\/wp-content\/uploads\/2024\/11\/image-3-600x600.png 600w, https:\/\/ecolecaritas.be\/new\/wp-content\/uploads\/2024\/11\/image-3-300x300.png 300w, https:\/\/ecolecaritas.be\/new\/wp-content\/uploads\/2024\/11\/image-3-150x150.png 150w, https:\/\/ecolecaritas.be\/new\/wp-content\/uploads\/2024\/11\/image-3-768x768.png 768w, https:\/\/ecolecaritas.be\/new\/wp-content\/uploads\/2024\/11\/image-3-500x500.png 500w, https:\/\/ecolecaritas.be\/new\/wp-content\/uploads\/2024\/11\/image-3-400x400.png 400w, https:\/\/ecolecaritas.be\/new\/wp-content\/uploads\/2024\/11\/image-3-1320x1320.png 1320w, https:\/\/ecolecaritas.be\/new\/wp-content\/uploads\/2024\/11\/image-3.png 1500w\" sizes=\"auto, (max-width: 600px) 100vw, 600px\" \/><\/figure>\n\n\n\n<figure class=\"wp-block-image size-large\"><img loading=\"lazy\" decoding=\"async\" width=\"600\" height=\"600\" src=\"https:\/\/ecolecaritas.be\/new\/wp-content\/uploads\/2024\/11\/image-2-600x600.png\" alt=\"\" class=\"wp-image-162191\" srcset=\"https:\/\/ecolecaritas.be\/new\/wp-content\/uploads\/2024\/11\/image-2-600x600.png 600w, https:\/\/ecolecaritas.be\/new\/wp-content\/uploads\/2024\/11\/image-2-300x300.png 300w, https:\/\/ecolecaritas.be\/new\/wp-content\/uploads\/2024\/11\/image-2-150x150.png 150w, https:\/\/ecolecaritas.be\/new\/wp-content\/uploads\/2024\/11\/image-2-768x768.png 768w, https:\/\/ecolecaritas.be\/new\/wp-content\/uploads\/2024\/11\/image-2-500x500.png 500w, https:\/\/ecolecaritas.be\/new\/wp-content\/uploads\/2024\/11\/image-2-400x400.png 400w, https:\/\/ecolecaritas.be\/new\/wp-content\/uploads\/2024\/11\/image-2-1320x1320.png 1320w, https:\/\/ecolecaritas.be\/new\/wp-content\/uploads\/2024\/11\/image-2.png 1500w\" sizes=\"auto, (max-width: 600px) 100vw, 600px\" \/><\/figure>\n\n\n\n<figure class=\"wp-block-image size-large\"><img loading=\"lazy\" decoding=\"async\" width=\"600\" height=\"600\" src=\"https:\/\/ecolecaritas.be\/new\/wp-content\/uploads\/2024\/11\/image-1-600x600.png\" alt=\"\" class=\"wp-image-162192\" srcset=\"https:\/\/ecolecaritas.be\/new\/wp-content\/uploads\/2024\/11\/image-1-600x600.png 600w, https:\/\/ecolecaritas.be\/new\/wp-content\/uploads\/2024\/11\/image-1-300x300.png 300w, https:\/\/ecolecaritas.be\/new\/wp-content\/uploads\/2024\/11\/image-1-150x150.png 150w, https:\/\/ecolecaritas.be\/new\/wp-content\/uploads\/2024\/11\/image-1-768x768.png 768w, https:\/\/ecolecaritas.be\/new\/wp-content\/uploads\/2024\/11\/image-1-500x500.png 500w, https:\/\/ecolecaritas.be\/new\/wp-content\/uploads\/2024\/11\/image-1-400x400.png 400w, https:\/\/ecolecaritas.be\/new\/wp-content\/uploads\/2024\/11\/image-1-1320x1320.png 1320w, https:\/\/ecolecaritas.be\/new\/wp-content\/uploads\/2024\/11\/image-1.png 1500w\" sizes=\"auto, (max-width: 600px) 100vw, 600px\" \/><\/figure>\n\n\n\n<figure class=\"wp-block-image size-large\"><img loading=\"lazy\" decoding=\"async\" width=\"600\" height=\"600\" src=\"https:\/\/ecolecaritas.be\/new\/wp-content\/uploads\/2024\/11\/image-600x600.png\" alt=\"\" class=\"wp-image-162193\" srcset=\"https:\/\/ecolecaritas.be\/new\/wp-content\/uploads\/2024\/11\/image-600x600.png 600w, https:\/\/ecolecaritas.be\/new\/wp-content\/uploads\/2024\/11\/image-300x300.png 300w, https:\/\/ecolecaritas.be\/new\/wp-content\/uploads\/2024\/11\/image-150x150.png 150w, https:\/\/ecolecaritas.be\/new\/wp-content\/uploads\/2024\/11\/image-768x768.png 768w, https:\/\/ecolecaritas.be\/new\/wp-content\/uploads\/2024\/11\/image-500x500.png 500w, https:\/\/ecolecaritas.be\/new\/wp-content\/uploads\/2024\/11\/image-400x400.png 400w, https:\/\/ecolecaritas.be\/new\/wp-content\/uploads\/2024\/11\/image-1320x1320.png 1320w, https:\/\/ecolecaritas.be\/new\/wp-content\/uploads\/2024\/11\/image.png 1500w\" sizes=\"auto, (max-width: 600px) 100vw, 600px\" \/><\/figure>\n","protected":false},"excerpt":{"rendered":"<div class=\"mh-excerpt\"><p>En \u00ab\u00a0\u00e9cole dehors\u00a0\u00bb, les \u00e9l\u00e8ves de 5\u00e8me et 6\u00e8me primaire ont r\u00e9alis\u00e9 des ha\u00efkus sur la nature et l&rsquo;automne. Il s&rsquo;agit de petits po\u00e8mes japonais <a class=\"mh-excerpt-more\" href=\"https:\/\/ecolecaritas.be\/new\/les-haikus-des-eleves-de-5eme-et-6eme-primaire\/\" title=\"Les ha\u00efkus des \u00e9l\u00e8ves de 5\u00e8me et 6\u00e8me primaire\">[&#8230;]<\/a><\/p>\n<\/div>","protected":false},"author":4,"featured_media":162193,"comment_status":"closed","ping_status":"closed","sticky":false,"template":"","format":"standard","meta":{"footnotes":""},"categories":[10,1],"tags":[],"class_list":["post-162187","post","type-post","status-publish","format-standard","has-post-thumbnail","hentry","category-p56","category-uncategorized"],"_links":{"self":[{"href":"https:\/\/ecolecaritas.be\/new\/wp-json\/wp\/v2\/posts\/162187","targetHints":{"allow":["GET"]}}],"collection":[{"href":"https:\/\/ecolecaritas.be\/new\/wp-json\/wp\/v2\/posts"}],"about":[{"href":"https:\/\/ecolecaritas.be\/new\/wp-json\/wp\/v2\/types\/post"}],"author":[{"embeddable":true,"href":"https:\/\/ecolecaritas.be\/new\/wp-json\/wp\/v2\/users\/4"}],"replies":[{"embeddable":true,"href":"https:\/\/ecolecaritas.be\/new\/wp-json\/wp\/v2\/comments?post=162187"}],"version-history":[{"count":4,"href":"https:\/\/ecolecaritas.be\/new\/wp-json\/wp\/v2\/posts\/162187\/revisions"}],"predecessor-version":[{"id":162228,"href":"https:\/\/ecolecaritas.be\/new\/wp-json\/wp\/v2\/posts\/162187\/revisions\/162228"}],"wp:featuredmedia":[{"embeddable":true,"href":"https:\/\/ecolecaritas.be\/new\/wp-json\/wp\/v2\/media\/162193"}],"wp:attachment":[{"href":"https:\/\/ecolecaritas.be\/new\/wp-json\/wp\/v2\/media?parent=162187"}],"wp:term":[{"taxonomy":"category","embeddable":true,"href":"https:\/\/ecolecaritas.be\/new\/wp-json\/wp\/v2\/categories?post=162187"},{"taxonomy":"post_tag","embeddable":true,"href":"https:\/\/ecolecaritas.be\/new\/wp-json\/wp\/v2\/tags?post=162187"}],"curies":[{"name":"wp","href":"https:\/\/api.w.org\/{rel}","templated":true}]}}