{"id":162864,"date":"2025-09-23T10:19:24","date_gmt":"2025-09-23T08:19:24","guid":{"rendered":"https:\/\/ecolecaritas.be\/new\/?p=162864"},"modified":"2025-09-23T10:19:24","modified_gmt":"2025-09-23T08:19:24","slug":"max-festival-moment-muscial-a-leglise-saint-martin","status":"publish","type":"post","link":"https:\/\/ecolecaritas.be\/new\/max-festival-moment-muscial-a-leglise-saint-martin\/","title":{"rendered":"Max festival &#8211; moment muscial \u00e0 l&rsquo;eglise Saint-Martin"},"content":{"rendered":"\n<p>Dans le cadre du Max Festival, les enfants de 3\u00e8me et 4\u00e8me primaire ont v\u00e9cu un magnifique moment musical ce vendredi 19 septembre \u00e0 l&rsquo;\u00e9glise Saint-Martin de Tourinnes-la-Grosse. C&rsquo;est donc autour de th\u00e8me de la JOIE que nos jeunes m\u00e9lomanes ont pu vivre ce premier week-end d&rsquo;automne. <\/p>\n\n\n\n<p>C&rsquo;est promis, l&rsquo;an prochain, il y seront encore &#8230; ! \ud83d\ude42<\/p>\n\n\n\n<figure class=\"wp-block-video\"><video height=\"848\" style=\"aspect-ratio: 480 \/ 848;\" width=\"480\" controls src=\"https:\/\/ecolecaritas.be\/new\/wp-content\/uploads\/2025\/09\/VIDEO-2025-09-20-08-33-36.mp4\"><\/video><\/figure>\n","protected":false},"excerpt":{"rendered":"<div class=\"mh-excerpt\"><p>Dans le cadre du Max Festival, les enfants de 3\u00e8me et 4\u00e8me primaire ont v\u00e9cu un magnifique moment musical ce vendredi 19 septembre \u00e0 l&rsquo;\u00e9glise <a class=\"mh-excerpt-more\" href=\"https:\/\/ecolecaritas.be\/new\/max-festival-moment-muscial-a-leglise-saint-martin\/\" title=\"Max festival &#8211; moment muscial \u00e0 l&rsquo;eglise Saint-Martin\">[&#8230;]<\/a><\/p>\n<\/div>","protected":false},"author":5,"featured_media":162866,"comment_status":"closed","ping_status":"closed","sticky":false,"template":"","format":"standard","meta":{"footnotes":""},"categories":[9],"tags":[],"class_list":["post-162864","post","type-post","status-publish","format-standard","has-post-thumbnail","hentry","category-p34"],"_links":{"self":[{"href":"https:\/\/ecolecaritas.be\/new\/wp-json\/wp\/v2\/posts\/162864","targetHints":{"allow":["GET"]}}],"collection":[{"href":"https:\/\/ecolecaritas.be\/new\/wp-json\/wp\/v2\/posts"}],"about":[{"href":"https:\/\/ecolecaritas.be\/new\/wp-json\/wp\/v2\/types\/post"}],"author":[{"embeddable":true,"href":"https:\/\/ecolecaritas.be\/new\/wp-json\/wp\/v2\/users\/5"}],"replies":[{"embeddable":true,"href":"https:\/\/ecolecaritas.be\/new\/wp-json\/wp\/v2\/comments?post=162864"}],"version-history":[{"count":1,"href":"https:\/\/ecolecaritas.be\/new\/wp-json\/wp\/v2\/posts\/162864\/revisions"}],"predecessor-version":[{"id":162867,"href":"https:\/\/ecolecaritas.be\/new\/wp-json\/wp\/v2\/posts\/162864\/revisions\/162867"}],"wp:featuredmedia":[{"embeddable":true,"href":"https:\/\/ecolecaritas.be\/new\/wp-json\/wp\/v2\/media\/162866"}],"wp:attachment":[{"href":"https:\/\/ecolecaritas.be\/new\/wp-json\/wp\/v2\/media?parent=162864"}],"wp:term":[{"taxonomy":"category","embeddable":true,"href":"https:\/\/ecolecaritas.be\/new\/wp-json\/wp\/v2\/categories?post=162864"},{"taxonomy":"post_tag","embeddable":true,"href":"https:\/\/ecolecaritas.be\/new\/wp-json\/wp\/v2\/tags?post=162864"}],"curies":[{"name":"wp","href":"https:\/\/api.w.org\/{rel}","templated":true}]}}