{"id":162890,"date":"2025-11-21T14:10:45","date_gmt":"2025-11-21T13:10:45","guid":{"rendered":"https:\/\/ecolecaritas.be\/new\/?p=162890"},"modified":"2025-11-21T14:13:08","modified_gmt":"2025-11-21T13:13:08","slug":"162890-2","status":"publish","type":"post","link":"https:\/\/ecolecaritas.be\/new\/162890-2\/","title":{"rendered":"Poussez la porte des maternelles"},"content":{"rendered":"\n<p>Venez d\u00e9couvrir un petit aper\u00e7u de tout ce que les enfants ont v\u00e9cu depuis la rentr\u00e9e de septembre !<br>Balade d\u2019automne, sortie \u00e0 la ferme, tri des d\u00e9chets, \u00e9cole dehors, s\u00e9ances de sport, ateliers autour des \u00e9motions, travail sur l\u2019espace personnel, \u00e9veil aux langues et d\u00e9veloppement des comp\u00e9tences en math\u00e9matiques et fran\u00e7ais \u2026 Les d\u00e9couvertes ont \u00e9t\u00e9 nombreuses et les sourires aussi !<\/p>\n\n\n\n<p>Et ce n\u2019est qu\u2019une partie des aventures qui rythment leur quotidien : chaque jour, les enfants explorent, exp\u00e9rimentent et grandissent avec enthousiasme.<\/p>\n\n\n\n<figure class=\"wp-block-gallery has-nested-images columns-default is-cropped wp-block-gallery-1 is-layout-flex wp-block-gallery-is-layout-flex\">\n<figure class=\"wp-block-image size-large\"><img loading=\"lazy\" decoding=\"async\" width=\"600\" height=\"600\" data-id=\"162891\" src=\"https:\/\/ecolecaritas.be\/new\/wp-content\/uploads\/2025\/11\/20250909_154042-600x600.jpg\" alt=\"\" class=\"wp-image-162891\" srcset=\"https:\/\/ecolecaritas.be\/new\/wp-content\/uploads\/2025\/11\/20250909_154042-600x600.jpg 600w, https:\/\/ecolecaritas.be\/new\/wp-content\/uploads\/2025\/11\/20250909_154042-300x300.jpg 300w, https:\/\/ecolecaritas.be\/new\/wp-content\/uploads\/2025\/11\/20250909_154042-150x150.jpg 150w, https:\/\/ecolecaritas.be\/new\/wp-content\/uploads\/2025\/11\/20250909_154042-768x768.jpg 768w, https:\/\/ecolecaritas.be\/new\/wp-content\/uploads\/2025\/11\/20250909_154042-500x500.jpg 500w, https:\/\/ecolecaritas.be\/new\/wp-content\/uploads\/2025\/11\/20250909_154042-400x400.jpg 400w, https:\/\/ecolecaritas.be\/new\/wp-content\/uploads\/2025\/11\/20250909_154042-1536x1536.jpg 1536w, https:\/\/ecolecaritas.be\/new\/wp-content\/uploads\/2025\/11\/20250909_154042-2048x2048.jpg 2048w, https:\/\/ecolecaritas.be\/new\/wp-content\/uploads\/2025\/11\/20250909_154042-1320x1320.jpg 1320w\" sizes=\"auto, (max-width: 600px) 100vw, 600px\" \/><\/figure>\n\n\n\n<figure class=\"wp-block-image size-large\"><img loading=\"lazy\" decoding=\"async\" width=\"600\" height=\"600\" data-id=\"162892\" src=\"https:\/\/ecolecaritas.be\/new\/wp-content\/uploads\/2025\/11\/IMG-20250910-WA0006-600x600.jpg\" alt=\"\" class=\"wp-image-162892\" srcset=\"https:\/\/ecolecaritas.be\/new\/wp-content\/uploads\/2025\/11\/IMG-20250910-WA0006-600x600.jpg 600w, https:\/\/ecolecaritas.be\/new\/wp-content\/uploads\/2025\/11\/IMG-20250910-WA0006-300x300.jpg 300w, https:\/\/ecolecaritas.be\/new\/wp-content\/uploads\/2025\/11\/IMG-20250910-WA0006-150x150.jpg 150w, https:\/\/ecolecaritas.be\/new\/wp-content\/uploads\/2025\/11\/IMG-20250910-WA0006-768x768.jpg 768w, https:\/\/ecolecaritas.be\/new\/wp-content\/uploads\/2025\/11\/IMG-20250910-WA0006-500x500.jpg 500w, https:\/\/ecolecaritas.be\/new\/wp-content\/uploads\/2025\/11\/IMG-20250910-WA0006-400x400.jpg 400w, https:\/\/ecolecaritas.be\/new\/wp-content\/uploads\/2025\/11\/IMG-20250910-WA0006-1536x1536.jpg 1536w, https:\/\/ecolecaritas.be\/new\/wp-content\/uploads\/2025\/11\/IMG-20250910-WA0006-1320x1320.jpg 1320w, https:\/\/ecolecaritas.be\/new\/wp-content\/uploads\/2025\/11\/IMG-20250910-WA0006.jpg 2048w\" sizes=\"auto, (max-width: 600px) 100vw, 600px\" \/><\/figure>\n\n\n\n<figure class=\"wp-block-image size-large\"><img loading=\"lazy\" decoding=\"async\" width=\"600\" height=\"600\" data-id=\"162894\" src=\"https:\/\/ecolecaritas.be\/new\/wp-content\/uploads\/2025\/11\/IMG-20250911-WA0003-600x600.jpg\" alt=\"\" class=\"wp-image-162894\" srcset=\"https:\/\/ecolecaritas.be\/new\/wp-content\/uploads\/2025\/11\/IMG-20250911-WA0003-600x600.jpg 600w, https:\/\/ecolecaritas.be\/new\/wp-content\/uploads\/2025\/11\/IMG-20250911-WA0003-300x300.jpg 300w, https:\/\/ecolecaritas.be\/new\/wp-content\/uploads\/2025\/11\/IMG-20250911-WA0003-150x150.jpg 150w, https:\/\/ecolecaritas.be\/new\/wp-content\/uploads\/2025\/11\/IMG-20250911-WA0003-768x768.jpg 768w, https:\/\/ecolecaritas.be\/new\/wp-content\/uploads\/2025\/11\/IMG-20250911-WA0003-500x500.jpg 500w, https:\/\/ecolecaritas.be\/new\/wp-content\/uploads\/2025\/11\/IMG-20250911-WA0003-400x400.jpg 400w, https:\/\/ecolecaritas.be\/new\/wp-content\/uploads\/2025\/11\/IMG-20250911-WA0003-1536x1536.jpg 1536w, https:\/\/ecolecaritas.be\/new\/wp-content\/uploads\/2025\/11\/IMG-20250911-WA0003-1320x1320.jpg 1320w, https:\/\/ecolecaritas.be\/new\/wp-content\/uploads\/2025\/11\/IMG-20250911-WA0003.jpg 2048w\" sizes=\"auto, (max-width: 600px) 100vw, 600px\" \/><\/figure>\n\n\n\n\n\n\n\n<figure class=\"wp-block-image size-large\"><img loading=\"lazy\" decoding=\"async\" width=\"600\" height=\"450\" data-id=\"162901\" src=\"https:\/\/ecolecaritas.be\/new\/wp-content\/uploads\/2025\/11\/IMG-20251009-WA0009-600x450.jpg\" alt=\"\" class=\"wp-image-162901\" srcset=\"https:\/\/ecolecaritas.be\/new\/wp-content\/uploads\/2025\/11\/IMG-20251009-WA0009-600x450.jpg 600w, https:\/\/ecolecaritas.be\/new\/wp-content\/uploads\/2025\/11\/IMG-20251009-WA0009-300x225.jpg 300w, https:\/\/ecolecaritas.be\/new\/wp-content\/uploads\/2025\/11\/IMG-20251009-WA0009-768x576.jpg 768w, https:\/\/ecolecaritas.be\/new\/wp-content\/uploads\/2025\/11\/IMG-20251009-WA0009-1536x1152.jpg 1536w, https:\/\/ecolecaritas.be\/new\/wp-content\/uploads\/2025\/11\/IMG-20251009-WA0009-678x509.jpg 678w, https:\/\/ecolecaritas.be\/new\/wp-content\/uploads\/2025\/11\/IMG-20251009-WA0009-326x245.jpg 326w, https:\/\/ecolecaritas.be\/new\/wp-content\/uploads\/2025\/11\/IMG-20251009-WA0009-80x60.jpg 80w, https:\/\/ecolecaritas.be\/new\/wp-content\/uploads\/2025\/11\/IMG-20251009-WA0009-1320x990.jpg 1320w, https:\/\/ecolecaritas.be\/new\/wp-content\/uploads\/2025\/11\/IMG-20251009-WA0009.jpg 2048w\" sizes=\"auto, (max-width: 600px) 100vw, 600px\" \/><\/figure>\n\n\n\n<figure class=\"wp-block-image size-large\"><img loading=\"lazy\" decoding=\"async\" width=\"600\" height=\"600\" data-id=\"162903\" src=\"https:\/\/ecolecaritas.be\/new\/wp-content\/uploads\/2025\/11\/IMG-20251009-WA0042-600x600.jpg\" alt=\"\" class=\"wp-image-162903\" srcset=\"https:\/\/ecolecaritas.be\/new\/wp-content\/uploads\/2025\/11\/IMG-20251009-WA0042-600x600.jpg 600w, https:\/\/ecolecaritas.be\/new\/wp-content\/uploads\/2025\/11\/IMG-20251009-WA0042-300x300.jpg 300w, https:\/\/ecolecaritas.be\/new\/wp-content\/uploads\/2025\/11\/IMG-20251009-WA0042-150x150.jpg 150w, https:\/\/ecolecaritas.be\/new\/wp-content\/uploads\/2025\/11\/IMG-20251009-WA0042-768x768.jpg 768w, https:\/\/ecolecaritas.be\/new\/wp-content\/uploads\/2025\/11\/IMG-20251009-WA0042-500x500.jpg 500w, https:\/\/ecolecaritas.be\/new\/wp-content\/uploads\/2025\/11\/IMG-20251009-WA0042-400x400.jpg 400w, https:\/\/ecolecaritas.be\/new\/wp-content\/uploads\/2025\/11\/IMG-20251009-WA0042-1536x1536.jpg 1536w, https:\/\/ecolecaritas.be\/new\/wp-content\/uploads\/2025\/11\/IMG-20251009-WA0042-1320x1320.jpg 1320w, https:\/\/ecolecaritas.be\/new\/wp-content\/uploads\/2025\/11\/IMG-20251009-WA0042.jpg 1600w\" sizes=\"auto, (max-width: 600px) 100vw, 600px\" \/><\/figure>\n\n\n\n<figure class=\"wp-block-image size-large\"><img loading=\"lazy\" decoding=\"async\" width=\"600\" height=\"600\" data-id=\"162895\" src=\"https:\/\/ecolecaritas.be\/new\/wp-content\/uploads\/2025\/11\/IMG-20251014-WA0006-600x600.jpg\" alt=\"\" class=\"wp-image-162895\" srcset=\"https:\/\/ecolecaritas.be\/new\/wp-content\/uploads\/2025\/11\/IMG-20251014-WA0006-600x600.jpg 600w, https:\/\/ecolecaritas.be\/new\/wp-content\/uploads\/2025\/11\/IMG-20251014-WA0006-300x300.jpg 300w, https:\/\/ecolecaritas.be\/new\/wp-content\/uploads\/2025\/11\/IMG-20251014-WA0006-150x150.jpg 150w, https:\/\/ecolecaritas.be\/new\/wp-content\/uploads\/2025\/11\/IMG-20251014-WA0006-768x768.jpg 768w, https:\/\/ecolecaritas.be\/new\/wp-content\/uploads\/2025\/11\/IMG-20251014-WA0006-500x500.jpg 500w, https:\/\/ecolecaritas.be\/new\/wp-content\/uploads\/2025\/11\/IMG-20251014-WA0006-400x400.jpg 400w, https:\/\/ecolecaritas.be\/new\/wp-content\/uploads\/2025\/11\/IMG-20251014-WA0006-1536x1536.jpg 1536w, https:\/\/ecolecaritas.be\/new\/wp-content\/uploads\/2025\/11\/IMG-20251014-WA0006-1320x1320.jpg 1320w, https:\/\/ecolecaritas.be\/new\/wp-content\/uploads\/2025\/11\/IMG-20251014-WA0006.jpg 2048w\" sizes=\"auto, (max-width: 600px) 100vw, 600px\" \/><\/figure>\n\n\n\n<figure class=\"wp-block-image size-large\"><img loading=\"lazy\" decoding=\"async\" width=\"600\" height=\"600\" data-id=\"162900\" src=\"https:\/\/ecolecaritas.be\/new\/wp-content\/uploads\/2025\/11\/IMG-20251014-WA0004-600x600.jpg\" alt=\"\" class=\"wp-image-162900\" srcset=\"https:\/\/ecolecaritas.be\/new\/wp-content\/uploads\/2025\/11\/IMG-20251014-WA0004-600x600.jpg 600w, https:\/\/ecolecaritas.be\/new\/wp-content\/uploads\/2025\/11\/IMG-20251014-WA0004-300x300.jpg 300w, https:\/\/ecolecaritas.be\/new\/wp-content\/uploads\/2025\/11\/IMG-20251014-WA0004-150x150.jpg 150w, https:\/\/ecolecaritas.be\/new\/wp-content\/uploads\/2025\/11\/IMG-20251014-WA0004-768x768.jpg 768w, https:\/\/ecolecaritas.be\/new\/wp-content\/uploads\/2025\/11\/IMG-20251014-WA0004-500x500.jpg 500w, https:\/\/ecolecaritas.be\/new\/wp-content\/uploads\/2025\/11\/IMG-20251014-WA0004-400x400.jpg 400w, https:\/\/ecolecaritas.be\/new\/wp-content\/uploads\/2025\/11\/IMG-20251014-WA0004-1536x1536.jpg 1536w, https:\/\/ecolecaritas.be\/new\/wp-content\/uploads\/2025\/11\/IMG-20251014-WA0004-1320x1320.jpg 1320w, https:\/\/ecolecaritas.be\/new\/wp-content\/uploads\/2025\/11\/IMG-20251014-WA0004.jpg 2048w\" sizes=\"auto, (max-width: 600px) 100vw, 600px\" \/><\/figure>\n\n\n\n<figure class=\"wp-block-image size-large\"><img loading=\"lazy\" decoding=\"async\" width=\"600\" height=\"600\" data-id=\"162898\" src=\"https:\/\/ecolecaritas.be\/new\/wp-content\/uploads\/2025\/11\/IMG-20251014-WA0005-600x600.jpg\" alt=\"\" class=\"wp-image-162898\" srcset=\"https:\/\/ecolecaritas.be\/new\/wp-content\/uploads\/2025\/11\/IMG-20251014-WA0005-600x600.jpg 600w, https:\/\/ecolecaritas.be\/new\/wp-content\/uploads\/2025\/11\/IMG-20251014-WA0005-300x300.jpg 300w, https:\/\/ecolecaritas.be\/new\/wp-content\/uploads\/2025\/11\/IMG-20251014-WA0005-150x150.jpg 150w, https:\/\/ecolecaritas.be\/new\/wp-content\/uploads\/2025\/11\/IMG-20251014-WA0005-768x768.jpg 768w, https:\/\/ecolecaritas.be\/new\/wp-content\/uploads\/2025\/11\/IMG-20251014-WA0005-500x500.jpg 500w, https:\/\/ecolecaritas.be\/new\/wp-content\/uploads\/2025\/11\/IMG-20251014-WA0005-400x400.jpg 400w, https:\/\/ecolecaritas.be\/new\/wp-content\/uploads\/2025\/11\/IMG-20251014-WA0005-1536x1536.jpg 1536w, https:\/\/ecolecaritas.be\/new\/wp-content\/uploads\/2025\/11\/IMG-20251014-WA0005-1320x1320.jpg 1320w, https:\/\/ecolecaritas.be\/new\/wp-content\/uploads\/2025\/11\/IMG-20251014-WA0005.jpg 2048w\" sizes=\"auto, (max-width: 600px) 100vw, 600px\" \/><\/figure>\n\n\n\n<figure class=\"wp-block-image size-large\"><img loading=\"lazy\" decoding=\"async\" width=\"600\" height=\"600\" data-id=\"162919\" src=\"https:\/\/ecolecaritas.be\/new\/wp-content\/uploads\/2025\/11\/IMG-20251015-WA0045-600x600.jpg\" alt=\"\" class=\"wp-image-162919\" srcset=\"https:\/\/ecolecaritas.be\/new\/wp-content\/uploads\/2025\/11\/IMG-20251015-WA0045-600x600.jpg 600w, https:\/\/ecolecaritas.be\/new\/wp-content\/uploads\/2025\/11\/IMG-20251015-WA0045-300x300.jpg 300w, https:\/\/ecolecaritas.be\/new\/wp-content\/uploads\/2025\/11\/IMG-20251015-WA0045-150x150.jpg 150w, https:\/\/ecolecaritas.be\/new\/wp-content\/uploads\/2025\/11\/IMG-20251015-WA0045-768x768.jpg 768w, https:\/\/ecolecaritas.be\/new\/wp-content\/uploads\/2025\/11\/IMG-20251015-WA0045-500x500.jpg 500w, https:\/\/ecolecaritas.be\/new\/wp-content\/uploads\/2025\/11\/IMG-20251015-WA0045-400x400.jpg 400w, https:\/\/ecolecaritas.be\/new\/wp-content\/uploads\/2025\/11\/IMG-20251015-WA0045-1536x1536.jpg 1536w, https:\/\/ecolecaritas.be\/new\/wp-content\/uploads\/2025\/11\/IMG-20251015-WA0045-1320x1320.jpg 1320w, https:\/\/ecolecaritas.be\/new\/wp-content\/uploads\/2025\/11\/IMG-20251015-WA0045.jpg 2048w\" sizes=\"auto, (max-width: 600px) 100vw, 600px\" \/><\/figure>\n\n\n\n\n\n<figure class=\"wp-block-image size-large\"><img loading=\"lazy\" decoding=\"async\" width=\"600\" height=\"600\" data-id=\"162906\" src=\"https:\/\/ecolecaritas.be\/new\/wp-content\/uploads\/2025\/11\/20251016_143742-600x600.jpg\" alt=\"\" class=\"wp-image-162906\" srcset=\"https:\/\/ecolecaritas.be\/new\/wp-content\/uploads\/2025\/11\/20251016_143742-600x600.jpg 600w, https:\/\/ecolecaritas.be\/new\/wp-content\/uploads\/2025\/11\/20251016_143742-300x300.jpg 300w, https:\/\/ecolecaritas.be\/new\/wp-content\/uploads\/2025\/11\/20251016_143742-150x150.jpg 150w, https:\/\/ecolecaritas.be\/new\/wp-content\/uploads\/2025\/11\/20251016_143742-768x768.jpg 768w, https:\/\/ecolecaritas.be\/new\/wp-content\/uploads\/2025\/11\/20251016_143742-500x500.jpg 500w, https:\/\/ecolecaritas.be\/new\/wp-content\/uploads\/2025\/11\/20251016_143742-400x400.jpg 400w, https:\/\/ecolecaritas.be\/new\/wp-content\/uploads\/2025\/11\/20251016_143742-1536x1536.jpg 1536w, https:\/\/ecolecaritas.be\/new\/wp-content\/uploads\/2025\/11\/20251016_143742-2048x2048.jpg 2048w, https:\/\/ecolecaritas.be\/new\/wp-content\/uploads\/2025\/11\/20251016_143742-1320x1320.jpg 1320w\" sizes=\"auto, (max-width: 600px) 100vw, 600px\" \/><\/figure>\n\n\n\n<figure class=\"wp-block-image size-large\"><img loading=\"lazy\" decoding=\"async\" width=\"600\" height=\"600\" data-id=\"162902\" src=\"https:\/\/ecolecaritas.be\/new\/wp-content\/uploads\/2025\/11\/IMG-20251016-WA0059-600x600.jpg\" alt=\"\" class=\"wp-image-162902\" srcset=\"https:\/\/ecolecaritas.be\/new\/wp-content\/uploads\/2025\/11\/IMG-20251016-WA0059-600x600.jpg 600w, https:\/\/ecolecaritas.be\/new\/wp-content\/uploads\/2025\/11\/IMG-20251016-WA0059-300x300.jpg 300w, https:\/\/ecolecaritas.be\/new\/wp-content\/uploads\/2025\/11\/IMG-20251016-WA0059-150x150.jpg 150w, https:\/\/ecolecaritas.be\/new\/wp-content\/uploads\/2025\/11\/IMG-20251016-WA0059-768x768.jpg 768w, https:\/\/ecolecaritas.be\/new\/wp-content\/uploads\/2025\/11\/IMG-20251016-WA0059-500x500.jpg 500w, https:\/\/ecolecaritas.be\/new\/wp-content\/uploads\/2025\/11\/IMG-20251016-WA0059-400x400.jpg 400w, https:\/\/ecolecaritas.be\/new\/wp-content\/uploads\/2025\/11\/IMG-20251016-WA0059-1536x1536.jpg 1536w, https:\/\/ecolecaritas.be\/new\/wp-content\/uploads\/2025\/11\/IMG-20251016-WA0059-1320x1320.jpg 1320w, https:\/\/ecolecaritas.be\/new\/wp-content\/uploads\/2025\/11\/IMG-20251016-WA0059.jpg 2048w\" sizes=\"auto, (max-width: 600px) 100vw, 600px\" \/><\/figure>\n\n\n\n\n\n<figure class=\"wp-block-image size-large\"><img loading=\"lazy\" decoding=\"async\" width=\"600\" height=\"600\" data-id=\"162913\" src=\"https:\/\/ecolecaritas.be\/new\/wp-content\/uploads\/2025\/11\/IMG-20251016-WA0047-600x600.jpg\" alt=\"\" class=\"wp-image-162913\" srcset=\"https:\/\/ecolecaritas.be\/new\/wp-content\/uploads\/2025\/11\/IMG-20251016-WA0047-600x600.jpg 600w, https:\/\/ecolecaritas.be\/new\/wp-content\/uploads\/2025\/11\/IMG-20251016-WA0047-300x300.jpg 300w, https:\/\/ecolecaritas.be\/new\/wp-content\/uploads\/2025\/11\/IMG-20251016-WA0047-150x150.jpg 150w, https:\/\/ecolecaritas.be\/new\/wp-content\/uploads\/2025\/11\/IMG-20251016-WA0047-768x768.jpg 768w, https:\/\/ecolecaritas.be\/new\/wp-content\/uploads\/2025\/11\/IMG-20251016-WA0047-500x500.jpg 500w, https:\/\/ecolecaritas.be\/new\/wp-content\/uploads\/2025\/11\/IMG-20251016-WA0047-400x400.jpg 400w, https:\/\/ecolecaritas.be\/new\/wp-content\/uploads\/2025\/11\/IMG-20251016-WA0047-1320x1320.jpg 1320w, https:\/\/ecolecaritas.be\/new\/wp-content\/uploads\/2025\/11\/IMG-20251016-WA0047.jpg 1496w\" sizes=\"auto, (max-width: 600px) 100vw, 600px\" \/><\/figure>\n<\/figure>\n\n\n\n<figure class=\"wp-block-gallery has-nested-images columns-default is-cropped wp-block-gallery-2 is-layout-flex wp-block-gallery-is-layout-flex\">\n<figure class=\"wp-block-image size-large\"><img loading=\"lazy\" decoding=\"async\" width=\"600\" height=\"553\" data-id=\"162907\" src=\"https:\/\/ecolecaritas.be\/new\/wp-content\/uploads\/2025\/11\/IMG-20251014-WA0007-600x553.jpg\" alt=\"\" class=\"wp-image-162907\" srcset=\"https:\/\/ecolecaritas.be\/new\/wp-content\/uploads\/2025\/11\/IMG-20251014-WA0007-600x553.jpg 600w, https:\/\/ecolecaritas.be\/new\/wp-content\/uploads\/2025\/11\/IMG-20251014-WA0007-300x276.jpg 300w, https:\/\/ecolecaritas.be\/new\/wp-content\/uploads\/2025\/11\/IMG-20251014-WA0007-768x707.jpg 768w, https:\/\/ecolecaritas.be\/new\/wp-content\/uploads\/2025\/11\/IMG-20251014-WA0007-1536x1415.jpg 1536w, https:\/\/ecolecaritas.be\/new\/wp-content\/uploads\/2025\/11\/IMG-20251014-WA0007-1320x1216.jpg 1320w, https:\/\/ecolecaritas.be\/new\/wp-content\/uploads\/2025\/11\/IMG-20251014-WA0007.jpg 2048w\" sizes=\"auto, (max-width: 600px) 100vw, 600px\" \/><\/figure>\n\n\n\n<figure class=\"wp-block-image size-large\"><img loading=\"lazy\" decoding=\"async\" width=\"600\" height=\"600\" data-id=\"162915\" src=\"https:\/\/ecolecaritas.be\/new\/wp-content\/uploads\/2025\/11\/IMG-20251106-WA0004-600x600.jpg\" alt=\"\" class=\"wp-image-162915\" srcset=\"https:\/\/ecolecaritas.be\/new\/wp-content\/uploads\/2025\/11\/IMG-20251106-WA0004-600x600.jpg 600w, https:\/\/ecolecaritas.be\/new\/wp-content\/uploads\/2025\/11\/IMG-20251106-WA0004-300x300.jpg 300w, https:\/\/ecolecaritas.be\/new\/wp-content\/uploads\/2025\/11\/IMG-20251106-WA0004-150x150.jpg 150w, https:\/\/ecolecaritas.be\/new\/wp-content\/uploads\/2025\/11\/IMG-20251106-WA0004-768x768.jpg 768w, https:\/\/ecolecaritas.be\/new\/wp-content\/uploads\/2025\/11\/IMG-20251106-WA0004-500x500.jpg 500w, https:\/\/ecolecaritas.be\/new\/wp-content\/uploads\/2025\/11\/IMG-20251106-WA0004-400x400.jpg 400w, https:\/\/ecolecaritas.be\/new\/wp-content\/uploads\/2025\/11\/IMG-20251106-WA0004-1320x1320.jpg 1320w, https:\/\/ecolecaritas.be\/new\/wp-content\/uploads\/2025\/11\/IMG-20251106-WA0004.jpg 1496w\" sizes=\"auto, (max-width: 600px) 100vw, 600px\" \/><\/figure>\n\n\n\n<figure class=\"wp-block-image size-large\"><img loading=\"lazy\" decoding=\"async\" width=\"600\" height=\"600\" data-id=\"162909\" src=\"https:\/\/ecolecaritas.be\/new\/wp-content\/uploads\/2025\/11\/IMG-20250911-WA0004-1-600x600.jpg\" alt=\"\" class=\"wp-image-162909\" srcset=\"https:\/\/ecolecaritas.be\/new\/wp-content\/uploads\/2025\/11\/IMG-20250911-WA0004-1-600x600.jpg 600w, https:\/\/ecolecaritas.be\/new\/wp-content\/uploads\/2025\/11\/IMG-20250911-WA0004-1-300x300.jpg 300w, https:\/\/ecolecaritas.be\/new\/wp-content\/uploads\/2025\/11\/IMG-20250911-WA0004-1-150x150.jpg 150w, https:\/\/ecolecaritas.be\/new\/wp-content\/uploads\/2025\/11\/IMG-20250911-WA0004-1-768x768.jpg 768w, https:\/\/ecolecaritas.be\/new\/wp-content\/uploads\/2025\/11\/IMG-20250911-WA0004-1-500x500.jpg 500w, https:\/\/ecolecaritas.be\/new\/wp-content\/uploads\/2025\/11\/IMG-20250911-WA0004-1-400x400.jpg 400w, https:\/\/ecolecaritas.be\/new\/wp-content\/uploads\/2025\/11\/IMG-20250911-WA0004-1-1536x1536.jpg 1536w, https:\/\/ecolecaritas.be\/new\/wp-content\/uploads\/2025\/11\/IMG-20250911-WA0004-1-1320x1320.jpg 1320w, https:\/\/ecolecaritas.be\/new\/wp-content\/uploads\/2025\/11\/IMG-20250911-WA0004-1.jpg 2048w\" sizes=\"auto, (max-width: 600px) 100vw, 600px\" \/><\/figure>\n\n\n\n<figure class=\"wp-block-image size-large\"><img loading=\"lazy\" decoding=\"async\" width=\"542\" height=\"600\" data-id=\"162908\" src=\"https:\/\/ecolecaritas.be\/new\/wp-content\/uploads\/2025\/11\/IMG-20250825-WA0025-542x600.jpg\" alt=\"\" class=\"wp-image-162908\" srcset=\"https:\/\/ecolecaritas.be\/new\/wp-content\/uploads\/2025\/11\/IMG-20250825-WA0025-542x600.jpg 542w, https:\/\/ecolecaritas.be\/new\/wp-content\/uploads\/2025\/11\/IMG-20250825-WA0025-271x300.jpg 271w, https:\/\/ecolecaritas.be\/new\/wp-content\/uploads\/2025\/11\/IMG-20250825-WA0025-768x851.jpg 768w, https:\/\/ecolecaritas.be\/new\/wp-content\/uploads\/2025\/11\/IMG-20250825-WA0025-1387x1536.jpg 1387w, https:\/\/ecolecaritas.be\/new\/wp-content\/uploads\/2025\/11\/IMG-20250825-WA0025-1320x1462.jpg 1320w, https:\/\/ecolecaritas.be\/new\/wp-content\/uploads\/2025\/11\/IMG-20250825-WA0025.jpg 1849w\" sizes=\"auto, (max-width: 542px) 100vw, 542px\" \/><\/figure>\n\n\n\n<figure class=\"wp-block-image size-large\"><img loading=\"lazy\" decoding=\"async\" width=\"423\" height=\"600\" data-id=\"162911\" src=\"https:\/\/ecolecaritas.be\/new\/wp-content\/uploads\/2025\/11\/IMG-20250825-WA0023-423x600.jpg\" alt=\"\" class=\"wp-image-162911\" srcset=\"https:\/\/ecolecaritas.be\/new\/wp-content\/uploads\/2025\/11\/IMG-20250825-WA0023-423x600.jpg 423w, https:\/\/ecolecaritas.be\/new\/wp-content\/uploads\/2025\/11\/IMG-20250825-WA0023-211x300.jpg 211w, https:\/\/ecolecaritas.be\/new\/wp-content\/uploads\/2025\/11\/IMG-20250825-WA0023-768x1090.jpg 768w, https:\/\/ecolecaritas.be\/new\/wp-content\/uploads\/2025\/11\/IMG-20250825-WA0023-1082x1536.jpg 1082w, https:\/\/ecolecaritas.be\/new\/wp-content\/uploads\/2025\/11\/IMG-20250825-WA0023-1320x1873.jpg 1320w, https:\/\/ecolecaritas.be\/new\/wp-content\/uploads\/2025\/11\/IMG-20250825-WA0023.jpg 1443w\" sizes=\"auto, (max-width: 423px) 100vw, 423px\" \/><\/figure>\n\n\n\n<figure class=\"wp-block-image size-large\"><img loading=\"lazy\" decoding=\"async\" width=\"600\" height=\"600\" data-id=\"162912\" src=\"https:\/\/ecolecaritas.be\/new\/wp-content\/uploads\/2025\/11\/IMG-20250825-WA0028-600x600.jpg\" alt=\"\" class=\"wp-image-162912\" srcset=\"https:\/\/ecolecaritas.be\/new\/wp-content\/uploads\/2025\/11\/IMG-20250825-WA0028-600x600.jpg 600w, https:\/\/ecolecaritas.be\/new\/wp-content\/uploads\/2025\/11\/IMG-20250825-WA0028-300x300.jpg 300w, https:\/\/ecolecaritas.be\/new\/wp-content\/uploads\/2025\/11\/IMG-20250825-WA0028-150x150.jpg 150w, https:\/\/ecolecaritas.be\/new\/wp-content\/uploads\/2025\/11\/IMG-20250825-WA0028-768x768.jpg 768w, https:\/\/ecolecaritas.be\/new\/wp-content\/uploads\/2025\/11\/IMG-20250825-WA0028-500x500.jpg 500w, https:\/\/ecolecaritas.be\/new\/wp-content\/uploads\/2025\/11\/IMG-20250825-WA0028-400x400.jpg 400w, https:\/\/ecolecaritas.be\/new\/wp-content\/uploads\/2025\/11\/IMG-20250825-WA0028-1536x1536.jpg 1536w, https:\/\/ecolecaritas.be\/new\/wp-content\/uploads\/2025\/11\/IMG-20250825-WA0028-1320x1320.jpg 1320w, https:\/\/ecolecaritas.be\/new\/wp-content\/uploads\/2025\/11\/IMG-20250825-WA0028.jpg 2048w\" sizes=\"auto, (max-width: 600px) 100vw, 600px\" \/><\/figure>\n<\/figure>\n\n\n\n<figure class=\"wp-block-gallery has-nested-images columns-default is-cropped wp-block-gallery-3 is-layout-flex wp-block-gallery-is-layout-flex\">\n<figure class=\"wp-block-image size-large\"><img loading=\"lazy\" decoding=\"async\" width=\"600\" height=\"600\" data-id=\"162916\" src=\"https:\/\/ecolecaritas.be\/new\/wp-content\/uploads\/2025\/11\/IMG-20251106-WA0002-600x600.jpg\" alt=\"\" class=\"wp-image-162916\" srcset=\"https:\/\/ecolecaritas.be\/new\/wp-content\/uploads\/2025\/11\/IMG-20251106-WA0002-600x600.jpg 600w, https:\/\/ecolecaritas.be\/new\/wp-content\/uploads\/2025\/11\/IMG-20251106-WA0002-300x300.jpg 300w, https:\/\/ecolecaritas.be\/new\/wp-content\/uploads\/2025\/11\/IMG-20251106-WA0002-150x150.jpg 150w, https:\/\/ecolecaritas.be\/new\/wp-content\/uploads\/2025\/11\/IMG-20251106-WA0002-768x768.jpg 768w, https:\/\/ecolecaritas.be\/new\/wp-content\/uploads\/2025\/11\/IMG-20251106-WA0002-500x500.jpg 500w, https:\/\/ecolecaritas.be\/new\/wp-content\/uploads\/2025\/11\/IMG-20251106-WA0002-400x400.jpg 400w, https:\/\/ecolecaritas.be\/new\/wp-content\/uploads\/2025\/11\/IMG-20251106-WA0002-1536x1536.jpg 1536w, https:\/\/ecolecaritas.be\/new\/wp-content\/uploads\/2025\/11\/IMG-20251106-WA0002-1320x1320.jpg 1320w, https:\/\/ecolecaritas.be\/new\/wp-content\/uploads\/2025\/11\/IMG-20251106-WA0002.jpg 1600w\" sizes=\"auto, (max-width: 600px) 100vw, 600px\" \/><\/figure>\n\n\n\n<figure class=\"wp-block-image size-large\"><img loading=\"lazy\" decoding=\"async\" width=\"600\" height=\"600\" data-id=\"162917\" src=\"https:\/\/ecolecaritas.be\/new\/wp-content\/uploads\/2025\/11\/IMG-20251114-WA0001-1-600x600.jpg\" alt=\"\" class=\"wp-image-162917\" srcset=\"https:\/\/ecolecaritas.be\/new\/wp-content\/uploads\/2025\/11\/IMG-20251114-WA0001-1-600x600.jpg 600w, https:\/\/ecolecaritas.be\/new\/wp-content\/uploads\/2025\/11\/IMG-20251114-WA0001-1-300x300.jpg 300w, https:\/\/ecolecaritas.be\/new\/wp-content\/uploads\/2025\/11\/IMG-20251114-WA0001-1-150x150.jpg 150w, https:\/\/ecolecaritas.be\/new\/wp-content\/uploads\/2025\/11\/IMG-20251114-WA0001-1-768x768.jpg 768w, https:\/\/ecolecaritas.be\/new\/wp-content\/uploads\/2025\/11\/IMG-20251114-WA0001-1-500x500.jpg 500w, https:\/\/ecolecaritas.be\/new\/wp-content\/uploads\/2025\/11\/IMG-20251114-WA0001-1-400x400.jpg 400w, https:\/\/ecolecaritas.be\/new\/wp-content\/uploads\/2025\/11\/IMG-20251114-WA0001-1-1536x1536.jpg 1536w, https:\/\/ecolecaritas.be\/new\/wp-content\/uploads\/2025\/11\/IMG-20251114-WA0001-1-1320x1320.jpg 1320w, https:\/\/ecolecaritas.be\/new\/wp-content\/uploads\/2025\/11\/IMG-20251114-WA0001-1.jpg 2048w\" sizes=\"auto, (max-width: 600px) 100vw, 600px\" \/><\/figure>\n<\/figure>\n\n\n\n<p><\/p>\n","protected":false},"excerpt":{"rendered":"<div class=\"mh-excerpt\"><p>Venez d\u00e9couvrir un petit aper\u00e7u de tout ce que les enfants ont v\u00e9cu depuis la rentr\u00e9e de septembre !Balade d\u2019automne, sortie \u00e0 la ferme, tri <a class=\"mh-excerpt-more\" href=\"https:\/\/ecolecaritas.be\/new\/162890-2\/\" title=\"Poussez la porte des maternelles\">[&#8230;]<\/a><\/p>\n<\/div>","protected":false},"author":5,"featured_media":162912,"comment_status":"closed","ping_status":"closed","sticky":false,"template":"","format":"standard","meta":{"footnotes":""},"categories":[7],"tags":[],"class_list":["post-162890","post","type-post","status-publish","format-standard","has-post-thumbnail","hentry","category-mat"],"_links":{"self":[{"href":"https:\/\/ecolecaritas.be\/new\/wp-json\/wp\/v2\/posts\/162890","targetHints":{"allow":["GET"]}}],"collection":[{"href":"https:\/\/ecolecaritas.be\/new\/wp-json\/wp\/v2\/posts"}],"about":[{"href":"https:\/\/ecolecaritas.be\/new\/wp-json\/wp\/v2\/types\/post"}],"author":[{"embeddable":true,"href":"https:\/\/ecolecaritas.be\/new\/wp-json\/wp\/v2\/users\/5"}],"replies":[{"embeddable":true,"href":"https:\/\/ecolecaritas.be\/new\/wp-json\/wp\/v2\/comments?post=162890"}],"version-history":[{"count":4,"href":"https:\/\/ecolecaritas.be\/new\/wp-json\/wp\/v2\/posts\/162890\/revisions"}],"predecessor-version":[{"id":162923,"href":"https:\/\/ecolecaritas.be\/new\/wp-json\/wp\/v2\/posts\/162890\/revisions\/162923"}],"wp:featuredmedia":[{"embeddable":true,"href":"https:\/\/ecolecaritas.be\/new\/wp-json\/wp\/v2\/media\/162912"}],"wp:attachment":[{"href":"https:\/\/ecolecaritas.be\/new\/wp-json\/wp\/v2\/media?parent=162890"}],"wp:term":[{"taxonomy":"category","embeddable":true,"href":"https:\/\/ecolecaritas.be\/new\/wp-json\/wp\/v2\/categories?post=162890"},{"taxonomy":"post_tag","embeddable":true,"href":"https:\/\/ecolecaritas.be\/new\/wp-json\/wp\/v2\/tags?post=162890"}],"curies":[{"name":"wp","href":"https:\/\/api.w.org\/{rel}","templated":true}]}}