{"id":162958,"date":"2026-01-21T11:27:07","date_gmt":"2026-01-21T10:27:07","guid":{"rendered":"https:\/\/ecolecaritas.be\/new\/?p=162958"},"modified":"2026-01-21T11:27:54","modified_gmt":"2026-01-21T10:27:54","slug":"decouverte-de-lunion-europeenne-pour-les-p5-p6","status":"publish","type":"post","link":"https:\/\/ecolecaritas.be\/new\/decouverte-de-lunion-europeenne-pour-les-p5-p6\/","title":{"rendered":"D\u00e9couverte de l&rsquo;Union europ\u00e9enne pour les P5-P6 !"},"content":{"rendered":"\n<p>Sortie en bus de ligne \u00e0 l&rsquo;IPES de Wavre, ce mardi 06 janvier sous les flocons, pour nos P5-P6 !<br>Nous avons r\u00e9pondu positivement \u00e0 leur invitation : une activit\u00e9 immersive de d\u00e9couverte de l&rsquo;Union europ\u00e9enne, organis\u00e9e par les \u00e9l\u00e8ves de rh\u00e9to et leurs enseignants. Nos P5-P6, guid\u00e9s par les \u00e9l\u00e8ves de l&rsquo;IPES, ont eu a c\u0153ur de partager leurs comp\u00e9tences europ\u00e9ennes au travers d&rsquo;ateliers myst\u00e9rieux, ludiques et \u00e9ducatifs, permettant une initiation au fonctionnement de l&rsquo;Union europ\u00e9enne et \u00e0 ses valeurs. Ce fut un beau partage int\u00e9ressant et enrichissant pour tous : grands et petits !<\/p>\n\n\n\n<figure class=\"wp-block-gallery has-nested-images columns-default is-cropped wp-block-gallery-1 is-layout-flex wp-block-gallery-is-layout-flex\"><div class=\"wp-block-image\">\n<figure class=\"aligncenter size-large\"><img loading=\"lazy\" decoding=\"async\" width=\"600\" height=\"450\" data-id=\"162959\" src=\"https:\/\/ecolecaritas.be\/new\/wp-content\/uploads\/2026\/01\/IMG-20260113-WA0000-600x450.jpg\" alt=\"\" class=\"wp-image-162959\" srcset=\"https:\/\/ecolecaritas.be\/new\/wp-content\/uploads\/2026\/01\/IMG-20260113-WA0000-600x450.jpg 600w, https:\/\/ecolecaritas.be\/new\/wp-content\/uploads\/2026\/01\/IMG-20260113-WA0000-300x225.jpg 300w, https:\/\/ecolecaritas.be\/new\/wp-content\/uploads\/2026\/01\/IMG-20260113-WA0000-768x576.jpg 768w, https:\/\/ecolecaritas.be\/new\/wp-content\/uploads\/2026\/01\/IMG-20260113-WA0000-1536x1152.jpg 1536w, https:\/\/ecolecaritas.be\/new\/wp-content\/uploads\/2026\/01\/IMG-20260113-WA0000-678x509.jpg 678w, https:\/\/ecolecaritas.be\/new\/wp-content\/uploads\/2026\/01\/IMG-20260113-WA0000-326x245.jpg 326w, https:\/\/ecolecaritas.be\/new\/wp-content\/uploads\/2026\/01\/IMG-20260113-WA0000-80x60.jpg 80w, https:\/\/ecolecaritas.be\/new\/wp-content\/uploads\/2026\/01\/IMG-20260113-WA0000-1320x990.jpg 1320w, https:\/\/ecolecaritas.be\/new\/wp-content\/uploads\/2026\/01\/IMG-20260113-WA0000.jpg 2000w\" sizes=\"auto, (max-width: 600px) 100vw, 600px\" \/><\/figure>\n<\/div>\n\n<div class=\"wp-block-image\">\n<figure class=\"aligncenter size-large\"><img loading=\"lazy\" decoding=\"async\" width=\"600\" height=\"450\" data-id=\"162965\" src=\"https:\/\/ecolecaritas.be\/new\/wp-content\/uploads\/2026\/01\/IMG-20260113-WA0007-600x450.jpg\" alt=\"\" class=\"wp-image-162965\" srcset=\"https:\/\/ecolecaritas.be\/new\/wp-content\/uploads\/2026\/01\/IMG-20260113-WA0007-600x450.jpg 600w, https:\/\/ecolecaritas.be\/new\/wp-content\/uploads\/2026\/01\/IMG-20260113-WA0007-300x225.jpg 300w, https:\/\/ecolecaritas.be\/new\/wp-content\/uploads\/2026\/01\/IMG-20260113-WA0007-768x576.jpg 768w, https:\/\/ecolecaritas.be\/new\/wp-content\/uploads\/2026\/01\/IMG-20260113-WA0007-1536x1152.jpg 1536w, https:\/\/ecolecaritas.be\/new\/wp-content\/uploads\/2026\/01\/IMG-20260113-WA0007-678x509.jpg 678w, https:\/\/ecolecaritas.be\/new\/wp-content\/uploads\/2026\/01\/IMG-20260113-WA0007-326x245.jpg 326w, https:\/\/ecolecaritas.be\/new\/wp-content\/uploads\/2026\/01\/IMG-20260113-WA0007-80x60.jpg 80w, https:\/\/ecolecaritas.be\/new\/wp-content\/uploads\/2026\/01\/IMG-20260113-WA0007-1320x990.jpg 1320w, https:\/\/ecolecaritas.be\/new\/wp-content\/uploads\/2026\/01\/IMG-20260113-WA0007.jpg 2000w\" sizes=\"auto, (max-width: 600px) 100vw, 600px\" \/><\/figure>\n<\/div><\/figure>\n\n\n\n<figure class=\"wp-block-gallery has-nested-images columns-default is-cropped wp-block-gallery-2 is-layout-flex wp-block-gallery-is-layout-flex\"><div class=\"wp-block-image\">\n<figure class=\"aligncenter size-large\"><img loading=\"lazy\" decoding=\"async\" width=\"600\" height=\"450\" data-id=\"162973\" src=\"https:\/\/ecolecaritas.be\/new\/wp-content\/uploads\/2026\/01\/IMG-20260113-WA0009-1-600x450.jpg\" alt=\"\" class=\"wp-image-162973\" srcset=\"https:\/\/ecolecaritas.be\/new\/wp-content\/uploads\/2026\/01\/IMG-20260113-WA0009-1-600x450.jpg 600w, https:\/\/ecolecaritas.be\/new\/wp-content\/uploads\/2026\/01\/IMG-20260113-WA0009-1-300x225.jpg 300w, https:\/\/ecolecaritas.be\/new\/wp-content\/uploads\/2026\/01\/IMG-20260113-WA0009-1-768x576.jpg 768w, https:\/\/ecolecaritas.be\/new\/wp-content\/uploads\/2026\/01\/IMG-20260113-WA0009-1-1536x1152.jpg 1536w, https:\/\/ecolecaritas.be\/new\/wp-content\/uploads\/2026\/01\/IMG-20260113-WA0009-1-678x509.jpg 678w, https:\/\/ecolecaritas.be\/new\/wp-content\/uploads\/2026\/01\/IMG-20260113-WA0009-1-326x245.jpg 326w, https:\/\/ecolecaritas.be\/new\/wp-content\/uploads\/2026\/01\/IMG-20260113-WA0009-1-80x60.jpg 80w, https:\/\/ecolecaritas.be\/new\/wp-content\/uploads\/2026\/01\/IMG-20260113-WA0009-1-1320x990.jpg 1320w, https:\/\/ecolecaritas.be\/new\/wp-content\/uploads\/2026\/01\/IMG-20260113-WA0009-1.jpg 2000w\" sizes=\"auto, (max-width: 600px) 100vw, 600px\" \/><\/figure>\n<\/div>\n\n\n<figure class=\"wp-block-image size-large\"><img loading=\"lazy\" decoding=\"async\" width=\"450\" height=\"600\" data-id=\"162971\" src=\"https:\/\/ecolecaritas.be\/new\/wp-content\/uploads\/2026\/01\/IMG-20260113-WA0011-1-450x600.jpg\" alt=\"\" class=\"wp-image-162971\" srcset=\"https:\/\/ecolecaritas.be\/new\/wp-content\/uploads\/2026\/01\/IMG-20260113-WA0011-1-450x600.jpg 450w, https:\/\/ecolecaritas.be\/new\/wp-content\/uploads\/2026\/01\/IMG-20260113-WA0011-1-225x300.jpg 225w, https:\/\/ecolecaritas.be\/new\/wp-content\/uploads\/2026\/01\/IMG-20260113-WA0011-1-768x1024.jpg 768w, https:\/\/ecolecaritas.be\/new\/wp-content\/uploads\/2026\/01\/IMG-20260113-WA0011-1-1152x1536.jpg 1152w, https:\/\/ecolecaritas.be\/new\/wp-content\/uploads\/2026\/01\/IMG-20260113-WA0011-1-1320x1760.jpg 1320w, https:\/\/ecolecaritas.be\/new\/wp-content\/uploads\/2026\/01\/IMG-20260113-WA0011-1.jpg 1500w\" sizes=\"auto, (max-width: 450px) 100vw, 450px\" \/><\/figure>\n\n\n\n<figure class=\"wp-block-image size-large\"><img loading=\"lazy\" decoding=\"async\" width=\"450\" height=\"600\" data-id=\"162974\" src=\"https:\/\/ecolecaritas.be\/new\/wp-content\/uploads\/2026\/01\/IMG-20260113-WA0008-1-450x600.jpg\" alt=\"\" class=\"wp-image-162974\" srcset=\"https:\/\/ecolecaritas.be\/new\/wp-content\/uploads\/2026\/01\/IMG-20260113-WA0008-1-450x600.jpg 450w, https:\/\/ecolecaritas.be\/new\/wp-content\/uploads\/2026\/01\/IMG-20260113-WA0008-1-225x300.jpg 225w, https:\/\/ecolecaritas.be\/new\/wp-content\/uploads\/2026\/01\/IMG-20260113-WA0008-1-768x1024.jpg 768w, https:\/\/ecolecaritas.be\/new\/wp-content\/uploads\/2026\/01\/IMG-20260113-WA0008-1-1152x1536.jpg 1152w, https:\/\/ecolecaritas.be\/new\/wp-content\/uploads\/2026\/01\/IMG-20260113-WA0008-1-1320x1760.jpg 1320w, https:\/\/ecolecaritas.be\/new\/wp-content\/uploads\/2026\/01\/IMG-20260113-WA0008-1.jpg 1536w\" sizes=\"auto, (max-width: 450px) 100vw, 450px\" \/><\/figure>\n\n\n\n<figure class=\"wp-block-image size-large\"><img loading=\"lazy\" decoding=\"async\" width=\"600\" height=\"450\" data-id=\"162976\" src=\"https:\/\/ecolecaritas.be\/new\/wp-content\/uploads\/2026\/01\/IMG-20260113-WA0004-1-600x450.jpg\" alt=\"\" class=\"wp-image-162976\" srcset=\"https:\/\/ecolecaritas.be\/new\/wp-content\/uploads\/2026\/01\/IMG-20260113-WA0004-1-600x450.jpg 600w, https:\/\/ecolecaritas.be\/new\/wp-content\/uploads\/2026\/01\/IMG-20260113-WA0004-1-300x225.jpg 300w, https:\/\/ecolecaritas.be\/new\/wp-content\/uploads\/2026\/01\/IMG-20260113-WA0004-1-768x576.jpg 768w, https:\/\/ecolecaritas.be\/new\/wp-content\/uploads\/2026\/01\/IMG-20260113-WA0004-1-1536x1152.jpg 1536w, https:\/\/ecolecaritas.be\/new\/wp-content\/uploads\/2026\/01\/IMG-20260113-WA0004-1-678x509.jpg 678w, https:\/\/ecolecaritas.be\/new\/wp-content\/uploads\/2026\/01\/IMG-20260113-WA0004-1-326x245.jpg 326w, https:\/\/ecolecaritas.be\/new\/wp-content\/uploads\/2026\/01\/IMG-20260113-WA0004-1-80x60.jpg 80w, https:\/\/ecolecaritas.be\/new\/wp-content\/uploads\/2026\/01\/IMG-20260113-WA0004-1-1320x990.jpg 1320w, https:\/\/ecolecaritas.be\/new\/wp-content\/uploads\/2026\/01\/IMG-20260113-WA0004-1.jpg 2000w\" sizes=\"auto, (max-width: 600px) 100vw, 600px\" \/><\/figure>\n<\/figure>\n\n\n\n<figure class=\"wp-block-image size-large\"><img loading=\"lazy\" decoding=\"async\" width=\"600\" height=\"450\" src=\"https:\/\/ecolecaritas.be\/new\/wp-content\/uploads\/2026\/01\/IMG-20260113-WA0012-600x450.jpg\" alt=\"\" class=\"wp-image-162970\" srcset=\"https:\/\/ecolecaritas.be\/new\/wp-content\/uploads\/2026\/01\/IMG-20260113-WA0012-600x450.jpg 600w, https:\/\/ecolecaritas.be\/new\/wp-content\/uploads\/2026\/01\/IMG-20260113-WA0012-300x225.jpg 300w, https:\/\/ecolecaritas.be\/new\/wp-content\/uploads\/2026\/01\/IMG-20260113-WA0012-768x576.jpg 768w, https:\/\/ecolecaritas.be\/new\/wp-content\/uploads\/2026\/01\/IMG-20260113-WA0012-1536x1152.jpg 1536w, https:\/\/ecolecaritas.be\/new\/wp-content\/uploads\/2026\/01\/IMG-20260113-WA0012-678x509.jpg 678w, https:\/\/ecolecaritas.be\/new\/wp-content\/uploads\/2026\/01\/IMG-20260113-WA0012-326x245.jpg 326w, https:\/\/ecolecaritas.be\/new\/wp-content\/uploads\/2026\/01\/IMG-20260113-WA0012-80x60.jpg 80w, https:\/\/ecolecaritas.be\/new\/wp-content\/uploads\/2026\/01\/IMG-20260113-WA0012-1320x990.jpg 1320w, https:\/\/ecolecaritas.be\/new\/wp-content\/uploads\/2026\/01\/IMG-20260113-WA0012.jpg 2000w\" sizes=\"auto, (max-width: 600px) 100vw, 600px\" \/><\/figure>\n\n\n\n<figure class=\"wp-block-image size-large\"><img loading=\"lazy\" decoding=\"async\" width=\"600\" height=\"450\" src=\"https:\/\/ecolecaritas.be\/new\/wp-content\/uploads\/2026\/01\/IMG-20260113-WA0010-1-600x450.jpg\" alt=\"\" class=\"wp-image-162972\" srcset=\"https:\/\/ecolecaritas.be\/new\/wp-content\/uploads\/2026\/01\/IMG-20260113-WA0010-1-600x450.jpg 600w, https:\/\/ecolecaritas.be\/new\/wp-content\/uploads\/2026\/01\/IMG-20260113-WA0010-1-300x225.jpg 300w, https:\/\/ecolecaritas.be\/new\/wp-content\/uploads\/2026\/01\/IMG-20260113-WA0010-1-768x576.jpg 768w, https:\/\/ecolecaritas.be\/new\/wp-content\/uploads\/2026\/01\/IMG-20260113-WA0010-1-1536x1152.jpg 1536w, https:\/\/ecolecaritas.be\/new\/wp-content\/uploads\/2026\/01\/IMG-20260113-WA0010-1-678x509.jpg 678w, https:\/\/ecolecaritas.be\/new\/wp-content\/uploads\/2026\/01\/IMG-20260113-WA0010-1-326x245.jpg 326w, https:\/\/ecolecaritas.be\/new\/wp-content\/uploads\/2026\/01\/IMG-20260113-WA0010-1-80x60.jpg 80w, https:\/\/ecolecaritas.be\/new\/wp-content\/uploads\/2026\/01\/IMG-20260113-WA0010-1-1320x990.jpg 1320w, https:\/\/ecolecaritas.be\/new\/wp-content\/uploads\/2026\/01\/IMG-20260113-WA0010-1.jpg 2000w\" sizes=\"auto, (max-width: 600px) 100vw, 600px\" \/><\/figure>\n\n\n\n<figure class=\"wp-block-image size-large\"><img loading=\"lazy\" decoding=\"async\" width=\"450\" height=\"600\" src=\"https:\/\/ecolecaritas.be\/new\/wp-content\/uploads\/2026\/01\/IMG-20260113-WA0005-450x600.jpg\" alt=\"\" class=\"wp-image-162963\" srcset=\"https:\/\/ecolecaritas.be\/new\/wp-content\/uploads\/2026\/01\/IMG-20260113-WA0005-450x600.jpg 450w, https:\/\/ecolecaritas.be\/new\/wp-content\/uploads\/2026\/01\/IMG-20260113-WA0005-225x300.jpg 225w, https:\/\/ecolecaritas.be\/new\/wp-content\/uploads\/2026\/01\/IMG-20260113-WA0005-768x1024.jpg 768w, https:\/\/ecolecaritas.be\/new\/wp-content\/uploads\/2026\/01\/IMG-20260113-WA0005-1152x1536.jpg 1152w, https:\/\/ecolecaritas.be\/new\/wp-content\/uploads\/2026\/01\/IMG-20260113-WA0005-1320x1760.jpg 1320w, https:\/\/ecolecaritas.be\/new\/wp-content\/uploads\/2026\/01\/IMG-20260113-WA0005.jpg 1500w\" sizes=\"auto, (max-width: 450px) 100vw, 450px\" \/><\/figure>\n","protected":false},"excerpt":{"rendered":"<div class=\"mh-excerpt\"><p>Sortie en bus de ligne \u00e0 l&rsquo;IPES de Wavre, ce mardi 06 janvier sous les flocons, pour nos P5-P6 !Nous avons r\u00e9pondu positivement \u00e0 leur <a class=\"mh-excerpt-more\" href=\"https:\/\/ecolecaritas.be\/new\/decouverte-de-lunion-europeenne-pour-les-p5-p6\/\" title=\"D\u00e9couverte de l&rsquo;Union europ\u00e9enne pour les P5-P6 !\">[&#8230;]<\/a><\/p>\n<\/div>","protected":false},"author":5,"featured_media":162968,"comment_status":"closed","ping_status":"closed","sticky":false,"template":"","format":"standard","meta":{"footnotes":""},"categories":[10],"tags":[],"class_list":["post-162958","post","type-post","status-publish","format-standard","has-post-thumbnail","hentry","category-p56"],"_links":{"self":[{"href":"https:\/\/ecolecaritas.be\/new\/wp-json\/wp\/v2\/posts\/162958","targetHints":{"allow":["GET"]}}],"collection":[{"href":"https:\/\/ecolecaritas.be\/new\/wp-json\/wp\/v2\/posts"}],"about":[{"href":"https:\/\/ecolecaritas.be\/new\/wp-json\/wp\/v2\/types\/post"}],"author":[{"embeddable":true,"href":"https:\/\/ecolecaritas.be\/new\/wp-json\/wp\/v2\/users\/5"}],"replies":[{"embeddable":true,"href":"https:\/\/ecolecaritas.be\/new\/wp-json\/wp\/v2\/comments?post=162958"}],"version-history":[{"count":2,"href":"https:\/\/ecolecaritas.be\/new\/wp-json\/wp\/v2\/posts\/162958\/revisions"}],"predecessor-version":[{"id":162984,"href":"https:\/\/ecolecaritas.be\/new\/wp-json\/wp\/v2\/posts\/162958\/revisions\/162984"}],"wp:featuredmedia":[{"embeddable":true,"href":"https:\/\/ecolecaritas.be\/new\/wp-json\/wp\/v2\/media\/162968"}],"wp:attachment":[{"href":"https:\/\/ecolecaritas.be\/new\/wp-json\/wp\/v2\/media?parent=162958"}],"wp:term":[{"taxonomy":"category","embeddable":true,"href":"https:\/\/ecolecaritas.be\/new\/wp-json\/wp\/v2\/categories?post=162958"},{"taxonomy":"post_tag","embeddable":true,"href":"https:\/\/ecolecaritas.be\/new\/wp-json\/wp\/v2\/tags?post=162958"}],"curies":[{"name":"wp","href":"https:\/\/api.w.org\/{rel}","templated":true}]}}