{"id":162986,"date":"2026-01-21T12:06:25","date_gmt":"2026-01-21T11:06:25","guid":{"rendered":"https:\/\/ecolecaritas.be\/new\/?p=162986"},"modified":"2026-01-21T12:06:25","modified_gmt":"2026-01-21T11:06:25","slug":"activites-creatives-et-culturelles-pour-les-m2-m3","status":"publish","type":"post","link":"https:\/\/ecolecaritas.be\/new\/activites-creatives-et-culturelles-pour-les-m2-m3\/","title":{"rendered":"Activit\u00e9s cr\u00e9atives et culturelles pour les M2-M3"},"content":{"rendered":"\n<p>Riche partenariat avec le centre culturel de Beauvechain. Yaaba, une pi\u00e8ce suivie de trois ateliers cr\u00e9atifs au cours desquels les enfants de M2 et M3 ont pu exercer leur cr\u00e9ativit\u00e9 tout en se questionnant sur leur identit\u00e9 et sur la mani\u00e8re dont ils vivent au sein de leur famille.<\/p>\n\n\n\n<figure class=\"wp-block-image size-large\"><img loading=\"lazy\" decoding=\"async\" width=\"600\" height=\"450\" src=\"https:\/\/ecolecaritas.be\/new\/wp-content\/uploads\/2026\/01\/IMG-20260117-WA0008-600x450.jpg\" alt=\"\" class=\"wp-image-162988\" srcset=\"https:\/\/ecolecaritas.be\/new\/wp-content\/uploads\/2026\/01\/IMG-20260117-WA0008-600x450.jpg 600w, https:\/\/ecolecaritas.be\/new\/wp-content\/uploads\/2026\/01\/IMG-20260117-WA0008-300x225.jpg 300w, https:\/\/ecolecaritas.be\/new\/wp-content\/uploads\/2026\/01\/IMG-20260117-WA0008-768x576.jpg 768w, https:\/\/ecolecaritas.be\/new\/wp-content\/uploads\/2026\/01\/IMG-20260117-WA0008-1536x1152.jpg 1536w, https:\/\/ecolecaritas.be\/new\/wp-content\/uploads\/2026\/01\/IMG-20260117-WA0008-678x509.jpg 678w, https:\/\/ecolecaritas.be\/new\/wp-content\/uploads\/2026\/01\/IMG-20260117-WA0008-326x245.jpg 326w, https:\/\/ecolecaritas.be\/new\/wp-content\/uploads\/2026\/01\/IMG-20260117-WA0008-80x60.jpg 80w, https:\/\/ecolecaritas.be\/new\/wp-content\/uploads\/2026\/01\/IMG-20260117-WA0008-1320x990.jpg 1320w, https:\/\/ecolecaritas.be\/new\/wp-content\/uploads\/2026\/01\/IMG-20260117-WA0008.jpg 2048w\" sizes=\"auto, (max-width: 600px) 100vw, 600px\" \/><\/figure>\n\n\n\n<figure class=\"wp-block-image size-large\"><img loading=\"lazy\" decoding=\"async\" width=\"580\" height=\"600\" src=\"https:\/\/ecolecaritas.be\/new\/wp-content\/uploads\/2026\/01\/IMG-20260117-WA0019-580x600.jpg\" alt=\"\" class=\"wp-image-162989\" srcset=\"https:\/\/ecolecaritas.be\/new\/wp-content\/uploads\/2026\/01\/IMG-20260117-WA0019-580x600.jpg 580w, https:\/\/ecolecaritas.be\/new\/wp-content\/uploads\/2026\/01\/IMG-20260117-WA0019-290x300.jpg 290w, https:\/\/ecolecaritas.be\/new\/wp-content\/uploads\/2026\/01\/IMG-20260117-WA0019-768x794.jpg 768w, https:\/\/ecolecaritas.be\/new\/wp-content\/uploads\/2026\/01\/IMG-20260117-WA0019.jpg 1243w\" sizes=\"auto, (max-width: 580px) 100vw, 580px\" \/><\/figure>\n","protected":false},"excerpt":{"rendered":"<div class=\"mh-excerpt\"><p>Riche partenariat avec le centre culturel de Beauvechain. Yaaba, une pi\u00e8ce suivie de trois ateliers cr\u00e9atifs au cours desquels les enfants de M2 et M3 <a class=\"mh-excerpt-more\" href=\"https:\/\/ecolecaritas.be\/new\/activites-creatives-et-culturelles-pour-les-m2-m3\/\" title=\"Activit\u00e9s cr\u00e9atives et culturelles pour les M2-M3\">[&#8230;]<\/a><\/p>\n<\/div>","protected":false},"author":5,"featured_media":162990,"comment_status":"closed","ping_status":"closed","sticky":false,"template":"","format":"standard","meta":{"footnotes":""},"categories":[7],"tags":[],"class_list":["post-162986","post","type-post","status-publish","format-standard","has-post-thumbnail","hentry","category-mat"],"_links":{"self":[{"href":"https:\/\/ecolecaritas.be\/new\/wp-json\/wp\/v2\/posts\/162986","targetHints":{"allow":["GET"]}}],"collection":[{"href":"https:\/\/ecolecaritas.be\/new\/wp-json\/wp\/v2\/posts"}],"about":[{"href":"https:\/\/ecolecaritas.be\/new\/wp-json\/wp\/v2\/types\/post"}],"author":[{"embeddable":true,"href":"https:\/\/ecolecaritas.be\/new\/wp-json\/wp\/v2\/users\/5"}],"replies":[{"embeddable":true,"href":"https:\/\/ecolecaritas.be\/new\/wp-json\/wp\/v2\/comments?post=162986"}],"version-history":[{"count":2,"href":"https:\/\/ecolecaritas.be\/new\/wp-json\/wp\/v2\/posts\/162986\/revisions"}],"predecessor-version":[{"id":162991,"href":"https:\/\/ecolecaritas.be\/new\/wp-json\/wp\/v2\/posts\/162986\/revisions\/162991"}],"wp:featuredmedia":[{"embeddable":true,"href":"https:\/\/ecolecaritas.be\/new\/wp-json\/wp\/v2\/media\/162990"}],"wp:attachment":[{"href":"https:\/\/ecolecaritas.be\/new\/wp-json\/wp\/v2\/media?parent=162986"}],"wp:term":[{"taxonomy":"category","embeddable":true,"href":"https:\/\/ecolecaritas.be\/new\/wp-json\/wp\/v2\/categories?post=162986"},{"taxonomy":"post_tag","embeddable":true,"href":"https:\/\/ecolecaritas.be\/new\/wp-json\/wp\/v2\/tags?post=162986"}],"curies":[{"name":"wp","href":"https:\/\/api.w.org\/{rel}","templated":true}]}}