{"id":163027,"date":"2026-03-13T12:23:59","date_gmt":"2026-03-13T11:23:59","guid":{"rendered":"https:\/\/ecolecaritas.be\/new\/?p=163027"},"modified":"2026-03-13T12:25:07","modified_gmt":"2026-03-13T11:25:07","slug":"decouvrez-nos-stages-de-paques-a-lecole","status":"publish","type":"post","link":"https:\/\/ecolecaritas.be\/new\/decouvrez-nos-stages-de-paques-a-lecole\/","title":{"rendered":"D\u00e9couvrez nos stages de P\u00e2ques \u00e0 l&rsquo;\u00e9cole!"},"content":{"rendered":"\n<figure class=\"wp-block-image size-full\"><img loading=\"lazy\" decoding=\"async\" width=\"419\" height=\"595\" src=\"https:\/\/ecolecaritas.be\/new\/wp-content\/uploads\/2026\/03\/caritas-paques-RECTO.jpg\" alt=\"\" class=\"wp-image-163026\" srcset=\"https:\/\/ecolecaritas.be\/new\/wp-content\/uploads\/2026\/03\/caritas-paques-RECTO.jpg 419w, https:\/\/ecolecaritas.be\/new\/wp-content\/uploads\/2026\/03\/caritas-paques-RECTO-211x300.jpg 211w\" sizes=\"auto, (max-width: 419px) 100vw, 419px\" \/><\/figure>\n\n\n\n<figure class=\"wp-block-image size-full\"><img loading=\"lazy\" decoding=\"async\" width=\"419\" height=\"595\" src=\"https:\/\/ecolecaritas.be\/new\/wp-content\/uploads\/2026\/03\/caritas-paques-VERSO.jpg\" alt=\"\" class=\"wp-image-163028\" srcset=\"https:\/\/ecolecaritas.be\/new\/wp-content\/uploads\/2026\/03\/caritas-paques-VERSO.jpg 419w, https:\/\/ecolecaritas.be\/new\/wp-content\/uploads\/2026\/03\/caritas-paques-VERSO-211x300.jpg 211w\" sizes=\"auto, (max-width: 419px) 100vw, 419px\" \/><\/figure>\n","protected":false},"excerpt":{"rendered":"<div class=\"mh-excerpt\"><\/div>","protected":false},"author":5,"featured_media":163030,"comment_status":"closed","ping_status":"closed","sticky":false,"template":"","format":"standard","meta":{"footnotes":""},"categories":[3],"tags":[],"class_list":["post-163027","post","type-post","status-publish","format-standard","has-post-thumbnail","hentry","category-accueil"],"_links":{"self":[{"href":"https:\/\/ecolecaritas.be\/new\/wp-json\/wp\/v2\/posts\/163027","targetHints":{"allow":["GET"]}}],"collection":[{"href":"https:\/\/ecolecaritas.be\/new\/wp-json\/wp\/v2\/posts"}],"about":[{"href":"https:\/\/ecolecaritas.be\/new\/wp-json\/wp\/v2\/types\/post"}],"author":[{"embeddable":true,"href":"https:\/\/ecolecaritas.be\/new\/wp-json\/wp\/v2\/users\/5"}],"replies":[{"embeddable":true,"href":"https:\/\/ecolecaritas.be\/new\/wp-json\/wp\/v2\/comments?post=163027"}],"version-history":[{"count":1,"href":"https:\/\/ecolecaritas.be\/new\/wp-json\/wp\/v2\/posts\/163027\/revisions"}],"predecessor-version":[{"id":163029,"href":"https:\/\/ecolecaritas.be\/new\/wp-json\/wp\/v2\/posts\/163027\/revisions\/163029"}],"wp:featuredmedia":[{"embeddable":true,"href":"https:\/\/ecolecaritas.be\/new\/wp-json\/wp\/v2\/media\/163030"}],"wp:attachment":[{"href":"https:\/\/ecolecaritas.be\/new\/wp-json\/wp\/v2\/media?parent=163027"}],"wp:term":[{"taxonomy":"category","embeddable":true,"href":"https:\/\/ecolecaritas.be\/new\/wp-json\/wp\/v2\/categories?post=163027"},{"taxonomy":"post_tag","embeddable":true,"href":"https:\/\/ecolecaritas.be\/new\/wp-json\/wp\/v2\/tags?post=163027"}],"curies":[{"name":"wp","href":"https:\/\/api.w.org\/{rel}","templated":true}]}}