{"id":1727,"date":"2015-10-28T11:49:32","date_gmt":"2015-10-28T11:49:32","guid":{"rendered":"http:\/\/ecolecaritas.be\/new\/?p=1727"},"modified":"2015-10-28T11:49:32","modified_gmt":"2015-10-28T11:49:32","slug":"benediction-des-cartables-2","status":"publish","type":"post","link":"https:\/\/ecolecaritas.be\/new\/benediction-des-cartables-2\/","title":{"rendered":"B\u00e9n\u00e9diction des cartables"},"content":{"rendered":"<p>Le 14 septembre dernier, nous avons v\u00e9cu un moment particulier: la b\u00e9n\u00e9diction des cartables!<\/p>\n<p>L&rsquo;occasion pour chacun de se r\u00e9jouir de la rentr\u00e9e (retrouver les copains, un nouvel instituteur ou une nouvelle institutrice, accueillir les nouveaux \u00e9l\u00e8ves). L&rsquo;occasion aussi, pour ceux qui le souhaitent, de demander \u00e0 Dieu de vivre cette ann\u00e9e scolaire \u00e0 nos c\u00f4t\u00e9s.<\/p>\n<p>Textes, chants, moments symboliques ont rythm\u00e9 ces instants toujours intenses.<\/p>\n<div class=\"rl-gallery-container \" id=\"rl-gallery-container-1\" data-gallery_id=\"0\"> <div class=\"rl-gallery rl-basicgrid-gallery \" id=\"rl-gallery-1\" data-gallery_no=\"1\"> <div class=\"rl-gallery-item\"><a href=\"https:\/\/ecolecaritas.be\/new\/wp-content\/uploads\/2015\/10\/DSC00711.jpg\" title=\"\" data-rl_title=\"\" class=\"rl-gallery-link\" data-rl_caption=\"\" data-rel=\"lightbox-gallery-1\"><img loading=\"lazy\" decoding=\"async\" src=\"https:\/\/ecolecaritas.be\/new\/wp-content\/uploads\/2015\/10\/DSC00711-300x225.jpg\" width=\"300\" height=\"225\" alt=\"\" \/><\/a><\/div><div class=\"rl-gallery-item\"><a href=\"https:\/\/ecolecaritas.be\/new\/wp-content\/uploads\/2015\/10\/DSC00712.jpg\" title=\"\" data-rl_title=\"\" class=\"rl-gallery-link\" data-rl_caption=\"\" data-rel=\"lightbox-gallery-1\"><img loading=\"lazy\" decoding=\"async\" src=\"https:\/\/ecolecaritas.be\/new\/wp-content\/uploads\/2015\/10\/DSC00712-300x225.jpg\" width=\"300\" height=\"225\" alt=\"\" \/><\/a><\/div><div class=\"rl-gallery-item\"><a href=\"https:\/\/ecolecaritas.be\/new\/wp-content\/uploads\/2015\/10\/DSC00713.jpg\" title=\"\" data-rl_title=\"\" class=\"rl-gallery-link\" data-rl_caption=\"\" data-rel=\"lightbox-gallery-1\"><img loading=\"lazy\" decoding=\"async\" src=\"https:\/\/ecolecaritas.be\/new\/wp-content\/uploads\/2015\/10\/DSC00713-300x225.jpg\" width=\"300\" height=\"225\" alt=\"\" \/><\/a><\/div><div class=\"rl-gallery-item\"><a href=\"https:\/\/ecolecaritas.be\/new\/wp-content\/uploads\/2015\/10\/DSC00714.jpg\" title=\"\" data-rl_title=\"\" class=\"rl-gallery-link\" data-rl_caption=\"\" data-rel=\"lightbox-gallery-1\"><img loading=\"lazy\" decoding=\"async\" src=\"https:\/\/ecolecaritas.be\/new\/wp-content\/uploads\/2015\/10\/DSC00714-300x225.jpg\" width=\"300\" height=\"225\" alt=\"\" \/><\/a><\/div><div class=\"rl-gallery-item\"><a href=\"https:\/\/ecolecaritas.be\/new\/wp-content\/uploads\/2015\/10\/DSC00715.jpg\" title=\"\" data-rl_title=\"\" class=\"rl-gallery-link\" data-rl_caption=\"\" data-rel=\"lightbox-gallery-1\"><img loading=\"lazy\" decoding=\"async\" src=\"https:\/\/ecolecaritas.be\/new\/wp-content\/uploads\/2015\/10\/DSC00715-300x225.jpg\" width=\"300\" height=\"225\" alt=\"\" \/><\/a><\/div><div class=\"rl-gallery-item\"><a href=\"https:\/\/ecolecaritas.be\/new\/wp-content\/uploads\/2015\/10\/DSC00716.jpg\" title=\"\" data-rl_title=\"\" class=\"rl-gallery-link\" data-rl_caption=\"\" data-rel=\"lightbox-gallery-1\"><img loading=\"lazy\" decoding=\"async\" src=\"https:\/\/ecolecaritas.be\/new\/wp-content\/uploads\/2015\/10\/DSC00716-300x225.jpg\" width=\"300\" height=\"225\" alt=\"\" \/><\/a><\/div><div class=\"rl-gallery-item\"><a href=\"https:\/\/ecolecaritas.be\/new\/wp-content\/uploads\/2015\/10\/DSC00717.jpg\" title=\"\" data-rl_title=\"\" class=\"rl-gallery-link\" data-rl_caption=\"\" data-rel=\"lightbox-gallery-1\"><img loading=\"lazy\" decoding=\"async\" src=\"https:\/\/ecolecaritas.be\/new\/wp-content\/uploads\/2015\/10\/DSC00717-300x225.jpg\" width=\"300\" height=\"225\" alt=\"\" \/><\/a><\/div><div class=\"rl-gallery-item\"><a href=\"https:\/\/ecolecaritas.be\/new\/wp-content\/uploads\/2015\/10\/DSC00718.jpg\" title=\"\" data-rl_title=\"\" class=\"rl-gallery-link\" data-rl_caption=\"\" data-rel=\"lightbox-gallery-1\"><img loading=\"lazy\" decoding=\"async\" src=\"https:\/\/ecolecaritas.be\/new\/wp-content\/uploads\/2015\/10\/DSC00718-300x225.jpg\" width=\"300\" height=\"225\" alt=\"\" \/><\/a><\/div><div class=\"rl-gallery-item\"><a href=\"https:\/\/ecolecaritas.be\/new\/wp-content\/uploads\/2015\/10\/DSC00719.jpg\" title=\"\" data-rl_title=\"\" class=\"rl-gallery-link\" data-rl_caption=\"\" data-rel=\"lightbox-gallery-1\"><img loading=\"lazy\" decoding=\"async\" src=\"https:\/\/ecolecaritas.be\/new\/wp-content\/uploads\/2015\/10\/DSC00719-300x225.jpg\" width=\"300\" height=\"225\" alt=\"\" \/><\/a><\/div><div class=\"rl-gallery-item\"><a href=\"https:\/\/ecolecaritas.be\/new\/wp-content\/uploads\/2015\/10\/DSC00720.jpg\" title=\"\" data-rl_title=\"\" class=\"rl-gallery-link\" data-rl_caption=\"\" data-rel=\"lightbox-gallery-1\"><img loading=\"lazy\" decoding=\"async\" src=\"https:\/\/ecolecaritas.be\/new\/wp-content\/uploads\/2015\/10\/DSC00720-225x300.jpg\" width=\"225\" height=\"300\" alt=\"\" \/><\/a><\/div><div class=\"rl-gallery-item\"><a href=\"https:\/\/ecolecaritas.be\/new\/wp-content\/uploads\/2015\/10\/DSC00721.jpg\" title=\"\" data-rl_title=\"\" class=\"rl-gallery-link\" data-rl_caption=\"\" data-rel=\"lightbox-gallery-1\"><img loading=\"lazy\" decoding=\"async\" src=\"https:\/\/ecolecaritas.be\/new\/wp-content\/uploads\/2015\/10\/DSC00721-225x300.jpg\" width=\"225\" height=\"300\" alt=\"\" \/><\/a><\/div><div class=\"rl-gallery-item\"><a href=\"https:\/\/ecolecaritas.be\/new\/wp-content\/uploads\/2015\/10\/DSC00722.jpg\" title=\"\" data-rl_title=\"\" class=\"rl-gallery-link\" data-rl_caption=\"\" data-rel=\"lightbox-gallery-1\"><img loading=\"lazy\" decoding=\"async\" src=\"https:\/\/ecolecaritas.be\/new\/wp-content\/uploads\/2015\/10\/DSC00722-225x300.jpg\" width=\"225\" height=\"300\" alt=\"\" \/><\/a><\/div><div class=\"rl-gallery-item\"><a href=\"https:\/\/ecolecaritas.be\/new\/wp-content\/uploads\/2015\/10\/DSC00723.jpg\" title=\"\" data-rl_title=\"\" class=\"rl-gallery-link\" data-rl_caption=\"\" data-rel=\"lightbox-gallery-1\"><img loading=\"lazy\" decoding=\"async\" src=\"https:\/\/ecolecaritas.be\/new\/wp-content\/uploads\/2015\/10\/DSC00723-300x225.jpg\" width=\"300\" height=\"225\" alt=\"\" \/><\/a><\/div><div class=\"rl-gallery-item\"><a href=\"https:\/\/ecolecaritas.be\/new\/wp-content\/uploads\/2015\/10\/DSC00724.jpg\" title=\"\" data-rl_title=\"\" class=\"rl-gallery-link\" data-rl_caption=\"\" data-rel=\"lightbox-gallery-1\"><img loading=\"lazy\" decoding=\"async\" src=\"https:\/\/ecolecaritas.be\/new\/wp-content\/uploads\/2015\/10\/DSC00724-300x225.jpg\" width=\"300\" height=\"225\" alt=\"\" \/><\/a><\/div><div class=\"rl-gallery-item\"><a href=\"https:\/\/ecolecaritas.be\/new\/wp-content\/uploads\/2015\/10\/DSC00725.jpg\" title=\"\" data-rl_title=\"\" class=\"rl-gallery-link\" data-rl_caption=\"\" data-rel=\"lightbox-gallery-1\"><img loading=\"lazy\" decoding=\"async\" src=\"https:\/\/ecolecaritas.be\/new\/wp-content\/uploads\/2015\/10\/DSC00725-300x225.jpg\" width=\"300\" height=\"225\" alt=\"\" \/><\/a><\/div><div class=\"rl-gallery-item\"><a href=\"https:\/\/ecolecaritas.be\/new\/wp-content\/uploads\/2015\/10\/DSC00726.jpg\" title=\"\" data-rl_title=\"\" class=\"rl-gallery-link\" data-rl_caption=\"\" data-rel=\"lightbox-gallery-1\"><img loading=\"lazy\" decoding=\"async\" src=\"https:\/\/ecolecaritas.be\/new\/wp-content\/uploads\/2015\/10\/DSC00726-300x225.jpg\" width=\"300\" height=\"225\" alt=\"\" \/><\/a><\/div> <\/div> <\/div>\n","protected":false},"excerpt":{"rendered":"<div class=\"mh-excerpt\"><p>Le 14 septembre dernier, nous avons v\u00e9cu un moment particulier: la b\u00e9n\u00e9diction des cartables! L&rsquo;occasion pour chacun de se r\u00e9jouir de la rentr\u00e9e (retrouver les <a class=\"mh-excerpt-more\" href=\"https:\/\/ecolecaritas.be\/new\/benediction-des-cartables-2\/\" title=\"B\u00e9n\u00e9diction des cartables\">[&#8230;]<\/a><\/p>\n<\/div>","protected":false},"author":4,"featured_media":1728,"comment_status":"closed","ping_status":"closed","sticky":false,"template":"","format":"standard","meta":{"footnotes":""},"categories":[4,6],"tags":[],"class_list":["post-1727","post","type-post","status-publish","format-standard","has-post-thumbnail","hentry","category-classes","category-general"],"_links":{"self":[{"href":"https:\/\/ecolecaritas.be\/new\/wp-json\/wp\/v2\/posts\/1727","targetHints":{"allow":["GET"]}}],"collection":[{"href":"https:\/\/ecolecaritas.be\/new\/wp-json\/wp\/v2\/posts"}],"about":[{"href":"https:\/\/ecolecaritas.be\/new\/wp-json\/wp\/v2\/types\/post"}],"author":[{"embeddable":true,"href":"https:\/\/ecolecaritas.be\/new\/wp-json\/wp\/v2\/users\/4"}],"replies":[{"embeddable":true,"href":"https:\/\/ecolecaritas.be\/new\/wp-json\/wp\/v2\/comments?post=1727"}],"version-history":[{"count":1,"href":"https:\/\/ecolecaritas.be\/new\/wp-json\/wp\/v2\/posts\/1727\/revisions"}],"predecessor-version":[{"id":1744,"href":"https:\/\/ecolecaritas.be\/new\/wp-json\/wp\/v2\/posts\/1727\/revisions\/1744"}],"wp:featuredmedia":[{"embeddable":true,"href":"https:\/\/ecolecaritas.be\/new\/wp-json\/wp\/v2\/media\/1728"}],"wp:attachment":[{"href":"https:\/\/ecolecaritas.be\/new\/wp-json\/wp\/v2\/media?parent=1727"}],"wp:term":[{"taxonomy":"category","embeddable":true,"href":"https:\/\/ecolecaritas.be\/new\/wp-json\/wp\/v2\/categories?post=1727"},{"taxonomy":"post_tag","embeddable":true,"href":"https:\/\/ecolecaritas.be\/new\/wp-json\/wp\/v2\/tags?post=1727"}],"curies":[{"name":"wp","href":"https:\/\/api.w.org\/{rel}","templated":true}]}}