{"id":1745,"date":"2015-10-29T15:57:44","date_gmt":"2015-10-29T15:57:44","guid":{"rendered":"http:\/\/ecolecaritas.be\/new\/?p=1745"},"modified":"2015-10-29T15:57:44","modified_gmt":"2015-10-29T15:57:44","slug":"invitation-pacte-pour-un-enseignement-dexcellence","status":"publish","type":"post","link":"https:\/\/ecolecaritas.be\/new\/invitation-pacte-pour-un-enseignement-dexcellence\/","title":{"rendered":"Invitation &#8211; Pacte pour un enseignement d&rsquo;excellence"},"content":{"rendered":"<p>&nbsp;<\/p>\n<p>Chers parents,<\/p>\n<p>Dans le cadre des travaux du <strong>Pacte pour un enseignement d\u2019excellence<\/strong>, Jo\u00eblle Milquet, ministre de l\u2019\u00e9ducation, <strong>veut prendre les avis et positions de tous les acteurs de l\u2019\u00e9cole, \u00ab au plus pr\u00e8s du terrain \u00bb.<\/strong> C\u2019est pourquoi, nous avons le plaisir de vous inviter \u00e0 une rencontre\u00a0:<\/p>\n<p style=\"text-align: center;\"><strong><u>jeudi 26 novembre 2015 \u00e0 20h au Coll\u00e8ge Notre-Dame de Basse-Wavre<\/u><\/strong><\/p>\n<p>entr\u00e9e par la rue de la Fabrique<\/p>\n<p><strong>Accueil sandwiches \u00e0 partir de 19h15 (sur r\u00e9servation)<\/strong><\/p>\n<p>&nbsp;<\/p>\n<p>Au cours de cette soir\u00e9e, nous pourrons \u00e9changer et partager nos points de vue sur des enjeux fondamentaux touchant \u00e0 l\u2019\u00e9cole. Cette rencontre organis\u00e9e conjointement par le cabinet de la ministre et l\u2019UFAPEC a pour objectif de <strong>recueillir nos r\u00e9flexions constructives sur des questions qui touchent toutes au partenariat \u00e9cole-famille<\/strong>. Un conseiller du cabinet sera pr\u00e9sent pour nos d\u00e9bats.<\/p>\n<p>Ce Pacte devrait aboutir \u00e0 une refonte de tout l\u2019enseignement en Belgique francophone.<\/p>\n<p>Si vous d\u00e9sirez prendre connaissance des travaux du Pacte et des documents d\u00e9j\u00e0 produits, n\u2019h\u00e9sitez pas \u00e0 vous rendre sur le site Internet qui lui est d\u00e9di\u00e9[1] : <a href=\"http:\/\/www.pactedexcellence.be\/\">http:\/\/www.pactedexcellence.be\/<\/a>.<\/p>\n<p><strong>Puisqu\u2019une occasion unique<\/strong> vous est donn\u00e9e de faire entendre votre point de vue de parents, venez nombreux \u00e0 cette rencontre\u00a0! N\u2019h\u00e9sitez pas \u00e0 diffuser largement aupr\u00e8s de tous les parents de votre \u00e9cole cette invitation\u00a0!<\/p>\n<p>Pour une bonne organisation, l\u2019inscription est souhait\u00e9e au 010 42 00 56 ou par mail <a href=\"mailto:violaine.dautrebande@ufapec.be\">violaine.dautrebande@ufapec.be<\/a> (informations pratiques ci-apr\u00e8s).<\/p>\n<p>&nbsp;<\/p>\n<p>Au plaisir de vous rencontrer !<\/p>\n<p>&nbsp;<\/p>\n<p>Violaine Dautrebande\u00a0\u00a0\u00a0\u00a0\u00a0\u00a0\u00a0\u00a0\u00a0\u00a0\u00a0\u00a0\u00a0\u00a0\u00a0\u00a0\u00a0\u00a0\u00a0\u00a0\u00a0\u00a0\u00a0\u00a0\u00a0\u00a0\u00a0\u00a0\u00a0\u00a0\u00a0\u00a0\u00a0\u00a0\u00a0\u00a0\u00a0\u00a0\u00a0\u00a0\u00a0\u00a0\u00a0\u00a0\u00a0\u00a0\u00a0\u00a0\u00a0\u00a0\u00a0\u00a0\u00a0\u00a0\u00a0\u00a0\u00a0\u00a0\u00a0\u00a0\u00a0\u00a0\u00a0\u00a0\u00a0\u00a0\u00a0\u00a0\u00a0\u00a0\u00a0\u00a0\u00a0\u00a0\u00a0\u00a0\u00a0\u00a0\u00a0\u00a0\u00a0\u00a0\u00a0 Bernard Hubien<\/p>\n<p>Responsable de la R\u00e9gionale \u00a0 \u00a0 \u00a0 \u00a0 \u00a0 \u00a0 \u00a0 \u00a0 \u00a0 \u00a0 \u00a0 \u00a0 \u00a0 \u00a0 \u00a0 \u00a0 \u00a0 \u00a0 \u00a0 \u00a0 \u00a0 \u00a0 \u00a0 \u00a0 \u00a0 \u00a0 \u00a0 \u00a0 \u00a0 \u00a0 \u00a0 \u00a0 \u00a0 \u00a0 \u00a0 \u00a0 Secr\u00e9taire g\u00e9n\u00e9ral<\/p>\n<p>du Brabant Wallon<\/p>\n<p><strong>\u00a0<\/strong><\/p>\n<p><strong>Informations pratiques\u00a0:<\/strong><\/p>\n<p>&nbsp;<\/p>\n<p><strong>Possibilit\u00e9 de parking dans la cour du coll\u00e8ge de Basse-Wavre<\/strong><\/p>\n<p>Pour entrer dans la cour\u00a0: prendre la rue du calvaire\u00a0; \u00e0 l\u2019\u00e9glise, tourner \u00e0 droite, puis prendre la premi\u00e8re rue \u00e0 gauche (rue de la Fabrique). L\u2019entr\u00e9e de la cour se fait plus loin, \u00e0 gauche, pr\u00e8s du b\u00e2timent des primaires.<\/p>\n<p>&nbsp;<\/p>\n<p><strong>Timing de la rencontre\u00a0: <\/strong><\/p>\n<ul>\n<li>19h15\u00a0: accueil avec possibilit\u00e9 de se restaurer (sandwiches uniquement sur r\u00e9servation aupr\u00e8s de Violaine Dautrebande (<a href=\"mailto:violaine.dautrebande@ufapec.be\">violaine.dautrebande@ufapec.be<\/a>)).<\/li>\n<\/ul>\n<ul>\n<li>20h\u00a0: d\u00e9but des discussions<\/li>\n<\/ul>\n<ul>\n<li>21h45\u00a0: fin<\/li>\n<\/ul>\n<p>[1] Voir \u00e9galement le r\u00e9sum\u00e9 en pi\u00e8ce jointe.<\/p>\n<p><a href=\"https:\/\/ecolecaritas.be\/new\/wp-content\/uploads\/2015\/10\/2015-11-26-INVITATION-BW-r\u00e9gionale-pacte.pdf\">2015-11-26 INVITATION BW r\u00e9gionale pacte<\/a><\/p>\n<p><a href=\"https:\/\/ecolecaritas.be\/new\/wp-content\/uploads\/2015\/10\/pacte-pour-un-enseignement-d-excellence-resume.pdf\">pacte-pour-un-enseignement-d-excellence-resume<\/a><\/p>\n<p><a href=\"https:\/\/ecolecaritas.be\/new\/wp-content\/uploads\/2015\/10\/Pacte-dex-Basse-wavre-affiche.pdf\">Pacte d&rsquo;ex Basse wavre &#8211; affiche<\/a><\/p>\n","protected":false},"excerpt":{"rendered":"<div class=\"mh-excerpt\"><p>&nbsp; Chers parents, Dans le cadre des travaux du Pacte pour un enseignement d\u2019excellence, Jo\u00eblle Milquet, ministre de l\u2019\u00e9ducation, veut prendre les avis et positions <a class=\"mh-excerpt-more\" href=\"https:\/\/ecolecaritas.be\/new\/invitation-pacte-pour-un-enseignement-dexcellence\/\" title=\"Invitation &#8211; Pacte pour un enseignement d&rsquo;excellence\">[&#8230;]<\/a><\/p>\n<\/div>","protected":false},"author":4,"featured_media":1749,"comment_status":"closed","ping_status":"closed","sticky":false,"template":"","format":"standard","meta":{"footnotes":""},"categories":[3,6,1],"tags":[],"class_list":["post-1745","post","type-post","status-publish","format-standard","has-post-thumbnail","hentry","category-accueil","category-general","category-uncategorized"],"_links":{"self":[{"href":"https:\/\/ecolecaritas.be\/new\/wp-json\/wp\/v2\/posts\/1745","targetHints":{"allow":["GET"]}}],"collection":[{"href":"https:\/\/ecolecaritas.be\/new\/wp-json\/wp\/v2\/posts"}],"about":[{"href":"https:\/\/ecolecaritas.be\/new\/wp-json\/wp\/v2\/types\/post"}],"author":[{"embeddable":true,"href":"https:\/\/ecolecaritas.be\/new\/wp-json\/wp\/v2\/users\/4"}],"replies":[{"embeddable":true,"href":"https:\/\/ecolecaritas.be\/new\/wp-json\/wp\/v2\/comments?post=1745"}],"version-history":[{"count":1,"href":"https:\/\/ecolecaritas.be\/new\/wp-json\/wp\/v2\/posts\/1745\/revisions"}],"predecessor-version":[{"id":1750,"href":"https:\/\/ecolecaritas.be\/new\/wp-json\/wp\/v2\/posts\/1745\/revisions\/1750"}],"wp:featuredmedia":[{"embeddable":true,"href":"https:\/\/ecolecaritas.be\/new\/wp-json\/wp\/v2\/media\/1749"}],"wp:attachment":[{"href":"https:\/\/ecolecaritas.be\/new\/wp-json\/wp\/v2\/media?parent=1745"}],"wp:term":[{"taxonomy":"category","embeddable":true,"href":"https:\/\/ecolecaritas.be\/new\/wp-json\/wp\/v2\/categories?post=1745"},{"taxonomy":"post_tag","embeddable":true,"href":"https:\/\/ecolecaritas.be\/new\/wp-json\/wp\/v2\/tags?post=1745"}],"curies":[{"name":"wp","href":"https:\/\/api.w.org\/{rel}","templated":true}]}}