{"id":1898,"date":"2015-11-16T13:25:39","date_gmt":"2015-11-16T13:25:39","guid":{"rendered":"http:\/\/ecolecaritas.be\/new\/?p=1898"},"modified":"2015-11-16T13:59:47","modified_gmt":"2015-11-16T13:59:47","slug":"lautomne-ses-tresors-nos-creations","status":"publish","type":"post","link":"https:\/\/ecolecaritas.be\/new\/lautomne-ses-tresors-nos-creations\/","title":{"rendered":"l&rsquo;automne, ses tr\u00e9sors, nos cr\u00e9ations"},"content":{"rendered":"<p>Les enfants de la classe d&rsquo;accueil\/1\u00e8re maternelle d\u00e9couvrent les tr\u00e9sors de l&rsquo;automne et laissent libre cours \u00e0 leur\u00a0cr\u00e9ativit\u00e9 !<\/p>\n<p><a href=\"https:\/\/ecolecaritas.be\/new\/wp-content\/uploads\/2015\/11\/2015-10-14-10.46.47.jpg\" data-rel=\"lightbox-image-0\" data-rl_title=\"\" data-rl_caption=\"\" title=\"\"><img loading=\"lazy\" decoding=\"async\" class=\"alignnone size-medium wp-image-1901\" src=\"https:\/\/ecolecaritas.be\/new\/wp-content\/uploads\/2015\/11\/2015-10-14-10.46.47-300x225.jpg\" alt=\"2015-10-14 10.46.47\" width=\"300\" height=\"225\" srcset=\"https:\/\/ecolecaritas.be\/new\/wp-content\/uploads\/2015\/11\/2015-10-14-10.46.47-300x225.jpg 300w, https:\/\/ecolecaritas.be\/new\/wp-content\/uploads\/2015\/11\/2015-10-14-10.46.47-1024x768.jpg 1024w, https:\/\/ecolecaritas.be\/new\/wp-content\/uploads\/2015\/11\/2015-10-14-10.46.47-600x450.jpg 600w, https:\/\/ecolecaritas.be\/new\/wp-content\/uploads\/2015\/11\/2015-10-14-10.46.47-174x131.jpg 174w, https:\/\/ecolecaritas.be\/new\/wp-content\/uploads\/2015\/11\/2015-10-14-10.46.47-70x53.jpg 70w\" sizes=\"auto, (max-width: 300px) 100vw, 300px\" \/><\/a>\u00a0<a href=\"https:\/\/ecolecaritas.be\/new\/wp-content\/uploads\/2015\/11\/2015-10-14-11.08.29.jpg\" data-rel=\"lightbox-image-1\" data-rl_title=\"\" data-rl_caption=\"\" title=\"\"><img loading=\"lazy\" decoding=\"async\" class=\"alignnone size-medium wp-image-1902\" src=\"https:\/\/ecolecaritas.be\/new\/wp-content\/uploads\/2015\/11\/2015-10-14-11.08.29-225x300.jpg\" alt=\"2015-10-14 11.08.29\" width=\"225\" height=\"300\" srcset=\"https:\/\/ecolecaritas.be\/new\/wp-content\/uploads\/2015\/11\/2015-10-14-11.08.29-225x300.jpg 225w, https:\/\/ecolecaritas.be\/new\/wp-content\/uploads\/2015\/11\/2015-10-14-11.08.29-768x1024.jpg 768w, https:\/\/ecolecaritas.be\/new\/wp-content\/uploads\/2015\/11\/2015-10-14-11.08.29-600x800.jpg 600w\" sizes=\"auto, (max-width: 225px) 100vw, 225px\" \/><\/a>\u00a0<a href=\"https:\/\/ecolecaritas.be\/new\/wp-content\/uploads\/2015\/11\/2015-10-28-09.04.34.jpg\" data-rel=\"lightbox-image-2\" data-rl_title=\"\" data-rl_caption=\"\" title=\"\"><img loading=\"lazy\" decoding=\"async\" class=\"alignnone size-medium wp-image-1854\" src=\"https:\/\/ecolecaritas.be\/new\/wp-content\/uploads\/2015\/11\/2015-10-28-09.04.34-300x225.jpg\" alt=\"2015-10-28 09.04.34\" width=\"300\" height=\"225\" srcset=\"https:\/\/ecolecaritas.be\/new\/wp-content\/uploads\/2015\/11\/2015-10-28-09.04.34-300x225.jpg 300w, https:\/\/ecolecaritas.be\/new\/wp-content\/uploads\/2015\/11\/2015-10-28-09.04.34-1024x768.jpg 1024w, https:\/\/ecolecaritas.be\/new\/wp-content\/uploads\/2015\/11\/2015-10-28-09.04.34-600x450.jpg 600w, https:\/\/ecolecaritas.be\/new\/wp-content\/uploads\/2015\/11\/2015-10-28-09.04.34-174x131.jpg 174w, https:\/\/ecolecaritas.be\/new\/wp-content\/uploads\/2015\/11\/2015-10-28-09.04.34-70x53.jpg 70w\" sizes=\"auto, (max-width: 300px) 100vw, 300px\" \/><\/a>\u00a0 <a href=\"https:\/\/ecolecaritas.be\/new\/wp-content\/uploads\/2015\/11\/2015-10-26-09.12.13.jpg\" data-rel=\"lightbox-image-3\" data-rl_title=\"\" data-rl_caption=\"\" title=\"\"><img loading=\"lazy\" decoding=\"async\" class=\"alignnone size-medium wp-image-1850\" src=\"https:\/\/ecolecaritas.be\/new\/wp-content\/uploads\/2015\/11\/2015-10-26-09.12.13-300x225.jpg\" alt=\"2015-10-26 09.12.13\" width=\"300\" height=\"225\" srcset=\"https:\/\/ecolecaritas.be\/new\/wp-content\/uploads\/2015\/11\/2015-10-26-09.12.13-300x225.jpg 300w, https:\/\/ecolecaritas.be\/new\/wp-content\/uploads\/2015\/11\/2015-10-26-09.12.13-1024x768.jpg 1024w, https:\/\/ecolecaritas.be\/new\/wp-content\/uploads\/2015\/11\/2015-10-26-09.12.13-600x450.jpg 600w, https:\/\/ecolecaritas.be\/new\/wp-content\/uploads\/2015\/11\/2015-10-26-09.12.13-174x131.jpg 174w, https:\/\/ecolecaritas.be\/new\/wp-content\/uploads\/2015\/11\/2015-10-26-09.12.13-70x53.jpg 70w\" sizes=\"auto, (max-width: 300px) 100vw, 300px\" \/><\/a> <a href=\"https:\/\/ecolecaritas.be\/new\/wp-content\/uploads\/2015\/11\/2015-10-26-09.12.06.jpg\" data-rel=\"lightbox-image-4\" data-rl_title=\"\" data-rl_caption=\"\" title=\"\"><img loading=\"lazy\" decoding=\"async\" class=\"alignnone size-medium wp-image-1849\" src=\"https:\/\/ecolecaritas.be\/new\/wp-content\/uploads\/2015\/11\/2015-10-26-09.12.06-300x225.jpg\" alt=\"2015-10-26 09.12.06\" width=\"300\" height=\"225\" srcset=\"https:\/\/ecolecaritas.be\/new\/wp-content\/uploads\/2015\/11\/2015-10-26-09.12.06-300x225.jpg 300w, https:\/\/ecolecaritas.be\/new\/wp-content\/uploads\/2015\/11\/2015-10-26-09.12.06-1024x768.jpg 1024w, https:\/\/ecolecaritas.be\/new\/wp-content\/uploads\/2015\/11\/2015-10-26-09.12.06-600x450.jpg 600w, https:\/\/ecolecaritas.be\/new\/wp-content\/uploads\/2015\/11\/2015-10-26-09.12.06-174x131.jpg 174w, https:\/\/ecolecaritas.be\/new\/wp-content\/uploads\/2015\/11\/2015-10-26-09.12.06-70x53.jpg 70w\" sizes=\"auto, (max-width: 300px) 100vw, 300px\" \/><\/a> <a href=\"https:\/\/ecolecaritas.be\/new\/wp-content\/uploads\/2015\/11\/2015-10-28-09.04.44.jpg\" data-rel=\"lightbox-image-5\" data-rl_title=\"\" data-rl_caption=\"\" title=\"\"><img loading=\"lazy\" decoding=\"async\" class=\"alignnone size-medium wp-image-1855\" src=\"https:\/\/ecolecaritas.be\/new\/wp-content\/uploads\/2015\/11\/2015-10-28-09.04.44-300x225.jpg\" alt=\"2015-10-28 09.04.44\" width=\"300\" height=\"225\" srcset=\"https:\/\/ecolecaritas.be\/new\/wp-content\/uploads\/2015\/11\/2015-10-28-09.04.44-300x225.jpg 300w, https:\/\/ecolecaritas.be\/new\/wp-content\/uploads\/2015\/11\/2015-10-28-09.04.44-1024x768.jpg 1024w, https:\/\/ecolecaritas.be\/new\/wp-content\/uploads\/2015\/11\/2015-10-28-09.04.44-600x450.jpg 600w, https:\/\/ecolecaritas.be\/new\/wp-content\/uploads\/2015\/11\/2015-10-28-09.04.44-174x131.jpg 174w, https:\/\/ecolecaritas.be\/new\/wp-content\/uploads\/2015\/11\/2015-10-28-09.04.44-70x53.jpg 70w\" sizes=\"auto, (max-width: 300px) 100vw, 300px\" \/><\/a> <a href=\"https:\/\/ecolecaritas.be\/new\/wp-content\/uploads\/2015\/11\/2015-10-20-11.00.00.jpg\" data-rel=\"lightbox-image-6\" data-rl_title=\"\" data-rl_caption=\"\" title=\"\"><img loading=\"lazy\" decoding=\"async\" class=\"alignnone size-medium wp-image-1825\" src=\"https:\/\/ecolecaritas.be\/new\/wp-content\/uploads\/2015\/11\/2015-10-20-11.00.00-300x225.jpg\" alt=\"2015-10-20 11.00.00\" width=\"300\" height=\"225\" srcset=\"https:\/\/ecolecaritas.be\/new\/wp-content\/uploads\/2015\/11\/2015-10-20-11.00.00-300x225.jpg 300w, https:\/\/ecolecaritas.be\/new\/wp-content\/uploads\/2015\/11\/2015-10-20-11.00.00-1024x768.jpg 1024w, https:\/\/ecolecaritas.be\/new\/wp-content\/uploads\/2015\/11\/2015-10-20-11.00.00-600x450.jpg 600w, https:\/\/ecolecaritas.be\/new\/wp-content\/uploads\/2015\/11\/2015-10-20-11.00.00-174x131.jpg 174w, https:\/\/ecolecaritas.be\/new\/wp-content\/uploads\/2015\/11\/2015-10-20-11.00.00-70x53.jpg 70w\" sizes=\"auto, (max-width: 300px) 100vw, 300px\" \/><\/a> <a href=\"https:\/\/ecolecaritas.be\/new\/wp-content\/uploads\/2015\/11\/2015-10-20-10.52.44.jpg\" data-rel=\"lightbox-image-7\" data-rl_title=\"\" data-rl_caption=\"\" title=\"\"><img loading=\"lazy\" decoding=\"async\" class=\"alignnone size-medium wp-image-1822\" src=\"https:\/\/ecolecaritas.be\/new\/wp-content\/uploads\/2015\/11\/2015-10-20-10.52.44-225x300.jpg\" alt=\"2015-10-20 10.52.44\" width=\"225\" height=\"300\" srcset=\"https:\/\/ecolecaritas.be\/new\/wp-content\/uploads\/2015\/11\/2015-10-20-10.52.44-225x300.jpg 225w, https:\/\/ecolecaritas.be\/new\/wp-content\/uploads\/2015\/11\/2015-10-20-10.52.44-768x1024.jpg 768w, https:\/\/ecolecaritas.be\/new\/wp-content\/uploads\/2015\/11\/2015-10-20-10.52.44-600x800.jpg 600w\" sizes=\"auto, (max-width: 225px) 100vw, 225px\" \/><\/a> <a href=\"https:\/\/ecolecaritas.be\/new\/wp-content\/uploads\/2015\/11\/2015-10-30-11.00.06.jpg\" data-rel=\"lightbox-image-8\" data-rl_title=\"\" data-rl_caption=\"\" title=\"\"><img loading=\"lazy\" decoding=\"async\" class=\"alignnone size-medium wp-image-1871\" src=\"https:\/\/ecolecaritas.be\/new\/wp-content\/uploads\/2015\/11\/2015-10-30-11.00.06-300x300.jpg\" alt=\"2015-10-30 11.00.06\" width=\"300\" height=\"300\" srcset=\"https:\/\/ecolecaritas.be\/new\/wp-content\/uploads\/2015\/11\/2015-10-30-11.00.06-300x300.jpg 300w, https:\/\/ecolecaritas.be\/new\/wp-content\/uploads\/2015\/11\/2015-10-30-11.00.06-150x150.jpg 150w, https:\/\/ecolecaritas.be\/new\/wp-content\/uploads\/2015\/11\/2015-10-30-11.00.06-1024x1024.jpg 1024w, https:\/\/ecolecaritas.be\/new\/wp-content\/uploads\/2015\/11\/2015-10-30-11.00.06-600x600.jpg 600w\" sizes=\"auto, (max-width: 300px) 100vw, 300px\" \/><\/a> <a href=\"https:\/\/ecolecaritas.be\/new\/wp-content\/uploads\/2015\/11\/2015-10-30-11.11.52.jpg\" data-rel=\"lightbox-image-9\" data-rl_title=\"\" data-rl_caption=\"\" title=\"\"><img loading=\"lazy\" decoding=\"async\" class=\"alignnone size-medium wp-image-1872\" src=\"https:\/\/ecolecaritas.be\/new\/wp-content\/uploads\/2015\/11\/2015-10-30-11.11.52-300x300.jpg\" alt=\"2015-10-30 11.11.52\" width=\"300\" height=\"300\" srcset=\"https:\/\/ecolecaritas.be\/new\/wp-content\/uploads\/2015\/11\/2015-10-30-11.11.52-300x300.jpg 300w, https:\/\/ecolecaritas.be\/new\/wp-content\/uploads\/2015\/11\/2015-10-30-11.11.52-150x150.jpg 150w, https:\/\/ecolecaritas.be\/new\/wp-content\/uploads\/2015\/11\/2015-10-30-11.11.52-1024x1024.jpg 1024w, https:\/\/ecolecaritas.be\/new\/wp-content\/uploads\/2015\/11\/2015-10-30-11.11.52-600x600.jpg 600w\" sizes=\"auto, (max-width: 300px) 100vw, 300px\" \/><\/a><\/p>\n","protected":false},"excerpt":{"rendered":"<div class=\"mh-excerpt\"><p>Les enfants de la classe d&rsquo;accueil\/1\u00e8re maternelle d\u00e9couvrent les tr\u00e9sors de l&rsquo;automne et laissent libre cours \u00e0 leur\u00a0cr\u00e9ativit\u00e9 ! \u00a0\u00a0\u00a0<\/p>\n<\/div>","protected":false},"author":5,"featured_media":1849,"comment_status":"closed","ping_status":"closed","sticky":false,"template":"","format":"standard","meta":{"footnotes":""},"categories":[3,7],"tags":[],"class_list":["post-1898","post","type-post","status-publish","format-standard","has-post-thumbnail","hentry","category-accueil","category-mat"],"_links":{"self":[{"href":"https:\/\/ecolecaritas.be\/new\/wp-json\/wp\/v2\/posts\/1898","targetHints":{"allow":["GET"]}}],"collection":[{"href":"https:\/\/ecolecaritas.be\/new\/wp-json\/wp\/v2\/posts"}],"about":[{"href":"https:\/\/ecolecaritas.be\/new\/wp-json\/wp\/v2\/types\/post"}],"author":[{"embeddable":true,"href":"https:\/\/ecolecaritas.be\/new\/wp-json\/wp\/v2\/users\/5"}],"replies":[{"embeddable":true,"href":"https:\/\/ecolecaritas.be\/new\/wp-json\/wp\/v2\/comments?post=1898"}],"version-history":[{"count":2,"href":"https:\/\/ecolecaritas.be\/new\/wp-json\/wp\/v2\/posts\/1898\/revisions"}],"predecessor-version":[{"id":1903,"href":"https:\/\/ecolecaritas.be\/new\/wp-json\/wp\/v2\/posts\/1898\/revisions\/1903"}],"wp:featuredmedia":[{"embeddable":true,"href":"https:\/\/ecolecaritas.be\/new\/wp-json\/wp\/v2\/media\/1849"}],"wp:attachment":[{"href":"https:\/\/ecolecaritas.be\/new\/wp-json\/wp\/v2\/media?parent=1898"}],"wp:term":[{"taxonomy":"category","embeddable":true,"href":"https:\/\/ecolecaritas.be\/new\/wp-json\/wp\/v2\/categories?post=1898"},{"taxonomy":"post_tag","embeddable":true,"href":"https:\/\/ecolecaritas.be\/new\/wp-json\/wp\/v2\/tags?post=1898"}],"curies":[{"name":"wp","href":"https:\/\/api.w.org\/{rel}","templated":true}]}}