{"id":1911,"date":"2015-11-16T13:54:46","date_gmt":"2015-11-16T13:54:46","guid":{"rendered":"http:\/\/ecolecaritas.be\/new\/?p=1911"},"modified":"2015-11-17T21:01:32","modified_gmt":"2015-11-17T21:01:32","slug":"depart-en-classes-de-cirque","status":"publish","type":"post","link":"https:\/\/ecolecaritas.be\/new\/depart-en-classes-de-cirque\/","title":{"rendered":"D\u00e9part en classes de cirque"},"content":{"rendered":"<p>Ce lundi 16 novembre, les \u00e9l\u00e8ves de M3 et P1 sont partis pour leur grande aventure au G\u00eete d&rsquo;Etape d&rsquo;OVIFAT: leurs classes de cirque!<\/p>\n<p>&nbsp;<\/p>\n<p>Voici le message re\u00e7u ce lundi \u00e0 11h55:<\/p>\n<p><em><strong>Sommes bien install\u00e9s, tous les lits sont faits et les enfants sont en grande forme pour d\u00e9marrer les activit\u00e9s.<\/strong><\/em><br \/>\n<em><strong> Le ciel est gris mais il ne pleut pas.<\/strong><\/em><\/p>\n<p>&nbsp;<\/p>\n<div class=\"rl-gallery-container \" id=\"rl-gallery-container-1\" data-gallery_id=\"0\"> <div class=\"rl-gallery rl-basicgrid-gallery \" id=\"rl-gallery-1\" data-gallery_no=\"1\"> <div class=\"rl-gallery-item\"><a href=\"https:\/\/ecolecaritas.be\/new\/wp-content\/uploads\/2015\/11\/classe-cirque-M3.jpg\" title=\"\" data-rl_title=\"\" class=\"rl-gallery-link\" data-rl_caption=\"\" data-rel=\"lightbox-gallery-1\"><img loading=\"lazy\" decoding=\"async\" src=\"https:\/\/ecolecaritas.be\/new\/wp-content\/uploads\/2015\/11\/classe-cirque-M3-300x225.jpg\" width=\"300\" height=\"225\" alt=\"\" \/><\/a><\/div><div class=\"rl-gallery-item\"><a href=\"https:\/\/ecolecaritas.be\/new\/wp-content\/uploads\/2015\/11\/WP_20151116_08_43_03_Pro.jpg\" title=\"\" data-rl_title=\"\" class=\"rl-gallery-link\" data-rl_caption=\"\" data-rel=\"lightbox-gallery-1\"><img loading=\"lazy\" decoding=\"async\" src=\"https:\/\/ecolecaritas.be\/new\/wp-content\/uploads\/2015\/11\/WP_20151116_08_43_03_Pro-300x169.jpg\" width=\"300\" height=\"169\" alt=\"\" \/><\/a><\/div><div class=\"rl-gallery-item\"><a href=\"https:\/\/ecolecaritas.be\/new\/wp-content\/uploads\/2015\/11\/WP_20151116_08_43_11_Pro.jpg\" title=\"\" data-rl_title=\"\" class=\"rl-gallery-link\" data-rl_caption=\"\" data-rel=\"lightbox-gallery-1\"><img loading=\"lazy\" decoding=\"async\" src=\"https:\/\/ecolecaritas.be\/new\/wp-content\/uploads\/2015\/11\/WP_20151116_08_43_11_Pro-169x300.jpg\" width=\"169\" height=\"300\" alt=\"\" \/><\/a><\/div><div class=\"rl-gallery-item\"><a href=\"https:\/\/ecolecaritas.be\/new\/wp-content\/uploads\/2015\/11\/WP_20151116_08_43_38_Pro.jpg\" title=\"\" data-rl_title=\"\" class=\"rl-gallery-link\" data-rl_caption=\"\" data-rel=\"lightbox-gallery-1\"><img loading=\"lazy\" decoding=\"async\" src=\"https:\/\/ecolecaritas.be\/new\/wp-content\/uploads\/2015\/11\/WP_20151116_08_43_38_Pro-300x169.jpg\" width=\"300\" height=\"169\" alt=\"\" \/><\/a><\/div><div class=\"rl-gallery-item\"><a href=\"https:\/\/ecolecaritas.be\/new\/wp-content\/uploads\/2015\/11\/WP_20151116_08_43_49_Pro.jpg\" title=\"\" data-rl_title=\"\" class=\"rl-gallery-link\" data-rl_caption=\"\" data-rel=\"lightbox-gallery-1\"><img loading=\"lazy\" decoding=\"async\" src=\"https:\/\/ecolecaritas.be\/new\/wp-content\/uploads\/2015\/11\/WP_20151116_08_43_49_Pro-300x169.jpg\" width=\"300\" height=\"169\" alt=\"\" \/><\/a><\/div><div class=\"rl-gallery-item\"><a href=\"https:\/\/ecolecaritas.be\/new\/wp-content\/uploads\/2015\/11\/WP_20151116_08_43_55_Pro.jpg\" title=\"\" data-rl_title=\"\" class=\"rl-gallery-link\" data-rl_caption=\"\" data-rel=\"lightbox-gallery-1\"><img loading=\"lazy\" decoding=\"async\" src=\"https:\/\/ecolecaritas.be\/new\/wp-content\/uploads\/2015\/11\/WP_20151116_08_43_55_Pro-300x169.jpg\" width=\"300\" height=\"169\" alt=\"\" \/><\/a><\/div><div class=\"rl-gallery-item\"><a href=\"https:\/\/ecolecaritas.be\/new\/wp-content\/uploads\/2015\/11\/WP_20151116_08_44_01_Pro.jpg\" title=\"\" data-rl_title=\"\" class=\"rl-gallery-link\" data-rl_caption=\"\" data-rel=\"lightbox-gallery-1\"><img loading=\"lazy\" decoding=\"async\" src=\"https:\/\/ecolecaritas.be\/new\/wp-content\/uploads\/2015\/11\/WP_20151116_08_44_01_Pro-300x169.jpg\" width=\"300\" height=\"169\" alt=\"\" \/><\/a><\/div> <\/div> <\/div>\n","protected":false},"excerpt":{"rendered":"<div class=\"mh-excerpt\"><p>Ce lundi 16 novembre, les \u00e9l\u00e8ves de M3 et P1 sont partis pour leur grande aventure au G\u00eete d&rsquo;Etape d&rsquo;OVIFAT: leurs classes de cirque! &nbsp; <a class=\"mh-excerpt-more\" href=\"https:\/\/ecolecaritas.be\/new\/depart-en-classes-de-cirque\/\" title=\"D\u00e9part en classes de cirque\">[&#8230;]<\/a><\/p>\n<\/div>","protected":false},"author":4,"featured_media":1949,"comment_status":"closed","ping_status":"closed","sticky":false,"template":"","format":"standard","meta":{"footnotes":""},"categories":[3,7,8],"tags":[],"class_list":["post-1911","post","type-post","status-publish","format-standard","has-post-thumbnail","hentry","category-accueil","category-mat","category-p12"],"_links":{"self":[{"href":"https:\/\/ecolecaritas.be\/new\/wp-json\/wp\/v2\/posts\/1911","targetHints":{"allow":["GET"]}}],"collection":[{"href":"https:\/\/ecolecaritas.be\/new\/wp-json\/wp\/v2\/posts"}],"about":[{"href":"https:\/\/ecolecaritas.be\/new\/wp-json\/wp\/v2\/types\/post"}],"author":[{"embeddable":true,"href":"https:\/\/ecolecaritas.be\/new\/wp-json\/wp\/v2\/users\/4"}],"replies":[{"embeddable":true,"href":"https:\/\/ecolecaritas.be\/new\/wp-json\/wp\/v2\/comments?post=1911"}],"version-history":[{"count":4,"href":"https:\/\/ecolecaritas.be\/new\/wp-json\/wp\/v2\/posts\/1911\/revisions"}],"predecessor-version":[{"id":1960,"href":"https:\/\/ecolecaritas.be\/new\/wp-json\/wp\/v2\/posts\/1911\/revisions\/1960"}],"wp:featuredmedia":[{"embeddable":true,"href":"https:\/\/ecolecaritas.be\/new\/wp-json\/wp\/v2\/media\/1949"}],"wp:attachment":[{"href":"https:\/\/ecolecaritas.be\/new\/wp-json\/wp\/v2\/media?parent=1911"}],"wp:term":[{"taxonomy":"category","embeddable":true,"href":"https:\/\/ecolecaritas.be\/new\/wp-json\/wp\/v2\/categories?post=1911"},{"taxonomy":"post_tag","embeddable":true,"href":"https:\/\/ecolecaritas.be\/new\/wp-json\/wp\/v2\/tags?post=1911"}],"curies":[{"name":"wp","href":"https:\/\/api.w.org\/{rel}","templated":true}]}}