{"id":1945,"date":"2015-11-17T08:47:01","date_gmt":"2015-11-17T08:47:01","guid":{"rendered":"http:\/\/ecolecaritas.be\/new\/?p=1945"},"modified":"2015-11-17T08:47:01","modified_gmt":"2015-11-17T08:47:01","slug":"une-classe-toute-neuve","status":"publish","type":"post","link":"https:\/\/ecolecaritas.be\/new\/une-classe-toute-neuve\/","title":{"rendered":"Une  classe toute neuve !"},"content":{"rendered":"<p>Ce w-e, parents, enseignants et enfants se sont d\u00e9men\u00e9s pour remettre en couleurs la classe d&rsquo;accueil !<\/p>\n<p>Des couleurs tendres et peps qui ont suscit\u00e9 beaucoup de \u00ab\u00a0Waaaw\u00a0\u00bb le lundi matin !<\/p>\n<p>Merci \u00e0 tous pour votre aide dans\u00a0la r\u00e9alisation de ce projet !<\/p>\n<p><a href=\"https:\/\/ecolecaritas.be\/new\/wp-content\/uploads\/2015\/11\/2015-11-15-15.13.23.jpg\" data-rel=\"lightbox-image-0\" data-rl_title=\"\" data-rl_caption=\"\" title=\"\"><img loading=\"lazy\" decoding=\"async\" class=\"alignnone size-medium wp-image-1931\" src=\"https:\/\/ecolecaritas.be\/new\/wp-content\/uploads\/2015\/11\/2015-11-15-15.13.23-225x300.jpg\" alt=\"2015-11-15 15.13.23\" width=\"225\" height=\"300\" srcset=\"https:\/\/ecolecaritas.be\/new\/wp-content\/uploads\/2015\/11\/2015-11-15-15.13.23-225x300.jpg 225w, https:\/\/ecolecaritas.be\/new\/wp-content\/uploads\/2015\/11\/2015-11-15-15.13.23-768x1024.jpg 768w, https:\/\/ecolecaritas.be\/new\/wp-content\/uploads\/2015\/11\/2015-11-15-15.13.23-600x800.jpg 600w\" sizes=\"auto, (max-width: 225px) 100vw, 225px\" \/><\/a> <a href=\"https:\/\/ecolecaritas.be\/new\/wp-content\/uploads\/2015\/11\/2015-11-15-14.57.39.jpg\" data-rel=\"lightbox-image-1\" data-rl_title=\"\" data-rl_caption=\"\" title=\"\"><img loading=\"lazy\" decoding=\"async\" class=\"alignnone size-medium wp-image-1930\" src=\"https:\/\/ecolecaritas.be\/new\/wp-content\/uploads\/2015\/11\/2015-11-15-14.57.39-300x225.jpg\" alt=\"2015-11-15 14.57.39\" width=\"300\" height=\"225\" srcset=\"https:\/\/ecolecaritas.be\/new\/wp-content\/uploads\/2015\/11\/2015-11-15-14.57.39-300x225.jpg 300w, https:\/\/ecolecaritas.be\/new\/wp-content\/uploads\/2015\/11\/2015-11-15-14.57.39-1024x768.jpg 1024w, https:\/\/ecolecaritas.be\/new\/wp-content\/uploads\/2015\/11\/2015-11-15-14.57.39-600x450.jpg 600w, https:\/\/ecolecaritas.be\/new\/wp-content\/uploads\/2015\/11\/2015-11-15-14.57.39-174x131.jpg 174w, https:\/\/ecolecaritas.be\/new\/wp-content\/uploads\/2015\/11\/2015-11-15-14.57.39-70x53.jpg 70w\" sizes=\"auto, (max-width: 300px) 100vw, 300px\" \/><\/a> <a href=\"https:\/\/ecolecaritas.be\/new\/wp-content\/uploads\/2015\/11\/2015-11-15-11.52.49.jpg\" data-rel=\"lightbox-image-2\" data-rl_title=\"\" data-rl_caption=\"\" title=\"\"><img loading=\"lazy\" decoding=\"async\" class=\"alignnone size-medium wp-image-1925\" src=\"https:\/\/ecolecaritas.be\/new\/wp-content\/uploads\/2015\/11\/2015-11-15-11.52.49-300x225.jpg\" alt=\"2015-11-15 11.52.49\" width=\"300\" height=\"225\" srcset=\"https:\/\/ecolecaritas.be\/new\/wp-content\/uploads\/2015\/11\/2015-11-15-11.52.49-300x225.jpg 300w, https:\/\/ecolecaritas.be\/new\/wp-content\/uploads\/2015\/11\/2015-11-15-11.52.49-1024x768.jpg 1024w, https:\/\/ecolecaritas.be\/new\/wp-content\/uploads\/2015\/11\/2015-11-15-11.52.49-600x450.jpg 600w, https:\/\/ecolecaritas.be\/new\/wp-content\/uploads\/2015\/11\/2015-11-15-11.52.49-174x131.jpg 174w, https:\/\/ecolecaritas.be\/new\/wp-content\/uploads\/2015\/11\/2015-11-15-11.52.49-70x53.jpg 70w\" sizes=\"auto, (max-width: 300px) 100vw, 300px\" \/><\/a> <a href=\"https:\/\/ecolecaritas.be\/new\/wp-content\/uploads\/2015\/11\/2015-11-14-14.45.34.jpg\" data-rel=\"lightbox-image-3\" data-rl_title=\"\" data-rl_caption=\"\" title=\"\"><img loading=\"lazy\" decoding=\"async\" class=\"alignnone size-medium wp-image-1923\" src=\"https:\/\/ecolecaritas.be\/new\/wp-content\/uploads\/2015\/11\/2015-11-14-14.45.34-300x225.jpg\" alt=\"2015-11-14 14.45.34\" width=\"300\" height=\"225\" srcset=\"https:\/\/ecolecaritas.be\/new\/wp-content\/uploads\/2015\/11\/2015-11-14-14.45.34-300x225.jpg 300w, https:\/\/ecolecaritas.be\/new\/wp-content\/uploads\/2015\/11\/2015-11-14-14.45.34-1024x768.jpg 1024w, https:\/\/ecolecaritas.be\/new\/wp-content\/uploads\/2015\/11\/2015-11-14-14.45.34-600x450.jpg 600w, https:\/\/ecolecaritas.be\/new\/wp-content\/uploads\/2015\/11\/2015-11-14-14.45.34-174x131.jpg 174w, https:\/\/ecolecaritas.be\/new\/wp-content\/uploads\/2015\/11\/2015-11-14-14.45.34-70x53.jpg 70w\" sizes=\"auto, (max-width: 300px) 100vw, 300px\" \/><\/a> <a href=\"https:\/\/ecolecaritas.be\/new\/wp-content\/uploads\/2015\/11\/2015-11-14-14.45.17.jpg\" data-rel=\"lightbox-image-4\" data-rl_title=\"\" data-rl_caption=\"\" title=\"\"><img loading=\"lazy\" decoding=\"async\" class=\"alignnone size-medium wp-image-1922\" src=\"https:\/\/ecolecaritas.be\/new\/wp-content\/uploads\/2015\/11\/2015-11-14-14.45.17-300x225.jpg\" alt=\"2015-11-14 14.45.17\" width=\"300\" height=\"225\" srcset=\"https:\/\/ecolecaritas.be\/new\/wp-content\/uploads\/2015\/11\/2015-11-14-14.45.17-300x225.jpg 300w, https:\/\/ecolecaritas.be\/new\/wp-content\/uploads\/2015\/11\/2015-11-14-14.45.17-1024x768.jpg 1024w, https:\/\/ecolecaritas.be\/new\/wp-content\/uploads\/2015\/11\/2015-11-14-14.45.17-600x450.jpg 600w, https:\/\/ecolecaritas.be\/new\/wp-content\/uploads\/2015\/11\/2015-11-14-14.45.17-174x131.jpg 174w, https:\/\/ecolecaritas.be\/new\/wp-content\/uploads\/2015\/11\/2015-11-14-14.45.17-70x53.jpg 70w\" sizes=\"auto, (max-width: 300px) 100vw, 300px\" \/><\/a> <a href=\"https:\/\/ecolecaritas.be\/new\/wp-content\/uploads\/2015\/11\/2015-11-14-14.25.15.jpg\" data-rel=\"lightbox-image-5\" data-rl_title=\"\" data-rl_caption=\"\" title=\"\"><img loading=\"lazy\" decoding=\"async\" class=\"alignnone size-medium wp-image-1921\" src=\"https:\/\/ecolecaritas.be\/new\/wp-content\/uploads\/2015\/11\/2015-11-14-14.25.15-300x225.jpg\" alt=\"2015-11-14 14.25.15\" width=\"300\" height=\"225\" srcset=\"https:\/\/ecolecaritas.be\/new\/wp-content\/uploads\/2015\/11\/2015-11-14-14.25.15-300x225.jpg 300w, https:\/\/ecolecaritas.be\/new\/wp-content\/uploads\/2015\/11\/2015-11-14-14.25.15-1024x768.jpg 1024w, https:\/\/ecolecaritas.be\/new\/wp-content\/uploads\/2015\/11\/2015-11-14-14.25.15-600x450.jpg 600w, https:\/\/ecolecaritas.be\/new\/wp-content\/uploads\/2015\/11\/2015-11-14-14.25.15-174x131.jpg 174w, https:\/\/ecolecaritas.be\/new\/wp-content\/uploads\/2015\/11\/2015-11-14-14.25.15-70x53.jpg 70w\" sizes=\"auto, (max-width: 300px) 100vw, 300px\" \/><\/a> <a href=\"https:\/\/ecolecaritas.be\/new\/wp-content\/uploads\/2015\/11\/2015-11-14-14.24.27.jpg\" data-rel=\"lightbox-image-6\" data-rl_title=\"\" data-rl_caption=\"\" title=\"\"><img loading=\"lazy\" decoding=\"async\" class=\"alignnone size-medium wp-image-1920\" src=\"https:\/\/ecolecaritas.be\/new\/wp-content\/uploads\/2015\/11\/2015-11-14-14.24.27-225x300.jpg\" alt=\"2015-11-14 14.24.27\" width=\"225\" height=\"300\" srcset=\"https:\/\/ecolecaritas.be\/new\/wp-content\/uploads\/2015\/11\/2015-11-14-14.24.27-225x300.jpg 225w, https:\/\/ecolecaritas.be\/new\/wp-content\/uploads\/2015\/11\/2015-11-14-14.24.27-768x1024.jpg 768w, https:\/\/ecolecaritas.be\/new\/wp-content\/uploads\/2015\/11\/2015-11-14-14.24.27-600x800.jpg 600w\" sizes=\"auto, (max-width: 225px) 100vw, 225px\" \/><\/a> <a href=\"https:\/\/ecolecaritas.be\/new\/wp-content\/uploads\/2015\/11\/2015-11-14-13.53.19.jpg\" data-rel=\"lightbox-image-7\" data-rl_title=\"\" data-rl_caption=\"\" title=\"\"><img loading=\"lazy\" decoding=\"async\" class=\"alignnone size-medium wp-image-1919\" src=\"https:\/\/ecolecaritas.be\/new\/wp-content\/uploads\/2015\/11\/2015-11-14-13.53.19-300x225.jpg\" alt=\"2015-11-14 13.53.19\" width=\"300\" height=\"225\" srcset=\"https:\/\/ecolecaritas.be\/new\/wp-content\/uploads\/2015\/11\/2015-11-14-13.53.19-300x225.jpg 300w, https:\/\/ecolecaritas.be\/new\/wp-content\/uploads\/2015\/11\/2015-11-14-13.53.19-1024x768.jpg 1024w, https:\/\/ecolecaritas.be\/new\/wp-content\/uploads\/2015\/11\/2015-11-14-13.53.19-600x450.jpg 600w, https:\/\/ecolecaritas.be\/new\/wp-content\/uploads\/2015\/11\/2015-11-14-13.53.19-174x131.jpg 174w, https:\/\/ecolecaritas.be\/new\/wp-content\/uploads\/2015\/11\/2015-11-14-13.53.19-70x53.jpg 70w\" sizes=\"auto, (max-width: 300px) 100vw, 300px\" \/><\/a> <a href=\"https:\/\/ecolecaritas.be\/new\/wp-content\/uploads\/2015\/11\/2015-11-14-13.53.13.jpg\" data-rel=\"lightbox-image-8\" data-rl_title=\"\" data-rl_caption=\"\" title=\"\"><img loading=\"lazy\" decoding=\"async\" class=\"alignnone size-medium wp-image-1918\" src=\"https:\/\/ecolecaritas.be\/new\/wp-content\/uploads\/2015\/11\/2015-11-14-13.53.13-225x300.jpg\" alt=\"2015-11-14 13.53.13\" width=\"225\" height=\"300\" srcset=\"https:\/\/ecolecaritas.be\/new\/wp-content\/uploads\/2015\/11\/2015-11-14-13.53.13-225x300.jpg 225w, https:\/\/ecolecaritas.be\/new\/wp-content\/uploads\/2015\/11\/2015-11-14-13.53.13-768x1024.jpg 768w, https:\/\/ecolecaritas.be\/new\/wp-content\/uploads\/2015\/11\/2015-11-14-13.53.13-600x800.jpg 600w\" sizes=\"auto, (max-width: 225px) 100vw, 225px\" \/><\/a> <a href=\"https:\/\/ecolecaritas.be\/new\/wp-content\/uploads\/2015\/11\/2015-11-14-13.52.52.jpg\" data-rel=\"lightbox-image-9\" data-rl_title=\"\" data-rl_caption=\"\" title=\"\"><img loading=\"lazy\" decoding=\"async\" class=\"alignnone size-medium wp-image-1917\" src=\"https:\/\/ecolecaritas.be\/new\/wp-content\/uploads\/2015\/11\/2015-11-14-13.52.52-300x225.jpg\" alt=\"2015-11-14 13.52.52\" width=\"300\" height=\"225\" srcset=\"https:\/\/ecolecaritas.be\/new\/wp-content\/uploads\/2015\/11\/2015-11-14-13.52.52-300x225.jpg 300w, https:\/\/ecolecaritas.be\/new\/wp-content\/uploads\/2015\/11\/2015-11-14-13.52.52-1024x768.jpg 1024w, https:\/\/ecolecaritas.be\/new\/wp-content\/uploads\/2015\/11\/2015-11-14-13.52.52-600x450.jpg 600w, https:\/\/ecolecaritas.be\/new\/wp-content\/uploads\/2015\/11\/2015-11-14-13.52.52-174x131.jpg 174w, https:\/\/ecolecaritas.be\/new\/wp-content\/uploads\/2015\/11\/2015-11-14-13.52.52-70x53.jpg 70w\" sizes=\"auto, (max-width: 300px) 100vw, 300px\" \/><\/a> <a href=\"https:\/\/ecolecaritas.be\/new\/wp-content\/uploads\/2015\/11\/2015-11-14-10.40.00.jpg\" data-rel=\"lightbox-image-10\" data-rl_title=\"\" data-rl_caption=\"\" title=\"\"><img loading=\"lazy\" decoding=\"async\" class=\"alignnone size-medium wp-image-1915\" src=\"https:\/\/ecolecaritas.be\/new\/wp-content\/uploads\/2015\/11\/2015-11-14-10.40.00-300x225.jpg\" alt=\"2015-11-14 10.40.00\" width=\"300\" height=\"225\" srcset=\"https:\/\/ecolecaritas.be\/new\/wp-content\/uploads\/2015\/11\/2015-11-14-10.40.00-300x225.jpg 300w, https:\/\/ecolecaritas.be\/new\/wp-content\/uploads\/2015\/11\/2015-11-14-10.40.00-1024x768.jpg 1024w, https:\/\/ecolecaritas.be\/new\/wp-content\/uploads\/2015\/11\/2015-11-14-10.40.00-600x450.jpg 600w, https:\/\/ecolecaritas.be\/new\/wp-content\/uploads\/2015\/11\/2015-11-14-10.40.00-174x131.jpg 174w, https:\/\/ecolecaritas.be\/new\/wp-content\/uploads\/2015\/11\/2015-11-14-10.40.00-70x53.jpg 70w\" sizes=\"auto, (max-width: 300px) 100vw, 300px\" \/><\/a> <a href=\"https:\/\/ecolecaritas.be\/new\/wp-content\/uploads\/2015\/11\/2015-11-14-10.39.50.jpg\" data-rel=\"lightbox-image-11\" data-rl_title=\"\" data-rl_caption=\"\" title=\"\"><img loading=\"lazy\" decoding=\"async\" class=\"alignnone size-medium wp-image-1914\" src=\"https:\/\/ecolecaritas.be\/new\/wp-content\/uploads\/2015\/11\/2015-11-14-10.39.50-225x300.jpg\" alt=\"2015-11-14 10.39.50\" width=\"225\" height=\"300\" srcset=\"https:\/\/ecolecaritas.be\/new\/wp-content\/uploads\/2015\/11\/2015-11-14-10.39.50-225x300.jpg 225w, https:\/\/ecolecaritas.be\/new\/wp-content\/uploads\/2015\/11\/2015-11-14-10.39.50-768x1024.jpg 768w, https:\/\/ecolecaritas.be\/new\/wp-content\/uploads\/2015\/11\/2015-11-14-10.39.50-600x800.jpg 600w\" sizes=\"auto, (max-width: 225px) 100vw, 225px\" \/><\/a> <a href=\"https:\/\/ecolecaritas.be\/new\/wp-content\/uploads\/2015\/11\/2015-11-14-09.57.28.jpg\" data-rel=\"lightbox-image-12\" data-rl_title=\"\" data-rl_caption=\"\" title=\"\"><img loading=\"lazy\" decoding=\"async\" class=\"alignnone size-medium wp-image-1913\" src=\"https:\/\/ecolecaritas.be\/new\/wp-content\/uploads\/2015\/11\/2015-11-14-09.57.28-225x300.jpg\" alt=\"2015-11-14 09.57.28\" width=\"225\" height=\"300\" srcset=\"https:\/\/ecolecaritas.be\/new\/wp-content\/uploads\/2015\/11\/2015-11-14-09.57.28-225x300.jpg 225w, https:\/\/ecolecaritas.be\/new\/wp-content\/uploads\/2015\/11\/2015-11-14-09.57.28-768x1024.jpg 768w, https:\/\/ecolecaritas.be\/new\/wp-content\/uploads\/2015\/11\/2015-11-14-09.57.28-600x800.jpg 600w\" sizes=\"auto, (max-width: 225px) 100vw, 225px\" \/><\/a><\/p>\n<p>Et voil\u00e0 le r\u00e9sultat :<\/p>\n<p><a href=\"https:\/\/ecolecaritas.be\/new\/wp-content\/uploads\/2015\/11\/2015-11-16-16.14.46.jpg\" data-rel=\"lightbox-image-13\" data-rl_title=\"\" data-rl_caption=\"\" title=\"\"><img loading=\"lazy\" decoding=\"async\" class=\"alignnone size-medium wp-image-1943\" src=\"https:\/\/ecolecaritas.be\/new\/wp-content\/uploads\/2015\/11\/2015-11-16-16.14.46-300x225.jpg\" alt=\"2015-11-16 16.14.46\" width=\"300\" height=\"225\" srcset=\"https:\/\/ecolecaritas.be\/new\/wp-content\/uploads\/2015\/11\/2015-11-16-16.14.46-300x225.jpg 300w, https:\/\/ecolecaritas.be\/new\/wp-content\/uploads\/2015\/11\/2015-11-16-16.14.46-1024x768.jpg 1024w, https:\/\/ecolecaritas.be\/new\/wp-content\/uploads\/2015\/11\/2015-11-16-16.14.46-600x450.jpg 600w, https:\/\/ecolecaritas.be\/new\/wp-content\/uploads\/2015\/11\/2015-11-16-16.14.46-174x131.jpg 174w, https:\/\/ecolecaritas.be\/new\/wp-content\/uploads\/2015\/11\/2015-11-16-16.14.46-70x53.jpg 70w\" sizes=\"auto, (max-width: 300px) 100vw, 300px\" \/><\/a> <a href=\"https:\/\/ecolecaritas.be\/new\/wp-content\/uploads\/2015\/11\/2015-11-16-16.14.22.jpg\" data-rel=\"lightbox-image-14\" data-rl_title=\"\" data-rl_caption=\"\" title=\"\"><img loading=\"lazy\" decoding=\"async\" class=\"alignnone size-medium wp-image-1942\" src=\"https:\/\/ecolecaritas.be\/new\/wp-content\/uploads\/2015\/11\/2015-11-16-16.14.22-300x225.jpg\" alt=\"2015-11-16 16.14.22\" width=\"300\" height=\"225\" srcset=\"https:\/\/ecolecaritas.be\/new\/wp-content\/uploads\/2015\/11\/2015-11-16-16.14.22-300x225.jpg 300w, https:\/\/ecolecaritas.be\/new\/wp-content\/uploads\/2015\/11\/2015-11-16-16.14.22-1024x768.jpg 1024w, https:\/\/ecolecaritas.be\/new\/wp-content\/uploads\/2015\/11\/2015-11-16-16.14.22-600x450.jpg 600w, https:\/\/ecolecaritas.be\/new\/wp-content\/uploads\/2015\/11\/2015-11-16-16.14.22-174x131.jpg 174w, https:\/\/ecolecaritas.be\/new\/wp-content\/uploads\/2015\/11\/2015-11-16-16.14.22-70x53.jpg 70w\" sizes=\"auto, (max-width: 300px) 100vw, 300px\" \/><\/a> <a href=\"https:\/\/ecolecaritas.be\/new\/wp-content\/uploads\/2015\/11\/2015-11-16-16.14.11.jpg\" data-rel=\"lightbox-image-15\" data-rl_title=\"\" data-rl_caption=\"\" title=\"\"><img loading=\"lazy\" decoding=\"async\" class=\"alignnone size-medium wp-image-1941\" src=\"https:\/\/ecolecaritas.be\/new\/wp-content\/uploads\/2015\/11\/2015-11-16-16.14.11-225x300.jpg\" alt=\"2015-11-16 16.14.11\" width=\"225\" height=\"300\" srcset=\"https:\/\/ecolecaritas.be\/new\/wp-content\/uploads\/2015\/11\/2015-11-16-16.14.11-225x300.jpg 225w, https:\/\/ecolecaritas.be\/new\/wp-content\/uploads\/2015\/11\/2015-11-16-16.14.11-768x1024.jpg 768w, https:\/\/ecolecaritas.be\/new\/wp-content\/uploads\/2015\/11\/2015-11-16-16.14.11-600x800.jpg 600w\" sizes=\"auto, (max-width: 225px) 100vw, 225px\" \/><\/a> <a href=\"https:\/\/ecolecaritas.be\/new\/wp-content\/uploads\/2015\/11\/2015-11-16-16.13.40.jpg\" data-rel=\"lightbox-image-16\" data-rl_title=\"\" data-rl_caption=\"\" title=\"\"><img loading=\"lazy\" decoding=\"async\" class=\"alignnone size-medium wp-image-1940\" src=\"https:\/\/ecolecaritas.be\/new\/wp-content\/uploads\/2015\/11\/2015-11-16-16.13.40-300x225.jpg\" alt=\"2015-11-16 16.13.40\" width=\"300\" height=\"225\" srcset=\"https:\/\/ecolecaritas.be\/new\/wp-content\/uploads\/2015\/11\/2015-11-16-16.13.40-300x225.jpg 300w, https:\/\/ecolecaritas.be\/new\/wp-content\/uploads\/2015\/11\/2015-11-16-16.13.40-1024x768.jpg 1024w, https:\/\/ecolecaritas.be\/new\/wp-content\/uploads\/2015\/11\/2015-11-16-16.13.40-600x450.jpg 600w, https:\/\/ecolecaritas.be\/new\/wp-content\/uploads\/2015\/11\/2015-11-16-16.13.40-174x131.jpg 174w, https:\/\/ecolecaritas.be\/new\/wp-content\/uploads\/2015\/11\/2015-11-16-16.13.40-70x53.jpg 70w\" sizes=\"auto, (max-width: 300px) 100vw, 300px\" \/><\/a> <a href=\"https:\/\/ecolecaritas.be\/new\/wp-content\/uploads\/2015\/11\/2015-11-16-16.13.28.jpg\" data-rel=\"lightbox-image-17\" data-rl_title=\"\" data-rl_caption=\"\" title=\"\"><img loading=\"lazy\" decoding=\"async\" class=\"alignnone size-medium wp-image-1939\" src=\"https:\/\/ecolecaritas.be\/new\/wp-content\/uploads\/2015\/11\/2015-11-16-16.13.28-300x225.jpg\" alt=\"2015-11-16 16.13.28\" width=\"300\" height=\"225\" srcset=\"https:\/\/ecolecaritas.be\/new\/wp-content\/uploads\/2015\/11\/2015-11-16-16.13.28-300x225.jpg 300w, https:\/\/ecolecaritas.be\/new\/wp-content\/uploads\/2015\/11\/2015-11-16-16.13.28-1024x768.jpg 1024w, https:\/\/ecolecaritas.be\/new\/wp-content\/uploads\/2015\/11\/2015-11-16-16.13.28-600x450.jpg 600w, https:\/\/ecolecaritas.be\/new\/wp-content\/uploads\/2015\/11\/2015-11-16-16.13.28-174x131.jpg 174w, https:\/\/ecolecaritas.be\/new\/wp-content\/uploads\/2015\/11\/2015-11-16-16.13.28-70x53.jpg 70w\" sizes=\"auto, (max-width: 300px) 100vw, 300px\" \/><\/a> <a href=\"https:\/\/ecolecaritas.be\/new\/wp-content\/uploads\/2015\/11\/2015-11-16-11.19.42.jpg\" data-rel=\"lightbox-image-18\" data-rl_title=\"\" data-rl_caption=\"\" title=\"\"><img loading=\"lazy\" decoding=\"async\" class=\"alignnone size-medium wp-image-1938\" src=\"https:\/\/ecolecaritas.be\/new\/wp-content\/uploads\/2015\/11\/2015-11-16-11.19.42-225x300.jpg\" alt=\"2015-11-16 11.19.42\" width=\"225\" height=\"300\" srcset=\"https:\/\/ecolecaritas.be\/new\/wp-content\/uploads\/2015\/11\/2015-11-16-11.19.42-225x300.jpg 225w, https:\/\/ecolecaritas.be\/new\/wp-content\/uploads\/2015\/11\/2015-11-16-11.19.42-768x1024.jpg 768w, https:\/\/ecolecaritas.be\/new\/wp-content\/uploads\/2015\/11\/2015-11-16-11.19.42-600x800.jpg 600w\" sizes=\"auto, (max-width: 225px) 100vw, 225px\" \/><\/a> <a href=\"https:\/\/ecolecaritas.be\/new\/wp-content\/uploads\/2015\/11\/2015-11-16-11.14.32.jpg\" data-rel=\"lightbox-image-19\" data-rl_title=\"\" data-rl_caption=\"\" title=\"\"><img loading=\"lazy\" decoding=\"async\" class=\"alignnone size-medium wp-image-1937\" src=\"https:\/\/ecolecaritas.be\/new\/wp-content\/uploads\/2015\/11\/2015-11-16-11.14.32-300x225.jpg\" alt=\"2015-11-16 11.14.32\" width=\"300\" height=\"225\" srcset=\"https:\/\/ecolecaritas.be\/new\/wp-content\/uploads\/2015\/11\/2015-11-16-11.14.32-300x225.jpg 300w, https:\/\/ecolecaritas.be\/new\/wp-content\/uploads\/2015\/11\/2015-11-16-11.14.32-1024x768.jpg 1024w, https:\/\/ecolecaritas.be\/new\/wp-content\/uploads\/2015\/11\/2015-11-16-11.14.32-600x450.jpg 600w, https:\/\/ecolecaritas.be\/new\/wp-content\/uploads\/2015\/11\/2015-11-16-11.14.32-174x131.jpg 174w, https:\/\/ecolecaritas.be\/new\/wp-content\/uploads\/2015\/11\/2015-11-16-11.14.32-70x53.jpg 70w\" sizes=\"auto, (max-width: 300px) 100vw, 300px\" \/><\/a> <a href=\"https:\/\/ecolecaritas.be\/new\/wp-content\/uploads\/2015\/11\/2015-11-16-11.06.13.jpg\" data-rel=\"lightbox-image-20\" data-rl_title=\"\" data-rl_caption=\"\" title=\"\"><img loading=\"lazy\" decoding=\"async\" class=\"alignnone size-medium wp-image-1936\" src=\"https:\/\/ecolecaritas.be\/new\/wp-content\/uploads\/2015\/11\/2015-11-16-11.06.13-300x225.jpg\" alt=\"2015-11-16 11.06.13\" width=\"300\" height=\"225\" srcset=\"https:\/\/ecolecaritas.be\/new\/wp-content\/uploads\/2015\/11\/2015-11-16-11.06.13-300x225.jpg 300w, https:\/\/ecolecaritas.be\/new\/wp-content\/uploads\/2015\/11\/2015-11-16-11.06.13-1024x768.jpg 1024w, https:\/\/ecolecaritas.be\/new\/wp-content\/uploads\/2015\/11\/2015-11-16-11.06.13-600x450.jpg 600w, https:\/\/ecolecaritas.be\/new\/wp-content\/uploads\/2015\/11\/2015-11-16-11.06.13-174x131.jpg 174w, https:\/\/ecolecaritas.be\/new\/wp-content\/uploads\/2015\/11\/2015-11-16-11.06.13-70x53.jpg 70w\" sizes=\"auto, (max-width: 300px) 100vw, 300px\" \/><\/a> <a href=\"https:\/\/ecolecaritas.be\/new\/wp-content\/uploads\/2015\/11\/2015-11-16-11.06.03.jpg\" data-rel=\"lightbox-image-21\" data-rl_title=\"\" data-rl_caption=\"\" title=\"\"><img loading=\"lazy\" decoding=\"async\" class=\"alignnone size-medium wp-image-1935\" src=\"https:\/\/ecolecaritas.be\/new\/wp-content\/uploads\/2015\/11\/2015-11-16-11.06.03-300x225.jpg\" alt=\"2015-11-16 11.06.03\" width=\"300\" height=\"225\" srcset=\"https:\/\/ecolecaritas.be\/new\/wp-content\/uploads\/2015\/11\/2015-11-16-11.06.03-300x225.jpg 300w, https:\/\/ecolecaritas.be\/new\/wp-content\/uploads\/2015\/11\/2015-11-16-11.06.03-1024x768.jpg 1024w, https:\/\/ecolecaritas.be\/new\/wp-content\/uploads\/2015\/11\/2015-11-16-11.06.03-600x450.jpg 600w, https:\/\/ecolecaritas.be\/new\/wp-content\/uploads\/2015\/11\/2015-11-16-11.06.03-174x131.jpg 174w, https:\/\/ecolecaritas.be\/new\/wp-content\/uploads\/2015\/11\/2015-11-16-11.06.03-70x53.jpg 70w\" sizes=\"auto, (max-width: 300px) 100vw, 300px\" \/><\/a> <a href=\"https:\/\/ecolecaritas.be\/new\/wp-content\/uploads\/2015\/11\/2015-11-16-11.05.18.jpg\" data-rel=\"lightbox-image-22\" data-rl_title=\"\" data-rl_caption=\"\" title=\"\"><img loading=\"lazy\" decoding=\"async\" class=\"alignnone size-medium wp-image-1934\" src=\"https:\/\/ecolecaritas.be\/new\/wp-content\/uploads\/2015\/11\/2015-11-16-11.05.18-300x225.jpg\" alt=\"2015-11-16 11.05.18\" width=\"300\" height=\"225\" srcset=\"https:\/\/ecolecaritas.be\/new\/wp-content\/uploads\/2015\/11\/2015-11-16-11.05.18-300x225.jpg 300w, https:\/\/ecolecaritas.be\/new\/wp-content\/uploads\/2015\/11\/2015-11-16-11.05.18-1024x768.jpg 1024w, https:\/\/ecolecaritas.be\/new\/wp-content\/uploads\/2015\/11\/2015-11-16-11.05.18-600x450.jpg 600w, https:\/\/ecolecaritas.be\/new\/wp-content\/uploads\/2015\/11\/2015-11-16-11.05.18-174x131.jpg 174w, https:\/\/ecolecaritas.be\/new\/wp-content\/uploads\/2015\/11\/2015-11-16-11.05.18-70x53.jpg 70w\" sizes=\"auto, (max-width: 300px) 100vw, 300px\" \/><\/a> <a href=\"https:\/\/ecolecaritas.be\/new\/wp-content\/uploads\/2015\/11\/2015-11-16-09.30.27.jpg\" data-rel=\"lightbox-image-23\" data-rl_title=\"\" data-rl_caption=\"\" title=\"\"><img loading=\"lazy\" decoding=\"async\" class=\"alignnone size-medium wp-image-1933\" src=\"https:\/\/ecolecaritas.be\/new\/wp-content\/uploads\/2015\/11\/2015-11-16-09.30.27-300x225.jpg\" alt=\"2015-11-16 09.30.27\" width=\"300\" height=\"225\" srcset=\"https:\/\/ecolecaritas.be\/new\/wp-content\/uploads\/2015\/11\/2015-11-16-09.30.27-300x225.jpg 300w, https:\/\/ecolecaritas.be\/new\/wp-content\/uploads\/2015\/11\/2015-11-16-09.30.27-1024x768.jpg 1024w, https:\/\/ecolecaritas.be\/new\/wp-content\/uploads\/2015\/11\/2015-11-16-09.30.27-600x450.jpg 600w, https:\/\/ecolecaritas.be\/new\/wp-content\/uploads\/2015\/11\/2015-11-16-09.30.27-174x131.jpg 174w, https:\/\/ecolecaritas.be\/new\/wp-content\/uploads\/2015\/11\/2015-11-16-09.30.27-70x53.jpg 70w\" sizes=\"auto, (max-width: 300px) 100vw, 300px\" \/><\/a> <a href=\"https:\/\/ecolecaritas.be\/new\/wp-content\/uploads\/2015\/11\/2015-11-16-09.30.05.jpg\" data-rel=\"lightbox-image-24\" data-rl_title=\"\" data-rl_caption=\"\" title=\"\"><img loading=\"lazy\" decoding=\"async\" class=\"alignnone size-medium wp-image-1932\" src=\"https:\/\/ecolecaritas.be\/new\/wp-content\/uploads\/2015\/11\/2015-11-16-09.30.05-300x225.jpg\" alt=\"2015-11-16 09.30.05\" width=\"300\" height=\"225\" srcset=\"https:\/\/ecolecaritas.be\/new\/wp-content\/uploads\/2015\/11\/2015-11-16-09.30.05-300x225.jpg 300w, https:\/\/ecolecaritas.be\/new\/wp-content\/uploads\/2015\/11\/2015-11-16-09.30.05-1024x768.jpg 1024w, https:\/\/ecolecaritas.be\/new\/wp-content\/uploads\/2015\/11\/2015-11-16-09.30.05-600x450.jpg 600w, https:\/\/ecolecaritas.be\/new\/wp-content\/uploads\/2015\/11\/2015-11-16-09.30.05-174x131.jpg 174w, https:\/\/ecolecaritas.be\/new\/wp-content\/uploads\/2015\/11\/2015-11-16-09.30.05-70x53.jpg 70w\" sizes=\"auto, (max-width: 300px) 100vw, 300px\" \/><\/a><\/p>\n","protected":false},"excerpt":{"rendered":"<div class=\"mh-excerpt\"><p>Ce w-e, parents, enseignants et enfants se sont d\u00e9men\u00e9s pour remettre en couleurs la classe d&rsquo;accueil ! Des couleurs tendres et peps qui ont suscit\u00e9 <a class=\"mh-excerpt-more\" href=\"https:\/\/ecolecaritas.be\/new\/une-classe-toute-neuve\/\" title=\"Une  classe toute neuve !\">[&#8230;]<\/a><\/p>\n<\/div>","protected":false},"author":5,"featured_media":1943,"comment_status":"closed","ping_status":"closed","sticky":false,"template":"","format":"standard","meta":{"footnotes":""},"categories":[3,7,1],"tags":[],"class_list":["post-1945","post","type-post","status-publish","format-standard","has-post-thumbnail","hentry","category-accueil","category-mat","category-uncategorized"],"_links":{"self":[{"href":"https:\/\/ecolecaritas.be\/new\/wp-json\/wp\/v2\/posts\/1945","targetHints":{"allow":["GET"]}}],"collection":[{"href":"https:\/\/ecolecaritas.be\/new\/wp-json\/wp\/v2\/posts"}],"about":[{"href":"https:\/\/ecolecaritas.be\/new\/wp-json\/wp\/v2\/types\/post"}],"author":[{"embeddable":true,"href":"https:\/\/ecolecaritas.be\/new\/wp-json\/wp\/v2\/users\/5"}],"replies":[{"embeddable":true,"href":"https:\/\/ecolecaritas.be\/new\/wp-json\/wp\/v2\/comments?post=1945"}],"version-history":[{"count":1,"href":"https:\/\/ecolecaritas.be\/new\/wp-json\/wp\/v2\/posts\/1945\/revisions"}],"predecessor-version":[{"id":1946,"href":"https:\/\/ecolecaritas.be\/new\/wp-json\/wp\/v2\/posts\/1945\/revisions\/1946"}],"wp:featuredmedia":[{"embeddable":true,"href":"https:\/\/ecolecaritas.be\/new\/wp-json\/wp\/v2\/media\/1943"}],"wp:attachment":[{"href":"https:\/\/ecolecaritas.be\/new\/wp-json\/wp\/v2\/media?parent=1945"}],"wp:term":[{"taxonomy":"category","embeddable":true,"href":"https:\/\/ecolecaritas.be\/new\/wp-json\/wp\/v2\/categories?post=1945"},{"taxonomy":"post_tag","embeddable":true,"href":"https:\/\/ecolecaritas.be\/new\/wp-json\/wp\/v2\/tags?post=1945"}],"curies":[{"name":"wp","href":"https:\/\/api.w.org\/{rel}","templated":true}]}}