{"id":2079,"date":"2015-11-27T15:52:22","date_gmt":"2015-11-27T15:52:22","guid":{"rendered":"http:\/\/ecolecaritas.be\/new\/?p=2079"},"modified":"2015-11-27T15:52:22","modified_gmt":"2015-11-27T15:52:22","slug":"a-mediter","status":"publish","type":"post","link":"https:\/\/ecolecaritas.be\/new\/a-mediter\/","title":{"rendered":"A m\u00e9diter&#8230;"},"content":{"rendered":"<p>Une maman m&rsquo;a fait parvenir, il y a d\u00e9j\u00e0 quelques semaines, le texte que vous lirez ci-dessous. Je l&rsquo;en remercie vivement.<\/p>\n<p>Apr\u00e8s l&rsquo;avoir partag\u00e9 avec les enseignants, il me semble int\u00e9ressant de vous le soumettre aussi&#8230;<\/p>\n<p>_____________________________________________________________________________________________<\/p>\n<p>&nbsp;<\/p>\n<p><strong>\u201cChers parents : \u00e0 propos de CET enfant\u2026\u201d, par Amy Murray.<\/strong><\/p>\n<p>&nbsp;<\/p>\n<p><em>Chers parents,<\/em><\/p>\n<p><em>Je sais. Vous \u00eates inquiets. Chaque jour, votre enfant rentre \u00e0 la maison et vous parle de CET enfant. Celui qui est toujours occup\u00e9 \u00e0 frapper, pincer, griffer et m\u00eame parfois mordre les autres enfants. Celui \u00e0 qui je dois toujours tenir la main dans le couloir. Celui qui a son coin sp\u00e9cial sur le tapis de jeu et pr\u00e9f\u00e8re s\u2019asseoir sur une chaise plut\u00f4t que par terre. Celui qui a d\u00fb quitter la classe parce qu\u2019on ne jette pas les jouets. Celui qui a grimp\u00e9 la grille de la cour alors que je lui disais d\u2019arr\u00eater. Celui qui a asperg\u00e9 le sol avec le lait de son voisin parce qu\u2019il \u00e9tait en col\u00e8re. Expr\u00e8s. Alors que je le regardais. Et quand je lui ai demand\u00e9 de nettoyer, il a vid\u00e9 le rouleau de sopalin. Expr\u00e8s. Alors que je le regardais. Celui qui a prononc\u00e9 le mot en M en cours de gym.<\/em><\/p>\n<p><em>Vous \u00eates inquiet que CET enfant n\u2019emp\u00eache le v\u00f4tre d\u2019apprendre. Vous avez peur qu\u2019il me prenne trop de temps et d\u2019\u00e9nergie pour que le v\u00f4tre ait sa part d\u2019attention. Vous avez peur qu\u2019il ne blesse quelqu\u2019un un jour. Vous avez peur que ce \u201cquelqu\u2019un\u201d soit votre enfant. Vous avez peur que votre enfant ne devienne agressif pour obtenir ce qu\u2019il veut. Vous avez peur que votre enfant ne devienne un cancre parce que je n\u2019aurais pas remarqu\u00e9 qu\u2019il a du mal \u00e0 \u00e9crire. Je sais.<\/em><\/p>\n<p><em>Votre enfant, \u00e0 son \u00e2ge et dans cette classe, n\u2019est pas CET enfant. Votre enfant n\u2019est pas parfait, mais en g\u00e9n\u00e9ral, il ob\u00e9it. Il partage ses jouets sans probl\u00e8me. Il ne jette pas son mat\u00e9riel. Il l\u00e8ve la main pour parler. Il travaille quand c\u2019est l\u2019heure de travailler, et joue quand c\u2019est l\u2019heure de jouer. On peut le laisser aller seul aux toilettes et en revenir sans craindre une mauvaise blague. Il pense que le mot en P est \u201cpur\u00e9e\u201d et que le mot en M est \u201cmercredi\u201d. Je sais.<\/em><\/p>\n<p><em>Je sais, et je m\u2019en inqui\u00e8te aussi.<\/em><\/p>\n<p><em>Vous savez, je m\u2019inqui\u00e8te tout le temps. Pour TOUS les enfants. Je m\u2019inqui\u00e8te de l\u2019\u00e9criture de votre enfant, de la prononciation d\u2019un autre, de la timidit\u00e9 de celui-ci ou de tel autre qui ne mange pas le midi. J\u2019ai peur que le manteau de Gavin ne soit pas assez chaud et que le p\u00e8re de Talitha ne la gronde parce qu\u2019elle \u00e9crit les B \u00e0 l\u2019envers. Tous mes trajets en voiture et toutes mes douches, je les passe \u00e0 m\u2019inqui\u00e9ter.<\/em><\/p>\n<p><em>Mais je le sais, vous voulez parler de CET enfant. Parce que les B \u00e0 l\u2019envers de Talitha ne causeront pas un oeil au beurre noir \u00e0 votre enfant.<\/em><\/p>\n<p><em>Moi aussi je veux parler de CET enfant, mais il y a tellement de choses que je n\u2019aurais pas le droit de vous dire.<\/em><\/p>\n<p><em>Je ne \u00a0pourrais pas vous dire qu\u2019il a \u00e9t\u00e9 adopt\u00e9 dans un orphelinat quand il avait 18 mois.<\/em><\/p>\n<p><em>Je ne pourrais pas vous dire qu\u2019il suit un r\u00e9gime sp\u00e9cial \u00e0 cause de ses allergies alimentaires et qu\u2019il a faim TOUT LE TEMPS.<\/em><\/p>\n<p><em>Je ne pourrais pas vous dire que ses parents sont en plein divorce et qu\u2019il habite chez sa grand-m\u00e8re.<\/em><\/p>\n<p><em>Je ne pourrais pas vous dire que j\u2019ai peur que sa grand-m\u00e8re ne commence \u00e0 boire\u2026<\/em><\/p>\n<p><em>Je ne pourrais pas vous dire que son traitement contre l\u2019asthme le rend agit\u00e9.<\/em><\/p>\n<p><em>Je ne pourrais pas vous dire que sa m\u00e8re est seule, et que cet enfant est \u00e0 la garderie \u00e0 la seconde o\u00f9 elle ouvre jusqu\u2019\u00e0 la seconde o\u00f9 elle ferme le soir. Il a ensuite 40 minutes de trajet pour rentrer chez lui, et dors donc moins que la plupart des adultes.<\/em><\/p>\n<p><em>Je ne pourrais pas vous dire qu\u2019il a assist\u00e9 \u00e0 des violences domestiques.<\/em><\/p>\n<p><em>Vous comprenez. Vous savez que je ne peux pas divulguer d\u2019informations personnelles. Vous voulez juste savoir ce que je FAIS \u00e0 propos du comportement de CET enfant.<\/em><\/p>\n<p><em>J\u2019aimerais vous le dire. Mais je ne peux pas.<\/em><\/p>\n<p><em>Je ne peux pas vous dire qu\u2019il re\u00e7oit des cours d\u2019orthophonie, qu\u2019un examen a r\u00e9v\u00e9l\u00e9 un retard de langage, et qu\u2019un th\u00e9rapeute a li\u00e9 son agressivit\u00e9 \u00e0 ses difficult\u00e9s \u00e0 communiquer.<\/em><\/p>\n<p><em>Je ne peux pas vous dire que je rencontre ses parents TOUTES les semaines, et que le plus souvent, ils crient pendant ces rencontres.<\/em><\/p>\n<p><em>Je ne peux pas vous dire que cet enfant et moi avons un signal secret avec nos mains quand il veut s\u2019asseoir tout seul dans son coin.<\/em><\/p>\n<p><em>Je ne peux pas vous dire qu\u2019il passe le temps de la sieste blotti sur mes genoux parce que sentir mon coeur battre \u201cle fait se sentir bien\u201d.<\/em><\/p>\n<p><em>Je ne peux pas vous dire que depuis trois mois, je note chacun de ses acc\u00e8s de col\u00e8re et que leur nombre a baiss\u00e9 de 5 par jour \u00e0 5 par semaine.<\/em><\/p>\n<p><em>Je ne peux pas vous dire que le secr\u00e9taire de l\u2019\u00e9cole a accept\u00e9 que je l\u2019envoie dans son bureau quand il a besoin de prendre l\u2019air.<\/em><\/p>\n<p><em>Je ne peux pas vous dire qu\u2019\u00e0 une r\u00e9union de professeurs, les larmes aux yeux, j\u2019ai suppli\u00e9 mes coll\u00e8gues de le surveiller de pr\u00e8s, de lui pr\u00eater attention, m\u00eame quand ils sont en col\u00e8re parce qu\u2019il a encore frapp\u00e9 quelqu\u2019un JUSTE DEVANT EUX.<\/em><\/p>\n<p><em>Le truc c\u2019est qu\u2019il y a TELLEMENT DE CHOSES que je ne pas dire \u00e0 propos de cet enfant. M\u00eame les bonnes choses je ne peux pas vous les dire.<\/em><\/p>\n<p><em>Je ne peux pas vous dire que son travail dans la classe est d\u2019arroser les plantes, et que quand l\u2019une d\u2019elle est morte pendant l\u2019hiver, il a pleur\u00e9 toutes les larmes de son corps.<\/em><\/p>\n<p><em>Je ne peux pas vous dire qu\u2019il embrasse sa petite soeur tous les matins pour lui dire au revoir, et lui murmure \u201cTu es mon soleil\u201d avant que sa m\u00e8re n\u2019emporte la poussette.<\/em><\/p>\n<p><em>Je ne peux pas vous dire qu\u2019il en sait plus \u00e0 propos des orages que bien des m\u00e9t\u00e9orologues.<\/em><\/p>\n<p><em>Je ne peux pas vous dire qu\u2019il me propose souvent d\u2019aider \u00e0 tailler les crayons pendant les r\u00e9cr\u00e9ations.<\/em><\/p>\n<p><em>Je ne peux pas vous dire qu\u2019il coiffe les cheveux de sa meilleure amie pendant la sieste.<\/em><\/p>\n<p><em>Je ne peux pas vous dire que lorsqu\u2019un de ses camarades pleure, il se pr\u00e9cipite pour lui lire une de ses histoires pr\u00e9f\u00e9r\u00e9es.<\/em><\/p>\n<p><em>Le truc, chers parents, c\u2019est que je ne peux vous parler que de VOTRE enfant. Alors je peux vous dire ceci :<\/em><\/p>\n<p><em>Si jamais un jour VOTRE enfant devient CET enfant\u2026<\/em><\/p>\n<p><em>Je ne partagerai pas vos histoires de famille avec d\u2019autres parents.<\/em><\/p>\n<p><em>Je communiquerai avec vous r\u00e9guli\u00e8rement, clairement, et gentiment.<\/em><\/p>\n<p><em>Je m\u2019assurerai qu\u2019il y a des mouchoirs sur mon bureau pendant nos rencontres, je vous tiendrai la main si vous pleurez.<\/em><\/p>\n<p><em>Je me battrai pour que vous receviez les services des meilleurs sp\u00e9cialistes, et je coop\u00e9rerai avec eux pour obtenir les meilleurs r\u00e9sultats.<\/em><\/p>\n<p><em>Je m\u2019assurerai que votre enfant re\u00e7oive le surplus d\u2019amour et d\u2019attention dont il a besoin.<\/em><\/p>\n<p><em>Je porterai sa voix aupr\u00e8s du personnel de l\u2019\u00e9cole.<\/em><\/p>\n<p><em>Quoiqu\u2019il arrive, je continuerai \u00e0 chercher tous ses bons c\u00f4t\u00e9s, toutes ses qualit\u00e9s et tout ce qui le rend exceptionnel.<\/em><\/p>\n<p><em>Je lui rappellerai ces choses, ainsi qu\u2019\u00e0 vous, encore et encore.<\/em><\/p>\n<p><em>Et quand un parent viendra se plaindre de VOTRE enfant\u2026<\/em><\/p>\n<p><em>Je lui r\u00e9p\u00e8terai tout \u00e7a, encore et encore.<\/em><\/p>\n<p><em>Avec tout mon amour;<\/em><\/p>\n<p><em>La ma\u00eetresse.<\/em><\/p>\n<p>&nbsp;<\/p>\n","protected":false},"excerpt":{"rendered":"<div class=\"mh-excerpt\"><p>Une maman m&rsquo;a fait parvenir, il y a d\u00e9j\u00e0 quelques semaines, le texte que vous lirez ci-dessous. Je l&rsquo;en remercie vivement. Apr\u00e8s l&rsquo;avoir partag\u00e9 avec <a class=\"mh-excerpt-more\" href=\"https:\/\/ecolecaritas.be\/new\/a-mediter\/\" title=\"A m\u00e9diter&#8230;\">[&#8230;]<\/a><\/p>\n<\/div>","protected":false},"author":4,"featured_media":2080,"comment_status":"closed","ping_status":"closed","sticky":false,"template":"","format":"standard","meta":{"footnotes":""},"categories":[3],"tags":[],"class_list":["post-2079","post","type-post","status-publish","format-standard","has-post-thumbnail","hentry","category-accueil"],"_links":{"self":[{"href":"https:\/\/ecolecaritas.be\/new\/wp-json\/wp\/v2\/posts\/2079","targetHints":{"allow":["GET"]}}],"collection":[{"href":"https:\/\/ecolecaritas.be\/new\/wp-json\/wp\/v2\/posts"}],"about":[{"href":"https:\/\/ecolecaritas.be\/new\/wp-json\/wp\/v2\/types\/post"}],"author":[{"embeddable":true,"href":"https:\/\/ecolecaritas.be\/new\/wp-json\/wp\/v2\/users\/4"}],"replies":[{"embeddable":true,"href":"https:\/\/ecolecaritas.be\/new\/wp-json\/wp\/v2\/comments?post=2079"}],"version-history":[{"count":1,"href":"https:\/\/ecolecaritas.be\/new\/wp-json\/wp\/v2\/posts\/2079\/revisions"}],"predecessor-version":[{"id":2081,"href":"https:\/\/ecolecaritas.be\/new\/wp-json\/wp\/v2\/posts\/2079\/revisions\/2081"}],"wp:featuredmedia":[{"embeddable":true,"href":"https:\/\/ecolecaritas.be\/new\/wp-json\/wp\/v2\/media\/2080"}],"wp:attachment":[{"href":"https:\/\/ecolecaritas.be\/new\/wp-json\/wp\/v2\/media?parent=2079"}],"wp:term":[{"taxonomy":"category","embeddable":true,"href":"https:\/\/ecolecaritas.be\/new\/wp-json\/wp\/v2\/categories?post=2079"},{"taxonomy":"post_tag","embeddable":true,"href":"https:\/\/ecolecaritas.be\/new\/wp-json\/wp\/v2\/tags?post=2079"}],"curies":[{"name":"wp","href":"https:\/\/api.w.org\/{rel}","templated":true}]}}