{"id":2143,"date":"2015-12-07T14:07:29","date_gmt":"2015-12-07T14:07:29","guid":{"rendered":"http:\/\/ecolecaritas.be\/new\/?p=2143"},"modified":"2015-12-07T14:16:08","modified_gmt":"2015-12-07T14:16:08","slug":"les-lettres-en-maternelles","status":"publish","type":"post","link":"https:\/\/ecolecaritas.be\/new\/les-lettres-en-maternelles\/","title":{"rendered":"les lettres en maternelles"},"content":{"rendered":"<p>Premier pas vers la lecture et l&rsquo;\u00e9criture pour la classe d&rsquo;accueil\/1\u00e8re maternelle !<\/p>\n<p>Je reconnais la premi\u00e8re lettre de mon pr\u00e9nom et je la d\u00e9core de graphismes.<\/p>\n<p><a href=\"https:\/\/ecolecaritas.be\/new\/wp-content\/uploads\/2015\/12\/2015-12-01-11.13.16.jpg\" data-rel=\"lightbox-image-0\" data-rl_title=\"\" data-rl_caption=\"\" title=\"\"><img loading=\"lazy\" decoding=\"async\" class=\"alignnone size-medium wp-image-2142\" src=\"https:\/\/ecolecaritas.be\/new\/wp-content\/uploads\/2015\/12\/2015-12-01-11.13.16-225x300.jpg\" alt=\"2015-12-01 11.13.16\" width=\"225\" height=\"300\" srcset=\"https:\/\/ecolecaritas.be\/new\/wp-content\/uploads\/2015\/12\/2015-12-01-11.13.16-225x300.jpg 225w, https:\/\/ecolecaritas.be\/new\/wp-content\/uploads\/2015\/12\/2015-12-01-11.13.16-768x1024.jpg 768w, https:\/\/ecolecaritas.be\/new\/wp-content\/uploads\/2015\/12\/2015-12-01-11.13.16-600x800.jpg 600w\" sizes=\"auto, (max-width: 225px) 100vw, 225px\" \/><\/a> <a href=\"https:\/\/ecolecaritas.be\/new\/wp-content\/uploads\/2015\/12\/2015-12-01-11.13.08.jpg\" data-rel=\"lightbox-image-1\" data-rl_title=\"\" data-rl_caption=\"\" title=\"\"><img loading=\"lazy\" decoding=\"async\" class=\"alignnone size-medium wp-image-2141\" src=\"https:\/\/ecolecaritas.be\/new\/wp-content\/uploads\/2015\/12\/2015-12-01-11.13.08-225x300.jpg\" alt=\"2015-12-01 11.13.08\" width=\"225\" height=\"300\" srcset=\"https:\/\/ecolecaritas.be\/new\/wp-content\/uploads\/2015\/12\/2015-12-01-11.13.08-225x300.jpg 225w, https:\/\/ecolecaritas.be\/new\/wp-content\/uploads\/2015\/12\/2015-12-01-11.13.08-768x1024.jpg 768w, https:\/\/ecolecaritas.be\/new\/wp-content\/uploads\/2015\/12\/2015-12-01-11.13.08-600x800.jpg 600w\" sizes=\"auto, (max-width: 225px) 100vw, 225px\" \/><\/a> <a href=\"https:\/\/ecolecaritas.be\/new\/wp-content\/uploads\/2015\/12\/2015-11-27-09.19.38.jpg\" data-rel=\"lightbox-image-2\" data-rl_title=\"\" data-rl_caption=\"\" title=\"\"><img loading=\"lazy\" decoding=\"async\" class=\"alignnone size-medium wp-image-2140\" src=\"https:\/\/ecolecaritas.be\/new\/wp-content\/uploads\/2015\/12\/2015-11-27-09.19.38-225x300.jpg\" alt=\"2015-11-27 09.19.38\" width=\"225\" height=\"300\" srcset=\"https:\/\/ecolecaritas.be\/new\/wp-content\/uploads\/2015\/12\/2015-11-27-09.19.38-225x300.jpg 225w, https:\/\/ecolecaritas.be\/new\/wp-content\/uploads\/2015\/12\/2015-11-27-09.19.38-768x1024.jpg 768w, https:\/\/ecolecaritas.be\/new\/wp-content\/uploads\/2015\/12\/2015-11-27-09.19.38-600x800.jpg 600w\" sizes=\"auto, (max-width: 225px) 100vw, 225px\" \/><\/a> <a href=\"https:\/\/ecolecaritas.be\/new\/wp-content\/uploads\/2015\/12\/2015-11-27-09.19.28.jpg\" data-rel=\"lightbox-image-3\" data-rl_title=\"\" data-rl_caption=\"\" title=\"\"><img loading=\"lazy\" decoding=\"async\" class=\"alignnone size-medium wp-image-2139\" src=\"https:\/\/ecolecaritas.be\/new\/wp-content\/uploads\/2015\/12\/2015-11-27-09.19.28-225x300.jpg\" alt=\"2015-11-27 09.19.28\" width=\"225\" height=\"300\" srcset=\"https:\/\/ecolecaritas.be\/new\/wp-content\/uploads\/2015\/12\/2015-11-27-09.19.28-225x300.jpg 225w, https:\/\/ecolecaritas.be\/new\/wp-content\/uploads\/2015\/12\/2015-11-27-09.19.28-768x1024.jpg 768w, https:\/\/ecolecaritas.be\/new\/wp-content\/uploads\/2015\/12\/2015-11-27-09.19.28-600x800.jpg 600w\" sizes=\"auto, (max-width: 225px) 100vw, 225px\" \/><\/a> <a href=\"https:\/\/ecolecaritas.be\/new\/wp-content\/uploads\/2015\/12\/2015-11-27-09.19.26.jpg\" data-rel=\"lightbox-image-4\" data-rl_title=\"\" data-rl_caption=\"\" title=\"\"><img loading=\"lazy\" decoding=\"async\" class=\"alignnone size-medium wp-image-2138\" src=\"https:\/\/ecolecaritas.be\/new\/wp-content\/uploads\/2015\/12\/2015-11-27-09.19.26-225x300.jpg\" alt=\"2015-11-27 09.19.26\" width=\"225\" height=\"300\" srcset=\"https:\/\/ecolecaritas.be\/new\/wp-content\/uploads\/2015\/12\/2015-11-27-09.19.26-225x300.jpg 225w, https:\/\/ecolecaritas.be\/new\/wp-content\/uploads\/2015\/12\/2015-11-27-09.19.26-768x1024.jpg 768w, https:\/\/ecolecaritas.be\/new\/wp-content\/uploads\/2015\/12\/2015-11-27-09.19.26-600x800.jpg 600w\" sizes=\"auto, (max-width: 225px) 100vw, 225px\" \/><\/a> <a href=\"https:\/\/ecolecaritas.be\/new\/wp-content\/uploads\/2015\/12\/2015-11-27-09.19.24.jpg\" data-rel=\"lightbox-image-5\" data-rl_title=\"\" data-rl_caption=\"\" title=\"\"><img loading=\"lazy\" decoding=\"async\" class=\"alignnone size-medium wp-image-2137\" src=\"https:\/\/ecolecaritas.be\/new\/wp-content\/uploads\/2015\/12\/2015-11-27-09.19.24-225x300.jpg\" alt=\"2015-11-27 09.19.24\" width=\"225\" height=\"300\" srcset=\"https:\/\/ecolecaritas.be\/new\/wp-content\/uploads\/2015\/12\/2015-11-27-09.19.24-225x300.jpg 225w, https:\/\/ecolecaritas.be\/new\/wp-content\/uploads\/2015\/12\/2015-11-27-09.19.24-768x1024.jpg 768w, https:\/\/ecolecaritas.be\/new\/wp-content\/uploads\/2015\/12\/2015-11-27-09.19.24-600x800.jpg 600w\" sizes=\"auto, (max-width: 225px) 100vw, 225px\" \/><\/a> <a href=\"https:\/\/ecolecaritas.be\/new\/wp-content\/uploads\/2015\/12\/2015-11-27-09.19.20.jpg\" data-rel=\"lightbox-image-6\" data-rl_title=\"\" data-rl_caption=\"\" title=\"\"><img loading=\"lazy\" decoding=\"async\" class=\"alignnone size-medium wp-image-2136\" src=\"https:\/\/ecolecaritas.be\/new\/wp-content\/uploads\/2015\/12\/2015-11-27-09.19.20-225x300.jpg\" alt=\"2015-11-27 09.19.20\" width=\"225\" height=\"300\" srcset=\"https:\/\/ecolecaritas.be\/new\/wp-content\/uploads\/2015\/12\/2015-11-27-09.19.20-225x300.jpg 225w, https:\/\/ecolecaritas.be\/new\/wp-content\/uploads\/2015\/12\/2015-11-27-09.19.20-768x1024.jpg 768w, https:\/\/ecolecaritas.be\/new\/wp-content\/uploads\/2015\/12\/2015-11-27-09.19.20-600x800.jpg 600w\" sizes=\"auto, (max-width: 225px) 100vw, 225px\" \/><\/a> <a href=\"https:\/\/ecolecaritas.be\/new\/wp-content\/uploads\/2015\/12\/2015-11-27-09.19.18.jpg\" data-rel=\"lightbox-image-7\" data-rl_title=\"\" data-rl_caption=\"\" title=\"\"><img loading=\"lazy\" decoding=\"async\" class=\"alignnone size-medium wp-image-2135\" src=\"https:\/\/ecolecaritas.be\/new\/wp-content\/uploads\/2015\/12\/2015-11-27-09.19.18-225x300.jpg\" alt=\"2015-11-27 09.19.18\" width=\"225\" height=\"300\" srcset=\"https:\/\/ecolecaritas.be\/new\/wp-content\/uploads\/2015\/12\/2015-11-27-09.19.18-225x300.jpg 225w, https:\/\/ecolecaritas.be\/new\/wp-content\/uploads\/2015\/12\/2015-11-27-09.19.18-768x1024.jpg 768w, https:\/\/ecolecaritas.be\/new\/wp-content\/uploads\/2015\/12\/2015-11-27-09.19.18-600x800.jpg 600w\" sizes=\"auto, (max-width: 225px) 100vw, 225px\" \/><\/a> <a href=\"https:\/\/ecolecaritas.be\/new\/wp-content\/uploads\/2015\/12\/2015-11-27-09.19.12.jpg\" data-rel=\"lightbox-image-8\" data-rl_title=\"\" data-rl_caption=\"\" title=\"\"><img loading=\"lazy\" decoding=\"async\" class=\"alignnone size-medium wp-image-2134\" src=\"https:\/\/ecolecaritas.be\/new\/wp-content\/uploads\/2015\/12\/2015-11-27-09.19.12-225x300.jpg\" alt=\"2015-11-27 09.19.12\" width=\"225\" height=\"300\" srcset=\"https:\/\/ecolecaritas.be\/new\/wp-content\/uploads\/2015\/12\/2015-11-27-09.19.12-225x300.jpg 225w, https:\/\/ecolecaritas.be\/new\/wp-content\/uploads\/2015\/12\/2015-11-27-09.19.12-768x1024.jpg 768w, https:\/\/ecolecaritas.be\/new\/wp-content\/uploads\/2015\/12\/2015-11-27-09.19.12-600x800.jpg 600w\" sizes=\"auto, (max-width: 225px) 100vw, 225px\" \/><\/a> <a href=\"https:\/\/ecolecaritas.be\/new\/wp-content\/uploads\/2015\/12\/2015-11-27-09.19.08.jpg\" data-rel=\"lightbox-image-9\" data-rl_title=\"\" data-rl_caption=\"\" title=\"\"><img loading=\"lazy\" decoding=\"async\" class=\"alignnone size-medium wp-image-2133\" src=\"https:\/\/ecolecaritas.be\/new\/wp-content\/uploads\/2015\/12\/2015-11-27-09.19.08-225x300.jpg\" alt=\"2015-11-27 09.19.08\" width=\"225\" height=\"300\" srcset=\"https:\/\/ecolecaritas.be\/new\/wp-content\/uploads\/2015\/12\/2015-11-27-09.19.08-225x300.jpg 225w, https:\/\/ecolecaritas.be\/new\/wp-content\/uploads\/2015\/12\/2015-11-27-09.19.08-768x1024.jpg 768w, https:\/\/ecolecaritas.be\/new\/wp-content\/uploads\/2015\/12\/2015-11-27-09.19.08-600x800.jpg 600w\" sizes=\"auto, (max-width: 225px) 100vw, 225px\" \/><\/a> <a href=\"https:\/\/ecolecaritas.be\/new\/wp-content\/uploads\/2015\/12\/2015-11-27-09.19.05.jpg\" data-rel=\"lightbox-image-10\" data-rl_title=\"\" data-rl_caption=\"\" title=\"\"><img loading=\"lazy\" decoding=\"async\" class=\"alignnone size-medium wp-image-2132\" src=\"https:\/\/ecolecaritas.be\/new\/wp-content\/uploads\/2015\/12\/2015-11-27-09.19.05-225x300.jpg\" alt=\"2015-11-27 09.19.05\" width=\"225\" height=\"300\" srcset=\"https:\/\/ecolecaritas.be\/new\/wp-content\/uploads\/2015\/12\/2015-11-27-09.19.05-225x300.jpg 225w, https:\/\/ecolecaritas.be\/new\/wp-content\/uploads\/2015\/12\/2015-11-27-09.19.05-768x1024.jpg 768w, https:\/\/ecolecaritas.be\/new\/wp-content\/uploads\/2015\/12\/2015-11-27-09.19.05-600x800.jpg 600w\" sizes=\"auto, (max-width: 225px) 100vw, 225px\" \/><\/a> <a href=\"https:\/\/ecolecaritas.be\/new\/wp-content\/uploads\/2015\/12\/2015-11-27-09.19.00.jpg\" data-rel=\"lightbox-image-11\" data-rl_title=\"\" data-rl_caption=\"\" title=\"\"><img loading=\"lazy\" decoding=\"async\" class=\"alignnone size-medium wp-image-2131\" src=\"https:\/\/ecolecaritas.be\/new\/wp-content\/uploads\/2015\/12\/2015-11-27-09.19.00-225x300.jpg\" alt=\"2015-11-27 09.19.00\" width=\"225\" height=\"300\" srcset=\"https:\/\/ecolecaritas.be\/new\/wp-content\/uploads\/2015\/12\/2015-11-27-09.19.00-225x300.jpg 225w, https:\/\/ecolecaritas.be\/new\/wp-content\/uploads\/2015\/12\/2015-11-27-09.19.00-768x1024.jpg 768w, https:\/\/ecolecaritas.be\/new\/wp-content\/uploads\/2015\/12\/2015-11-27-09.19.00-600x800.jpg 600w\" sizes=\"auto, (max-width: 225px) 100vw, 225px\" \/><\/a> <a href=\"https:\/\/ecolecaritas.be\/new\/wp-content\/uploads\/2015\/12\/2015-11-27-09.18.56.jpg\" data-rel=\"lightbox-image-12\" data-rl_title=\"\" data-rl_caption=\"\" title=\"\"><img loading=\"lazy\" decoding=\"async\" class=\"alignnone size-medium wp-image-2130\" src=\"https:\/\/ecolecaritas.be\/new\/wp-content\/uploads\/2015\/12\/2015-11-27-09.18.56-225x300.jpg\" alt=\"2015-11-27 09.18.56\" width=\"225\" height=\"300\" srcset=\"https:\/\/ecolecaritas.be\/new\/wp-content\/uploads\/2015\/12\/2015-11-27-09.18.56-225x300.jpg 225w, https:\/\/ecolecaritas.be\/new\/wp-content\/uploads\/2015\/12\/2015-11-27-09.18.56-768x1024.jpg 768w, https:\/\/ecolecaritas.be\/new\/wp-content\/uploads\/2015\/12\/2015-11-27-09.18.56-600x800.jpg 600w\" sizes=\"auto, (max-width: 225px) 100vw, 225px\" \/><\/a> <a href=\"https:\/\/ecolecaritas.be\/new\/wp-content\/uploads\/2015\/12\/2015-11-27-09.18.52.jpg\" data-rel=\"lightbox-image-13\" data-rl_title=\"\" data-rl_caption=\"\" title=\"\"><img loading=\"lazy\" decoding=\"async\" class=\"alignnone size-medium wp-image-2129\" src=\"https:\/\/ecolecaritas.be\/new\/wp-content\/uploads\/2015\/12\/2015-11-27-09.18.52-225x300.jpg\" alt=\"2015-11-27 09.18.52\" width=\"225\" height=\"300\" srcset=\"https:\/\/ecolecaritas.be\/new\/wp-content\/uploads\/2015\/12\/2015-11-27-09.18.52-225x300.jpg 225w, https:\/\/ecolecaritas.be\/new\/wp-content\/uploads\/2015\/12\/2015-11-27-09.18.52-768x1024.jpg 768w, https:\/\/ecolecaritas.be\/new\/wp-content\/uploads\/2015\/12\/2015-11-27-09.18.52-600x800.jpg 600w\" sizes=\"auto, (max-width: 225px) 100vw, 225px\" \/><\/a> <a href=\"https:\/\/ecolecaritas.be\/new\/wp-content\/uploads\/2015\/12\/2015-11-18-11.32.30.jpg\" data-rel=\"lightbox-image-14\" data-rl_title=\"\" data-rl_caption=\"\" title=\"\"><img loading=\"lazy\" decoding=\"async\" class=\"alignnone size-medium wp-image-2128\" src=\"https:\/\/ecolecaritas.be\/new\/wp-content\/uploads\/2015\/12\/2015-11-18-11.32.30-300x225.jpg\" alt=\"2015-11-18 11.32.30\" width=\"300\" height=\"225\" srcset=\"https:\/\/ecolecaritas.be\/new\/wp-content\/uploads\/2015\/12\/2015-11-18-11.32.30-300x225.jpg 300w, https:\/\/ecolecaritas.be\/new\/wp-content\/uploads\/2015\/12\/2015-11-18-11.32.30-1024x768.jpg 1024w, https:\/\/ecolecaritas.be\/new\/wp-content\/uploads\/2015\/12\/2015-11-18-11.32.30-600x450.jpg 600w, https:\/\/ecolecaritas.be\/new\/wp-content\/uploads\/2015\/12\/2015-11-18-11.32.30-174x131.jpg 174w, https:\/\/ecolecaritas.be\/new\/wp-content\/uploads\/2015\/12\/2015-11-18-11.32.30-70x53.jpg 70w\" sizes=\"auto, (max-width: 300px) 100vw, 300px\" \/><\/a> <a href=\"https:\/\/ecolecaritas.be\/new\/wp-content\/uploads\/2015\/12\/2015-11-18-11.32.25.jpg\" data-rel=\"lightbox-image-15\" data-rl_title=\"\" data-rl_caption=\"\" title=\"\"><img loading=\"lazy\" decoding=\"async\" class=\"alignnone size-medium wp-image-2127\" src=\"https:\/\/ecolecaritas.be\/new\/wp-content\/uploads\/2015\/12\/2015-11-18-11.32.25-300x225.jpg\" alt=\"2015-11-18 11.32.25\" width=\"300\" height=\"225\" srcset=\"https:\/\/ecolecaritas.be\/new\/wp-content\/uploads\/2015\/12\/2015-11-18-11.32.25-300x225.jpg 300w, https:\/\/ecolecaritas.be\/new\/wp-content\/uploads\/2015\/12\/2015-11-18-11.32.25-1024x768.jpg 1024w, https:\/\/ecolecaritas.be\/new\/wp-content\/uploads\/2015\/12\/2015-11-18-11.32.25-600x450.jpg 600w, https:\/\/ecolecaritas.be\/new\/wp-content\/uploads\/2015\/12\/2015-11-18-11.32.25-174x131.jpg 174w, https:\/\/ecolecaritas.be\/new\/wp-content\/uploads\/2015\/12\/2015-11-18-11.32.25-70x53.jpg 70w\" sizes=\"auto, (max-width: 300px) 100vw, 300px\" \/><\/a><\/p>\n","protected":false},"excerpt":{"rendered":"<div class=\"mh-excerpt\"><p>Premier pas vers la lecture et l&rsquo;\u00e9criture pour la classe d&rsquo;accueil\/1\u00e8re maternelle ! Je reconnais la premi\u00e8re lettre de mon pr\u00e9nom et je la d\u00e9core <a class=\"mh-excerpt-more\" href=\"https:\/\/ecolecaritas.be\/new\/les-lettres-en-maternelles\/\" title=\"les lettres en maternelles\">[&#8230;]<\/a><\/p>\n<\/div>","protected":false},"author":5,"featured_media":2141,"comment_status":"closed","ping_status":"closed","sticky":false,"template":"","format":"standard","meta":{"footnotes":""},"categories":[7],"tags":[],"class_list":["post-2143","post","type-post","status-publish","format-standard","has-post-thumbnail","hentry","category-mat"],"_links":{"self":[{"href":"https:\/\/ecolecaritas.be\/new\/wp-json\/wp\/v2\/posts\/2143","targetHints":{"allow":["GET"]}}],"collection":[{"href":"https:\/\/ecolecaritas.be\/new\/wp-json\/wp\/v2\/posts"}],"about":[{"href":"https:\/\/ecolecaritas.be\/new\/wp-json\/wp\/v2\/types\/post"}],"author":[{"embeddable":true,"href":"https:\/\/ecolecaritas.be\/new\/wp-json\/wp\/v2\/users\/5"}],"replies":[{"embeddable":true,"href":"https:\/\/ecolecaritas.be\/new\/wp-json\/wp\/v2\/comments?post=2143"}],"version-history":[{"count":1,"href":"https:\/\/ecolecaritas.be\/new\/wp-json\/wp\/v2\/posts\/2143\/revisions"}],"predecessor-version":[{"id":2144,"href":"https:\/\/ecolecaritas.be\/new\/wp-json\/wp\/v2\/posts\/2143\/revisions\/2144"}],"wp:featuredmedia":[{"embeddable":true,"href":"https:\/\/ecolecaritas.be\/new\/wp-json\/wp\/v2\/media\/2141"}],"wp:attachment":[{"href":"https:\/\/ecolecaritas.be\/new\/wp-json\/wp\/v2\/media?parent=2143"}],"wp:term":[{"taxonomy":"category","embeddable":true,"href":"https:\/\/ecolecaritas.be\/new\/wp-json\/wp\/v2\/categories?post=2143"},{"taxonomy":"post_tag","embeddable":true,"href":"https:\/\/ecolecaritas.be\/new\/wp-json\/wp\/v2\/tags?post=2143"}],"curies":[{"name":"wp","href":"https:\/\/api.w.org\/{rel}","templated":true}]}}