{"id":2145,"date":"2015-12-07T14:08:14","date_gmt":"2015-12-07T14:08:14","guid":{"rendered":"http:\/\/ecolecaritas.be\/new\/?p=2145"},"modified":"2015-12-07T14:33:00","modified_gmt":"2015-12-07T14:33:00","slug":"la-poste-cest-quoi","status":"publish","type":"post","link":"https:\/\/ecolecaritas.be\/new\/la-poste-cest-quoi\/","title":{"rendered":"La poste : c&rsquo;est quoi?"},"content":{"rendered":"<p>La poste, c&rsquo;est quoi, comment \u00e7a marche?<\/p>\n<p>Apr\u00e8s avoir \u00e9crit nos jolies cartes, nous les pla\u00e7ons dans une enveloppe et inscrivons l&rsquo;adresse du destinataire. Maintenant il nous faut un timbre ! Nous invitons le papa de Max et Tom, qui est facteur, \u00e0 nous expliquer comment faire ! Il nous emm\u00e8ne au bureau de poste o\u00f9 les enfants ach\u00e8tent tout seuls un timbre au guichet puis glissent la lettre dans la bo\u00eete&#8230; avec un peu d&rsquo;aide \ud83d\ude09 Nous avons m\u00eame pu voir le v\u00e9lo qui transportera notre lettre jusqu&rsquo;\u00e0 son destinataire !<\/p>\n<p><a href=\"https:\/\/ecolecaritas.be\/new\/wp-content\/uploads\/2015\/11\/2015-10-29-09.27.27.jpg\" data-rel=\"lightbox-image-0\" data-rl_title=\"\" data-rl_caption=\"\" title=\"\"><img loading=\"lazy\" decoding=\"async\" class=\"alignnone size-medium wp-image-1869\" src=\"https:\/\/ecolecaritas.be\/new\/wp-content\/uploads\/2015\/11\/2015-10-30-09.40.27-300x225.jpg\" alt=\"2015-10-30 09.40.27\" width=\"300\" height=\"225\" srcset=\"https:\/\/ecolecaritas.be\/new\/wp-content\/uploads\/2015\/11\/2015-10-30-09.40.27-300x225.jpg 300w, https:\/\/ecolecaritas.be\/new\/wp-content\/uploads\/2015\/11\/2015-10-30-09.40.27-1024x768.jpg 1024w, https:\/\/ecolecaritas.be\/new\/wp-content\/uploads\/2015\/11\/2015-10-30-09.40.27-600x450.jpg 600w, https:\/\/ecolecaritas.be\/new\/wp-content\/uploads\/2015\/11\/2015-10-30-09.40.27-174x131.jpg 174w, https:\/\/ecolecaritas.be\/new\/wp-content\/uploads\/2015\/11\/2015-10-30-09.40.27-70x53.jpg 70w\" sizes=\"auto, (max-width: 300px) 100vw, 300px\" \/><img loading=\"lazy\" decoding=\"async\" class=\"alignnone size-medium wp-image-1857\" src=\"https:\/\/ecolecaritas.be\/new\/wp-content\/uploads\/2015\/11\/2015-10-29-09.27.27-300x225.jpg\" alt=\"2015-10-29 09.27.27\" width=\"300\" height=\"225\" srcset=\"https:\/\/ecolecaritas.be\/new\/wp-content\/uploads\/2015\/11\/2015-10-29-09.27.27-300x225.jpg 300w, https:\/\/ecolecaritas.be\/new\/wp-content\/uploads\/2015\/11\/2015-10-29-09.27.27-1024x768.jpg 1024w, https:\/\/ecolecaritas.be\/new\/wp-content\/uploads\/2015\/11\/2015-10-29-09.27.27-600x450.jpg 600w, https:\/\/ecolecaritas.be\/new\/wp-content\/uploads\/2015\/11\/2015-10-29-09.27.27-174x131.jpg 174w, https:\/\/ecolecaritas.be\/new\/wp-content\/uploads\/2015\/11\/2015-10-29-09.27.27-70x53.jpg 70w\" sizes=\"auto, (max-width: 300px) 100vw, 300px\" \/><\/a><a href=\"https:\/\/ecolecaritas.be\/new\/wp-content\/uploads\/2015\/11\/2015-10-29-09.52.44.jpg\" data-rel=\"lightbox-image-1\" data-rl_title=\"\" data-rl_caption=\"\" title=\"\"><img loading=\"lazy\" decoding=\"async\" class=\"alignnone size-medium wp-image-1858\" src=\"https:\/\/ecolecaritas.be\/new\/wp-content\/uploads\/2015\/11\/2015-10-29-09.52.44-225x300.jpg\" alt=\"2015-10-29 09.52.44\" width=\"225\" height=\"300\" srcset=\"https:\/\/ecolecaritas.be\/new\/wp-content\/uploads\/2015\/11\/2015-10-29-09.52.44-225x300.jpg 225w, https:\/\/ecolecaritas.be\/new\/wp-content\/uploads\/2015\/11\/2015-10-29-09.52.44-768x1024.jpg 768w, https:\/\/ecolecaritas.be\/new\/wp-content\/uploads\/2015\/11\/2015-10-29-09.52.44-600x800.jpg 600w\" sizes=\"auto, (max-width: 225px) 100vw, 225px\" \/><img loading=\"lazy\" decoding=\"async\" class=\"alignnone size-medium wp-image-1866\" src=\"https:\/\/ecolecaritas.be\/new\/wp-content\/uploads\/2015\/11\/2015-10-30-09.32.09-300x225.jpg\" alt=\"2015-10-30 09.32.09\" width=\"300\" height=\"225\" srcset=\"https:\/\/ecolecaritas.be\/new\/wp-content\/uploads\/2015\/11\/2015-10-30-09.32.09-300x225.jpg 300w, https:\/\/ecolecaritas.be\/new\/wp-content\/uploads\/2015\/11\/2015-10-30-09.32.09-1024x768.jpg 1024w, https:\/\/ecolecaritas.be\/new\/wp-content\/uploads\/2015\/11\/2015-10-30-09.32.09-600x450.jpg 600w, https:\/\/ecolecaritas.be\/new\/wp-content\/uploads\/2015\/11\/2015-10-30-09.32.09-174x131.jpg 174w, https:\/\/ecolecaritas.be\/new\/wp-content\/uploads\/2015\/11\/2015-10-30-09.32.09-70x53.jpg 70w\" sizes=\"auto, (max-width: 300px) 100vw, 300px\" \/><\/a>\u00a0<a href=\"https:\/\/ecolecaritas.be\/new\/wp-content\/uploads\/2015\/11\/2015-10-30-09.34.08.jpg\" data-rel=\"lightbox-image-2\" data-rl_title=\"\" data-rl_caption=\"\" title=\"\"><img loading=\"lazy\" decoding=\"async\" class=\"alignnone size-medium wp-image-1867\" src=\"https:\/\/ecolecaritas.be\/new\/wp-content\/uploads\/2015\/11\/2015-10-30-09.34.08-225x300.jpg\" alt=\"2015-10-30 09.34.08\" width=\"225\" height=\"300\" srcset=\"https:\/\/ecolecaritas.be\/new\/wp-content\/uploads\/2015\/11\/2015-10-30-09.34.08-225x300.jpg 225w, https:\/\/ecolecaritas.be\/new\/wp-content\/uploads\/2015\/11\/2015-10-30-09.34.08-768x1024.jpg 768w, https:\/\/ecolecaritas.be\/new\/wp-content\/uploads\/2015\/11\/2015-10-30-09.34.08-600x800.jpg 600w\" sizes=\"auto, (max-width: 225px) 100vw, 225px\" \/><\/a><\/p>\n","protected":false},"excerpt":{"rendered":"<div class=\"mh-excerpt\"><p>La poste, c&rsquo;est quoi, comment \u00e7a marche? Apr\u00e8s avoir \u00e9crit nos jolies cartes, nous les pla\u00e7ons dans une enveloppe et inscrivons l&rsquo;adresse du destinataire. Maintenant <a class=\"mh-excerpt-more\" href=\"https:\/\/ecolecaritas.be\/new\/la-poste-cest-quoi\/\" title=\"La poste : c&rsquo;est quoi?\">[&#8230;]<\/a><\/p>\n<\/div>","protected":false},"author":5,"featured_media":2166,"comment_status":"closed","ping_status":"closed","sticky":false,"template":"","format":"standard","meta":{"footnotes":""},"categories":[7],"tags":[],"class_list":["post-2145","post","type-post","status-publish","format-standard","has-post-thumbnail","hentry","category-mat"],"_links":{"self":[{"href":"https:\/\/ecolecaritas.be\/new\/wp-json\/wp\/v2\/posts\/2145","targetHints":{"allow":["GET"]}}],"collection":[{"href":"https:\/\/ecolecaritas.be\/new\/wp-json\/wp\/v2\/posts"}],"about":[{"href":"https:\/\/ecolecaritas.be\/new\/wp-json\/wp\/v2\/types\/post"}],"author":[{"embeddable":true,"href":"https:\/\/ecolecaritas.be\/new\/wp-json\/wp\/v2\/users\/5"}],"replies":[{"embeddable":true,"href":"https:\/\/ecolecaritas.be\/new\/wp-json\/wp\/v2\/comments?post=2145"}],"version-history":[{"count":3,"href":"https:\/\/ecolecaritas.be\/new\/wp-json\/wp\/v2\/posts\/2145\/revisions"}],"predecessor-version":[{"id":2151,"href":"https:\/\/ecolecaritas.be\/new\/wp-json\/wp\/v2\/posts\/2145\/revisions\/2151"}],"wp:featuredmedia":[{"embeddable":true,"href":"https:\/\/ecolecaritas.be\/new\/wp-json\/wp\/v2\/media\/2166"}],"wp:attachment":[{"href":"https:\/\/ecolecaritas.be\/new\/wp-json\/wp\/v2\/media?parent=2145"}],"wp:term":[{"taxonomy":"category","embeddable":true,"href":"https:\/\/ecolecaritas.be\/new\/wp-json\/wp\/v2\/categories?post=2145"},{"taxonomy":"post_tag","embeddable":true,"href":"https:\/\/ecolecaritas.be\/new\/wp-json\/wp\/v2\/tags?post=2145"}],"curies":[{"name":"wp","href":"https:\/\/api.w.org\/{rel}","templated":true}]}}