{"id":2163,"date":"2015-12-07T14:30:36","date_gmt":"2015-12-07T14:30:36","guid":{"rendered":"http:\/\/ecolecaritas.be\/new\/?p=2163"},"modified":"2015-12-07T14:30:36","modified_gmt":"2015-12-07T14:30:36","slug":"un-eleve-de-p6-vous-parle","status":"publish","type":"post","link":"https:\/\/ecolecaritas.be\/new\/un-eleve-de-p6-vous-parle\/","title":{"rendered":"Un \u00e9l\u00e8ve de P6 vous parle"},"content":{"rendered":"<p><strong>Suite aux attentats \u00e0 Paris et aux menaces d&rsquo;attentat en Belgique, des discussions ont eu lieu dans les classes des plus grands.<\/strong><\/p>\n<p><strong>Un \u00e9l\u00e8ve de P6, David, nous partage ses r\u00e9flexions. Merci \u00e0 lui!<\/strong><\/p>\n<p>&nbsp;<\/p>\n<p>Bonjour,<\/p>\n<p>&nbsp;<\/p>\n<p>Je vais vous donner mon ressenti sur les personnes qui disent que les musulmans sont pareils que les islamistes.<\/p>\n<p>Je ne suis pas d\u2019accord\u00a0: il y a de bons musulmans, comme il y a de mauvais chr\u00e9tiens.<\/p>\n<p>&nbsp;<\/p>\n<p>Tous les musulmans ne sont pas comme les islamistes. Il faut arr\u00eater les amalgames.<\/p>\n<p>&nbsp;<\/p>\n<p>Parce que cela commence \u00e0 m\u2019\u00e9nerver, les gens qui disent tout le temps \u00e7a, sans r\u00e9fl\u00e9chir. Ces choses que j\u2019entends\u00a0: \u00ab\u00a0Les musulmans sont des connards\u2026\u00a0\u00bb etc. J\u2019entends plein de choses comme \u00e7a.<\/p>\n<p>&nbsp;<\/p>\n<p>Pour moi, la religion musulmane est une religion respectable comme toutes les autres religions. Il faut juste respecter les croyances de chacun.<\/p>\n<p>&nbsp;<\/p>\n<p>Peut-\u00eatre qu\u2019il n\u2019y a pas de droits de la femme l\u00e0-bas, oui, c\u2019est malheureux. Ils ne mangent pas de porc, certes.<\/p>\n<p>&nbsp;<\/p>\n<p>J\u2019ai des amis qui sont musulmans\u00a0: ils ne mangent pas de porc, oui, mais ils sont super sympas\u00a0! Il y en a un qui a une copine, je dirais que c\u2019est le plus beau couple du monde.<\/p>\n<p>&nbsp;<\/p>\n<p>Je vous dis juste mon avis. Je n\u2019ai jamais dit que les musulmans sont les meilleurs. On doit les respecter. Comme on devrait respecter tout le monde\u00a0!<\/p>\n<p>&nbsp;<\/p>\n<p>R\u00e9fl\u00e9chissez \u00e0 ce que je dis et j\u2019esp\u00e8re qu\u2019ainsi, le monde changera \ud83d\ude42<\/p>\n<p>&nbsp;<\/p>\n<p>David<\/p>\n<p>&nbsp;<\/p>\n<p>&nbsp;<\/p>\n","protected":false},"excerpt":{"rendered":"<div class=\"mh-excerpt\"><p>Suite aux attentats \u00e0 Paris et aux menaces d&rsquo;attentat en Belgique, des discussions ont eu lieu dans les classes des plus grands. Un \u00e9l\u00e8ve de <a class=\"mh-excerpt-more\" href=\"https:\/\/ecolecaritas.be\/new\/un-eleve-de-p6-vous-parle\/\" title=\"Un \u00e9l\u00e8ve de P6 vous parle\">[&#8230;]<\/a><\/p>\n<\/div>","protected":false},"author":4,"featured_media":2164,"comment_status":"closed","ping_status":"closed","sticky":false,"template":"","format":"standard","meta":{"footnotes":""},"categories":[10],"tags":[],"class_list":["post-2163","post","type-post","status-publish","format-standard","has-post-thumbnail","hentry","category-p56"],"_links":{"self":[{"href":"https:\/\/ecolecaritas.be\/new\/wp-json\/wp\/v2\/posts\/2163","targetHints":{"allow":["GET"]}}],"collection":[{"href":"https:\/\/ecolecaritas.be\/new\/wp-json\/wp\/v2\/posts"}],"about":[{"href":"https:\/\/ecolecaritas.be\/new\/wp-json\/wp\/v2\/types\/post"}],"author":[{"embeddable":true,"href":"https:\/\/ecolecaritas.be\/new\/wp-json\/wp\/v2\/users\/4"}],"replies":[{"embeddable":true,"href":"https:\/\/ecolecaritas.be\/new\/wp-json\/wp\/v2\/comments?post=2163"}],"version-history":[{"count":1,"href":"https:\/\/ecolecaritas.be\/new\/wp-json\/wp\/v2\/posts\/2163\/revisions"}],"predecessor-version":[{"id":2165,"href":"https:\/\/ecolecaritas.be\/new\/wp-json\/wp\/v2\/posts\/2163\/revisions\/2165"}],"wp:featuredmedia":[{"embeddable":true,"href":"https:\/\/ecolecaritas.be\/new\/wp-json\/wp\/v2\/media\/2164"}],"wp:attachment":[{"href":"https:\/\/ecolecaritas.be\/new\/wp-json\/wp\/v2\/media?parent=2163"}],"wp:term":[{"taxonomy":"category","embeddable":true,"href":"https:\/\/ecolecaritas.be\/new\/wp-json\/wp\/v2\/categories?post=2163"},{"taxonomy":"post_tag","embeddable":true,"href":"https:\/\/ecolecaritas.be\/new\/wp-json\/wp\/v2\/tags?post=2163"}],"curies":[{"name":"wp","href":"https:\/\/api.w.org\/{rel}","templated":true}]}}