{"id":2310,"date":"2016-01-05T15:47:11","date_gmt":"2016-01-05T15:47:11","guid":{"rendered":"http:\/\/ecolecaritas.be\/new\/?p=2310"},"modified":"2016-01-05T15:47:11","modified_gmt":"2016-01-05T15:47:11","slug":"informations-pour-les-ecoles-secondaires","status":"publish","type":"post","link":"https:\/\/ecolecaritas.be\/new\/informations-pour-les-ecoles-secondaires\/","title":{"rendered":"Informations pour les \u00e9coles secondaires"},"content":{"rendered":"<p>Chers parents d&rsquo;\u00e9l\u00e8ves de P5 et P6,<\/p>\n<p>Vous savez que les proc\u00e9dures d&rsquo;inscription en secondaires sont fort r\u00e9glement\u00e9es depuis quelques ann\u00e9es. Les \u00e9l\u00e8ves de P6 recevront ce mercredi 6 janvier un courrier important reprenant les d\u00e9marches \u00e0 accomplir.<\/p>\n<p>Vu l&rsquo;aspect contraignant de celles-ci, je ne peux que conseiller aux parents des \u00e9l\u00e8ves de P5 de s&rsquo;int\u00e9resser aux diff\u00e9rentes journ\u00e9es \u00ab\u00a0portes ouvertes\u00a0\u00bb organis\u00e9es par les diff\u00e9rentes \u00e9coles secondaires. En effet, l&rsquo;id\u00e9al est sans doute de se renseigner pendant l&rsquo;ann\u00e9e de P5, afin de faire son choix fin du premier trimestre de la P6, puisque les formalit\u00e9s d&rsquo;inscriptions d\u00e9marrent en janvier de l&rsquo;ann\u00e9e o\u00f9 l&rsquo;enfant est en P6&#8230;<\/p>\n<p>Vous trouverez ci-dessous un document reprenant les diff\u00e9rentes journ\u00e9es portes ouvertes pr\u00e9vues par les \u00e9coles de la r\u00e9gion.<\/p>\n<p><a href=\"https:\/\/ecolecaritas.be\/new\/wp-content\/uploads\/2016\/01\/2016-01-Brabant-Wallon-journ\u00e9es-portes-ouvertes-\u00e9coles-secondaires.pdf\" rel=\"\">2016-01 Brabant Wallon journ\u00e9es portes ouvertes \u00e9coles secondaires<\/a><\/p>\n<p>Je reste \u00e0 votre disposition pour toute question compl\u00e9mentaire.<\/p>\n","protected":false},"excerpt":{"rendered":"<div class=\"mh-excerpt\"><p>Chers parents d&rsquo;\u00e9l\u00e8ves de P5 et P6, Vous savez que les proc\u00e9dures d&rsquo;inscription en secondaires sont fort r\u00e9glement\u00e9es depuis quelques ann\u00e9es. Les \u00e9l\u00e8ves de P6 <a class=\"mh-excerpt-more\" href=\"https:\/\/ecolecaritas.be\/new\/informations-pour-les-ecoles-secondaires\/\" title=\"Informations pour les \u00e9coles secondaires\">[&#8230;]<\/a><\/p>\n<\/div>","protected":false},"author":4,"featured_media":2312,"comment_status":"closed","ping_status":"closed","sticky":false,"template":"","format":"standard","meta":{"footnotes":""},"categories":[3,10],"tags":[],"class_list":["post-2310","post","type-post","status-publish","format-standard","has-post-thumbnail","hentry","category-accueil","category-p56"],"_links":{"self":[{"href":"https:\/\/ecolecaritas.be\/new\/wp-json\/wp\/v2\/posts\/2310","targetHints":{"allow":["GET"]}}],"collection":[{"href":"https:\/\/ecolecaritas.be\/new\/wp-json\/wp\/v2\/posts"}],"about":[{"href":"https:\/\/ecolecaritas.be\/new\/wp-json\/wp\/v2\/types\/post"}],"author":[{"embeddable":true,"href":"https:\/\/ecolecaritas.be\/new\/wp-json\/wp\/v2\/users\/4"}],"replies":[{"embeddable":true,"href":"https:\/\/ecolecaritas.be\/new\/wp-json\/wp\/v2\/comments?post=2310"}],"version-history":[{"count":1,"href":"https:\/\/ecolecaritas.be\/new\/wp-json\/wp\/v2\/posts\/2310\/revisions"}],"predecessor-version":[{"id":2313,"href":"https:\/\/ecolecaritas.be\/new\/wp-json\/wp\/v2\/posts\/2310\/revisions\/2313"}],"wp:featuredmedia":[{"embeddable":true,"href":"https:\/\/ecolecaritas.be\/new\/wp-json\/wp\/v2\/media\/2312"}],"wp:attachment":[{"href":"https:\/\/ecolecaritas.be\/new\/wp-json\/wp\/v2\/media?parent=2310"}],"wp:term":[{"taxonomy":"category","embeddable":true,"href":"https:\/\/ecolecaritas.be\/new\/wp-json\/wp\/v2\/categories?post=2310"},{"taxonomy":"post_tag","embeddable":true,"href":"https:\/\/ecolecaritas.be\/new\/wp-json\/wp\/v2\/tags?post=2310"}],"curies":[{"name":"wp","href":"https:\/\/api.w.org\/{rel}","templated":true}]}}