{"id":2449,"date":"2016-02-02T13:21:48","date_gmt":"2016-02-02T13:21:48","guid":{"rendered":"http:\/\/ecolecaritas.be\/new\/?p=2449"},"modified":"2016-02-02T13:21:48","modified_gmt":"2016-02-02T13:21:48","slug":"olympiades-de-mathematiques","status":"publish","type":"post","link":"https:\/\/ecolecaritas.be\/new\/olympiades-de-mathematiques\/","title":{"rendered":"Olympiades de math\u00e9matiques"},"content":{"rendered":"<p>Ces mardi et mercredi 2 et 3 f\u00e9vrier, les \u00e9l\u00e8ves de P3 \u00e0 P6 ont particip\u00e9 aux \u00e9liminatoires pour les olympiades de math 2016.<\/p>\n<p>Les meilleurs seront convoqu\u00e9s \u00e0 la grande finale \u00e0 Bruxelles le samedi 12 mars. Nous vous tiendrons au courant des r\u00e9sultats!<\/p>\n","protected":false},"excerpt":{"rendered":"<div class=\"mh-excerpt\"><p>Ces mardi et mercredi 2 et 3 f\u00e9vrier, les \u00e9l\u00e8ves de P3 \u00e0 P6 ont particip\u00e9 aux \u00e9liminatoires pour les olympiades de math 2016. Les <a class=\"mh-excerpt-more\" href=\"https:\/\/ecolecaritas.be\/new\/olympiades-de-mathematiques\/\" title=\"Olympiades de math\u00e9matiques\">[&#8230;]<\/a><\/p>\n<\/div>","protected":false},"author":4,"featured_media":2450,"comment_status":"closed","ping_status":"closed","sticky":false,"template":"","format":"standard","meta":{"footnotes":""},"categories":[9,10],"tags":[],"class_list":["post-2449","post","type-post","status-publish","format-standard","has-post-thumbnail","hentry","category-p34","category-p56"],"_links":{"self":[{"href":"https:\/\/ecolecaritas.be\/new\/wp-json\/wp\/v2\/posts\/2449","targetHints":{"allow":["GET"]}}],"collection":[{"href":"https:\/\/ecolecaritas.be\/new\/wp-json\/wp\/v2\/posts"}],"about":[{"href":"https:\/\/ecolecaritas.be\/new\/wp-json\/wp\/v2\/types\/post"}],"author":[{"embeddable":true,"href":"https:\/\/ecolecaritas.be\/new\/wp-json\/wp\/v2\/users\/4"}],"replies":[{"embeddable":true,"href":"https:\/\/ecolecaritas.be\/new\/wp-json\/wp\/v2\/comments?post=2449"}],"version-history":[{"count":1,"href":"https:\/\/ecolecaritas.be\/new\/wp-json\/wp\/v2\/posts\/2449\/revisions"}],"predecessor-version":[{"id":2451,"href":"https:\/\/ecolecaritas.be\/new\/wp-json\/wp\/v2\/posts\/2449\/revisions\/2451"}],"wp:featuredmedia":[{"embeddable":true,"href":"https:\/\/ecolecaritas.be\/new\/wp-json\/wp\/v2\/media\/2450"}],"wp:attachment":[{"href":"https:\/\/ecolecaritas.be\/new\/wp-json\/wp\/v2\/media?parent=2449"}],"wp:term":[{"taxonomy":"category","embeddable":true,"href":"https:\/\/ecolecaritas.be\/new\/wp-json\/wp\/v2\/categories?post=2449"},{"taxonomy":"post_tag","embeddable":true,"href":"https:\/\/ecolecaritas.be\/new\/wp-json\/wp\/v2\/tags?post=2449"}],"curies":[{"name":"wp","href":"https:\/\/api.w.org\/{rel}","templated":true}]}}