{"id":2501,"date":"2016-03-02T11:55:18","date_gmt":"2016-03-02T11:55:18","guid":{"rendered":"http:\/\/ecolecaritas.be\/new\/?p=2501"},"modified":"2016-03-02T11:55:18","modified_gmt":"2016-03-02T11:55:18","slug":"olympiades-de-math-finale","status":"publish","type":"post","link":"https:\/\/ecolecaritas.be\/new\/olympiades-de-math-finale\/","title":{"rendered":"Olympiades de math &#8211; finale"},"content":{"rendered":"<p>13 \u00e9l\u00e8ves de l&rsquo;\u00e9cole se sont qualifi\u00e9s pour la finale des olympiades de math\u00e9matique qui se d\u00e9rouleront ce samedi 12 mars \u00e0 Bruxelles:<\/p>\n<p>-H\u00e9lo\u00efse Delattre, Giulia Lanoye et Th\u00e9odore Michaux en P3<\/p>\n<p>-Eliott Deper, Sacha Habran, Arno Heymans, Max Langer, Olivia Mommens, Chlo\u00e9 Moyson et Lars Witrouw en P4<\/p>\n<p>-Annabelle Schobbens, J\u00e9r\u00f4me Teughels et Olivia Vandevyvere en P6<\/p>\n<p>Nous les encourageons encore.<\/p>\n<p><strong>F\u00e9licitations \u00e0 tous!<\/strong><\/p>\n","protected":false},"excerpt":{"rendered":"<div class=\"mh-excerpt\"><p>13 \u00e9l\u00e8ves de l&rsquo;\u00e9cole se sont qualifi\u00e9s pour la finale des olympiades de math\u00e9matique qui se d\u00e9rouleront ce samedi 12 mars \u00e0 Bruxelles: -H\u00e9lo\u00efse Delattre, <a class=\"mh-excerpt-more\" href=\"https:\/\/ecolecaritas.be\/new\/olympiades-de-math-finale\/\" title=\"Olympiades de math &#8211; finale\">[&#8230;]<\/a><\/p>\n<\/div>","protected":false},"author":4,"featured_media":2450,"comment_status":"closed","ping_status":"closed","sticky":false,"template":"","format":"standard","meta":{"footnotes":""},"categories":[9,10],"tags":[],"class_list":["post-2501","post","type-post","status-publish","format-standard","has-post-thumbnail","hentry","category-p34","category-p56"],"_links":{"self":[{"href":"https:\/\/ecolecaritas.be\/new\/wp-json\/wp\/v2\/posts\/2501","targetHints":{"allow":["GET"]}}],"collection":[{"href":"https:\/\/ecolecaritas.be\/new\/wp-json\/wp\/v2\/posts"}],"about":[{"href":"https:\/\/ecolecaritas.be\/new\/wp-json\/wp\/v2\/types\/post"}],"author":[{"embeddable":true,"href":"https:\/\/ecolecaritas.be\/new\/wp-json\/wp\/v2\/users\/4"}],"replies":[{"embeddable":true,"href":"https:\/\/ecolecaritas.be\/new\/wp-json\/wp\/v2\/comments?post=2501"}],"version-history":[{"count":1,"href":"https:\/\/ecolecaritas.be\/new\/wp-json\/wp\/v2\/posts\/2501\/revisions"}],"predecessor-version":[{"id":2502,"href":"https:\/\/ecolecaritas.be\/new\/wp-json\/wp\/v2\/posts\/2501\/revisions\/2502"}],"wp:featuredmedia":[{"embeddable":true,"href":"https:\/\/ecolecaritas.be\/new\/wp-json\/wp\/v2\/media\/2450"}],"wp:attachment":[{"href":"https:\/\/ecolecaritas.be\/new\/wp-json\/wp\/v2\/media?parent=2501"}],"wp:term":[{"taxonomy":"category","embeddable":true,"href":"https:\/\/ecolecaritas.be\/new\/wp-json\/wp\/v2\/categories?post=2501"},{"taxonomy":"post_tag","embeddable":true,"href":"https:\/\/ecolecaritas.be\/new\/wp-json\/wp\/v2\/tags?post=2501"}],"curies":[{"name":"wp","href":"https:\/\/api.w.org\/{rel}","templated":true}]}}