{"id":2506,"date":"2016-03-22T09:16:55","date_gmt":"2016-03-22T09:16:55","guid":{"rendered":"http:\/\/ecolecaritas.be\/new\/?p=2506"},"modified":"2016-03-22T09:16:55","modified_gmt":"2016-03-22T09:16:55","slug":"les-eleves-de-5-eme-primaire-ont-nettoye-un-morceau-de-la-nethen-ce-2132016","status":"publish","type":"post","link":"https:\/\/ecolecaritas.be\/new\/les-eleves-de-5-eme-primaire-ont-nettoye-un-morceau-de-la-nethen-ce-2132016\/","title":{"rendered":"Les \u00e9l\u00e9ves de 5 \u00e8me primaire ont nettoy\u00e9 un morceau de la Nethen ce 21\/3\/2016"},"content":{"rendered":"<p><span class=\"_1nb_ fwn fcg\" data-ft=\"{&quot;tn&quot;:&quot;C&quot;}\"><span class=\"fwb\" data-ft=\"{&quot;tn&quot;:&quot;k&quot;}\"><a href=\"https:\/\/www.facebook.com\/TVCom.be\/videos\/1105265036170519\/?fref=nf\">TV Com, Votre t\u00e9l\u00e9vision en Brabant wallon<\/a><\/span><\/span><span id=\"u_ps_0_0_g\" class=\"uiLikePageButton _47we\"><button id=\"u_ps_0_0_t\" class=\"_42ft _4jy0 PageLikeButton _4jy3 _517h _51sy\" type=\"submit\" value=\"1\" data-profileid=\"125904864106546\" data-ft=\"{&quot;type&quot;:28,&quot;tn&quot;:&quot;c&quot;}\" data-ownerid=\"u_ps_0_0_g\"><i class=\"_3-8_ img sp_Qg5nf0MIyzn sx_cd78c7\"><\/i>Vind de pagina leuk<\/button><\/span><\/p>\n<p><a id=\"js_15\" class=\"profileLink\" href=\"https:\/\/www.facebook.com\/pages\/Graven\/109530642398338\" data-hovercard=\"\/ajax\/hovercard\/page.php?id=109530642398338\">Grez-Doiceau<\/a> : Nettoyage de la Nethen<\/p>\n<div class=\"mtm _5pco\" data-ft=\"{&quot;tn&quot;:&quot;K&quot;}\">\n<div id=\"id_56f058c5e52e70046744846\" class=\"text_exposed_root text_exposed\">\n<p>Ce matin une vingtaine d&rsquo;\u00e9coliers de 5\u00e8me primaire de l&rsquo;\u00e9cole Caritas de <a class=\"profileLink\" href=\"https:\/\/www.facebook.com\/pages\/Hamme-Mille\/107697585920486\" data-hovercard=\"\/ajax\/hovercard\/page.php?id=107697585920486\">Hamme-Mille<\/a> ont particip\u00e9 \u00e0 un nettoyage des berg<span class=\"text_exposed_show\">es et du lit de la N\u00e9then. Cette op\u00e9ration \u00e9tait organis\u00e9e dans le cadre des Journ\u00e9es Wallonnes de l&rsquo;eau et de la poursuite du projet ruisseaux et robinets. D\u00e9couvrez le reportage dans l&rsquo;Actu BW d\u00e8s 18h.<br \/>\n<a class=\"_58cn\" href=\"https:\/\/www.facebook.com\/hashtag\/tvcombw?source=feed_text&amp;story_id=10207909119838524\" data-ft=\"{&quot;tn&quot;:&quot;*N&quot;,&quot;type&quot;:104}\"><span class=\"_58cl\">\u202a#\u200e<\/span><span class=\"_58cm\">Tvcombw\u202c<\/span><\/a> <a class=\"_58cn\" href=\"https:\/\/www.facebook.com\/hashtag\/actubw?source=feed_text&amp;story_id=10207909119838524\" data-ft=\"{&quot;tn&quot;:&quot;*N&quot;,&quot;type&quot;:104}\"><span class=\"_58cl\">\u202a#\u200e<\/span><span class=\"_58cm\">actubw\u202c<\/span><\/a> <a class=\"_58cn\" href=\"https:\/\/www.facebook.com\/hashtag\/nethen?source=feed_text&amp;story_id=10207909119838524\" data-ft=\"{&quot;tn&quot;:&quot;*N&quot;,&quot;type&quot;:104}\"><span class=\"_58cl\">\u202a#\u200e<\/span><span class=\"_58cm\">Nethen\u202c<\/span><\/a> <a class=\"_58cn\" href=\"https:\/\/www.facebook.com\/hashtag\/grezdoiceau?source=feed_text&amp;story_id=10207909119838524\" data-ft=\"{&quot;tn&quot;:&quot;*N&quot;,&quot;type&quot;:104}\"><span class=\"_58cl\">\u202a#\u200e<\/span><span class=\"_58cm\">GrezDoiceau\u202c<\/span><\/a><\/span><\/p>\n<\/div>\n<\/div>\n","protected":false},"excerpt":{"rendered":"<div class=\"mh-excerpt\"><p>TV Com, Votre t\u00e9l\u00e9vision en Brabant wallonVind de pagina leuk Grez-Doiceau : Nettoyage de la Nethen Ce matin une vingtaine d&rsquo;\u00e9coliers de 5\u00e8me primaire de <a class=\"mh-excerpt-more\" href=\"https:\/\/ecolecaritas.be\/new\/les-eleves-de-5-eme-primaire-ont-nettoye-un-morceau-de-la-nethen-ce-2132016\/\" title=\"Les \u00e9l\u00e9ves de 5 \u00e8me primaire ont nettoy\u00e9 un morceau de la Nethen ce 21\/3\/2016\">[&#8230;]<\/a><\/p>\n<\/div>","protected":false},"author":2,"featured_media":0,"comment_status":"closed","ping_status":"closed","sticky":false,"template":"","format":"standard","meta":{"footnotes":""},"categories":[10],"tags":[],"class_list":["post-2506","post","type-post","status-publish","format-standard","hentry","category-p56"],"_links":{"self":[{"href":"https:\/\/ecolecaritas.be\/new\/wp-json\/wp\/v2\/posts\/2506","targetHints":{"allow":["GET"]}}],"collection":[{"href":"https:\/\/ecolecaritas.be\/new\/wp-json\/wp\/v2\/posts"}],"about":[{"href":"https:\/\/ecolecaritas.be\/new\/wp-json\/wp\/v2\/types\/post"}],"author":[{"embeddable":true,"href":"https:\/\/ecolecaritas.be\/new\/wp-json\/wp\/v2\/users\/2"}],"replies":[{"embeddable":true,"href":"https:\/\/ecolecaritas.be\/new\/wp-json\/wp\/v2\/comments?post=2506"}],"version-history":[{"count":3,"href":"https:\/\/ecolecaritas.be\/new\/wp-json\/wp\/v2\/posts\/2506\/revisions"}],"predecessor-version":[{"id":2530,"href":"https:\/\/ecolecaritas.be\/new\/wp-json\/wp\/v2\/posts\/2506\/revisions\/2530"}],"wp:attachment":[{"href":"https:\/\/ecolecaritas.be\/new\/wp-json\/wp\/v2\/media?parent=2506"}],"wp:term":[{"taxonomy":"category","embeddable":true,"href":"https:\/\/ecolecaritas.be\/new\/wp-json\/wp\/v2\/categories?post=2506"},{"taxonomy":"post_tag","embeddable":true,"href":"https:\/\/ecolecaritas.be\/new\/wp-json\/wp\/v2\/tags?post=2506"}],"curies":[{"name":"wp","href":"https:\/\/api.w.org\/{rel}","templated":true}]}}