{"id":2610,"date":"2016-04-11T14:16:24","date_gmt":"2016-04-11T14:16:24","guid":{"rendered":"http:\/\/ecolecaritas.be\/new\/?p=2610"},"modified":"2016-04-11T14:20:21","modified_gmt":"2016-04-11T14:20:21","slug":"lecole-caritas-dans-la-presse-locale","status":"publish","type":"post","link":"https:\/\/ecolecaritas.be\/new\/lecole-caritas-dans-la-presse-locale\/","title":{"rendered":"L&rsquo;\u00e9cole Caritas dans la presse locale"},"content":{"rendered":"<p>Durant ce mois de mars, deux articles publi\u00e9s par Vers l&rsquo;Avenir (12 et 23 mars) parlaient de notre \u00e9cole.<\/p>\n<p>Bonne lecture!<a href=\"https:\/\/ecolecaritas.be\/new\/wp-content\/uploads\/2016\/04\/img100.jpg\" rel=\"attachment wp-att-2611\" data-rel=\"lightbox-image-0\" data-rl_title=\"\" data-rl_caption=\"\" title=\"\"><img loading=\"lazy\" decoding=\"async\" class=\"alignnone size-full wp-image-2611\" src=\"https:\/\/ecolecaritas.be\/new\/wp-content\/uploads\/2016\/04\/img100.jpg\" alt=\"img100\" width=\"2322\" height=\"2058\" srcset=\"https:\/\/ecolecaritas.be\/new\/wp-content\/uploads\/2016\/04\/img100.jpg 2322w, https:\/\/ecolecaritas.be\/new\/wp-content\/uploads\/2016\/04\/img100-300x266.jpg 300w, https:\/\/ecolecaritas.be\/new\/wp-content\/uploads\/2016\/04\/img100-768x681.jpg 768w, https:\/\/ecolecaritas.be\/new\/wp-content\/uploads\/2016\/04\/img100-1024x908.jpg 1024w, https:\/\/ecolecaritas.be\/new\/wp-content\/uploads\/2016\/04\/img100-600x532.jpg 600w\" sizes=\"auto, (max-width: 2322px) 100vw, 2322px\" \/><\/a> <a href=\"https:\/\/ecolecaritas.be\/new\/wp-content\/uploads\/2016\/04\/img101.jpg\" rel=\"attachment wp-att-2612\" data-rel=\"lightbox-image-1\" data-rl_title=\"\" data-rl_caption=\"\" title=\"\"><img loading=\"lazy\" decoding=\"async\" class=\"alignnone size-full wp-image-2612\" src=\"https:\/\/ecolecaritas.be\/new\/wp-content\/uploads\/2016\/04\/img101.jpg\" alt=\"img101\" width=\"2514\" height=\"2622\" srcset=\"https:\/\/ecolecaritas.be\/new\/wp-content\/uploads\/2016\/04\/img101.jpg 2514w, https:\/\/ecolecaritas.be\/new\/wp-content\/uploads\/2016\/04\/img101-288x300.jpg 288w, https:\/\/ecolecaritas.be\/new\/wp-content\/uploads\/2016\/04\/img101-768x801.jpg 768w, https:\/\/ecolecaritas.be\/new\/wp-content\/uploads\/2016\/04\/img101-982x1024.jpg 982w, https:\/\/ecolecaritas.be\/new\/wp-content\/uploads\/2016\/04\/img101-600x626.jpg 600w\" sizes=\"auto, (max-width: 2514px) 100vw, 2514px\" \/><\/a><\/p>\n","protected":false},"excerpt":{"rendered":"<div class=\"mh-excerpt\"><p>Durant ce mois de mars, deux articles publi\u00e9s par Vers l&rsquo;Avenir (12 et 23 mars) parlaient de notre \u00e9cole. Bonne lecture!<\/p>\n<\/div>","protected":false},"author":4,"featured_media":2614,"comment_status":"closed","ping_status":"closed","sticky":false,"template":"","format":"standard","meta":{"footnotes":""},"categories":[10,6],"tags":[],"class_list":["post-2610","post","type-post","status-publish","format-standard","has-post-thumbnail","hentry","category-p56","category-general"],"_links":{"self":[{"href":"https:\/\/ecolecaritas.be\/new\/wp-json\/wp\/v2\/posts\/2610","targetHints":{"allow":["GET"]}}],"collection":[{"href":"https:\/\/ecolecaritas.be\/new\/wp-json\/wp\/v2\/posts"}],"about":[{"href":"https:\/\/ecolecaritas.be\/new\/wp-json\/wp\/v2\/types\/post"}],"author":[{"embeddable":true,"href":"https:\/\/ecolecaritas.be\/new\/wp-json\/wp\/v2\/users\/4"}],"replies":[{"embeddable":true,"href":"https:\/\/ecolecaritas.be\/new\/wp-json\/wp\/v2\/comments?post=2610"}],"version-history":[{"count":1,"href":"https:\/\/ecolecaritas.be\/new\/wp-json\/wp\/v2\/posts\/2610\/revisions"}],"predecessor-version":[{"id":2613,"href":"https:\/\/ecolecaritas.be\/new\/wp-json\/wp\/v2\/posts\/2610\/revisions\/2613"}],"wp:featuredmedia":[{"embeddable":true,"href":"https:\/\/ecolecaritas.be\/new\/wp-json\/wp\/v2\/media\/2614"}],"wp:attachment":[{"href":"https:\/\/ecolecaritas.be\/new\/wp-json\/wp\/v2\/media?parent=2610"}],"wp:term":[{"taxonomy":"category","embeddable":true,"href":"https:\/\/ecolecaritas.be\/new\/wp-json\/wp\/v2\/categories?post=2610"},{"taxonomy":"post_tag","embeddable":true,"href":"https:\/\/ecolecaritas.be\/new\/wp-json\/wp\/v2\/tags?post=2610"}],"curies":[{"name":"wp","href":"https:\/\/api.w.org\/{rel}","templated":true}]}}