{"id":2703,"date":"2016-04-26T13:20:12","date_gmt":"2016-04-26T13:20:12","guid":{"rendered":"http:\/\/ecolecaritas.be\/new\/?p=2703"},"modified":"2016-04-26T13:20:12","modified_gmt":"2016-04-26T13:20:12","slug":"activites-artistiques-autour-du-printemps","status":"publish","type":"post","link":"https:\/\/ecolecaritas.be\/new\/activites-artistiques-autour-du-printemps\/","title":{"rendered":"Activit\u00e9s artistiques autour du printemps"},"content":{"rendered":"<p>Quelques r\u00e9alisations collectives et individuelles, de la classe d&rsquo;accueil \u00e0 la troisi\u00e8me maternelle.<\/p>\n<div class=\"rl-gallery-container \" id=\"rl-gallery-container-1\" data-gallery_id=\"0\"> <div class=\"rl-gallery rl-basicgrid-gallery \" id=\"rl-gallery-1\" data-gallery_no=\"1\"> <div class=\"rl-gallery-item\"><a href=\"https:\/\/ecolecaritas.be\/new\/wp-content\/uploads\/2016\/04\/2016-03-21-16.08.05.jpg\" title=\"\" data-rl_title=\"\" class=\"rl-gallery-link\" data-rl_caption=\"\" data-rel=\"lightbox-gallery-1\"><img loading=\"lazy\" decoding=\"async\" src=\"https:\/\/ecolecaritas.be\/new\/wp-content\/uploads\/2016\/04\/2016-03-21-16.08.05-300x225.jpg\" width=\"300\" height=\"225\" alt=\"\" \/><\/a><\/div><div class=\"rl-gallery-item\"><a href=\"https:\/\/ecolecaritas.be\/new\/wp-content\/uploads\/2016\/04\/2016-03-25-16.19.24.jpg\" title=\"\" data-rl_title=\"\" class=\"rl-gallery-link\" data-rl_caption=\"\" data-rel=\"lightbox-gallery-1\"><img loading=\"lazy\" decoding=\"async\" src=\"https:\/\/ecolecaritas.be\/new\/wp-content\/uploads\/2016\/04\/2016-03-25-16.19.24-300x225.jpg\" width=\"300\" height=\"225\" alt=\"\" \/><\/a><\/div><div class=\"rl-gallery-item\"><a href=\"https:\/\/ecolecaritas.be\/new\/wp-content\/uploads\/2016\/04\/2016-03-25-16.18.52.jpg\" title=\"\" data-rl_title=\"\" class=\"rl-gallery-link\" data-rl_caption=\"\" data-rel=\"lightbox-gallery-1\"><img loading=\"lazy\" decoding=\"async\" src=\"https:\/\/ecolecaritas.be\/new\/wp-content\/uploads\/2016\/04\/2016-03-25-16.18.52-300x225.jpg\" width=\"300\" height=\"225\" alt=\"\" \/><\/a><\/div><div class=\"rl-gallery-item\"><a href=\"https:\/\/ecolecaritas.be\/new\/wp-content\/uploads\/2016\/04\/2016-03-25-16.18.42.jpg\" title=\"\" data-rl_title=\"\" class=\"rl-gallery-link\" data-rl_caption=\"\" data-rel=\"lightbox-gallery-1\"><img loading=\"lazy\" decoding=\"async\" src=\"https:\/\/ecolecaritas.be\/new\/wp-content\/uploads\/2016\/04\/2016-03-25-16.18.42-300x225.jpg\" width=\"300\" height=\"225\" alt=\"\" \/><\/a><\/div><div class=\"rl-gallery-item\"><a href=\"https:\/\/ecolecaritas.be\/new\/wp-content\/uploads\/2016\/04\/2016-03-25-14.16.01.jpg\" title=\"\" data-rl_title=\"\" class=\"rl-gallery-link\" data-rl_caption=\"\" data-rel=\"lightbox-gallery-1\"><img loading=\"lazy\" decoding=\"async\" src=\"https:\/\/ecolecaritas.be\/new\/wp-content\/uploads\/2016\/04\/2016-03-25-14.16.01-300x225.jpg\" width=\"300\" height=\"225\" alt=\"\" \/><\/a><\/div><div class=\"rl-gallery-item\"><a href=\"https:\/\/ecolecaritas.be\/new\/wp-content\/uploads\/2016\/04\/2016-03-25-14.15.50.jpg\" title=\"\" data-rl_title=\"\" class=\"rl-gallery-link\" data-rl_caption=\"\" data-rel=\"lightbox-gallery-1\"><img loading=\"lazy\" decoding=\"async\" src=\"https:\/\/ecolecaritas.be\/new\/wp-content\/uploads\/2016\/04\/2016-03-25-14.15.50-300x225.jpg\" width=\"300\" height=\"225\" alt=\"\" \/><\/a><\/div><div class=\"rl-gallery-item\"><a href=\"https:\/\/ecolecaritas.be\/new\/wp-content\/uploads\/2016\/04\/2016-03-25-14.15.47.jpg\" title=\"\" data-rl_title=\"\" class=\"rl-gallery-link\" data-rl_caption=\"\" data-rel=\"lightbox-gallery-1\"><img loading=\"lazy\" decoding=\"async\" src=\"https:\/\/ecolecaritas.be\/new\/wp-content\/uploads\/2016\/04\/2016-03-25-14.15.47-300x225.jpg\" width=\"300\" height=\"225\" alt=\"\" \/><\/a><\/div><div class=\"rl-gallery-item\"><a href=\"https:\/\/ecolecaritas.be\/new\/wp-content\/uploads\/2016\/04\/2016-03-25-14.15.34.jpg\" title=\"\" data-rl_title=\"\" class=\"rl-gallery-link\" data-rl_caption=\"\" data-rel=\"lightbox-gallery-1\"><img loading=\"lazy\" decoding=\"async\" src=\"https:\/\/ecolecaritas.be\/new\/wp-content\/uploads\/2016\/04\/2016-03-25-14.15.34-300x225.jpg\" width=\"300\" height=\"225\" alt=\"\" \/><\/a><\/div><div class=\"rl-gallery-item\"><a href=\"https:\/\/ecolecaritas.be\/new\/wp-content\/uploads\/2016\/04\/2016-03-25-14.15.26.jpg\" title=\"\" data-rl_title=\"\" class=\"rl-gallery-link\" data-rl_caption=\"\" data-rel=\"lightbox-gallery-1\"><img loading=\"lazy\" decoding=\"async\" src=\"https:\/\/ecolecaritas.be\/new\/wp-content\/uploads\/2016\/04\/2016-03-25-14.15.26-300x225.jpg\" width=\"300\" height=\"225\" alt=\"\" \/><\/a><\/div><div class=\"rl-gallery-item\"><a href=\"https:\/\/ecolecaritas.be\/new\/wp-content\/uploads\/2016\/04\/2016-03-25-14.15.21.jpg\" title=\"\" data-rl_title=\"\" class=\"rl-gallery-link\" data-rl_caption=\"\" data-rel=\"lightbox-gallery-1\"><img loading=\"lazy\" decoding=\"async\" src=\"https:\/\/ecolecaritas.be\/new\/wp-content\/uploads\/2016\/04\/2016-03-25-14.15.21-300x225.jpg\" width=\"300\" height=\"225\" alt=\"\" \/><\/a><\/div> <\/div> <\/div>\n","protected":false},"excerpt":{"rendered":"<div class=\"mh-excerpt\"><p>Quelques r\u00e9alisations collectives et individuelles, de la classe d&rsquo;accueil \u00e0 la troisi\u00e8me maternelle.<\/p>\n<\/div>","protected":false},"author":5,"featured_media":2689,"comment_status":"closed","ping_status":"closed","sticky":false,"template":"","format":"standard","meta":{"footnotes":""},"categories":[7],"tags":[],"class_list":["post-2703","post","type-post","status-publish","format-standard","has-post-thumbnail","hentry","category-mat"],"_links":{"self":[{"href":"https:\/\/ecolecaritas.be\/new\/wp-json\/wp\/v2\/posts\/2703","targetHints":{"allow":["GET"]}}],"collection":[{"href":"https:\/\/ecolecaritas.be\/new\/wp-json\/wp\/v2\/posts"}],"about":[{"href":"https:\/\/ecolecaritas.be\/new\/wp-json\/wp\/v2\/types\/post"}],"author":[{"embeddable":true,"href":"https:\/\/ecolecaritas.be\/new\/wp-json\/wp\/v2\/users\/5"}],"replies":[{"embeddable":true,"href":"https:\/\/ecolecaritas.be\/new\/wp-json\/wp\/v2\/comments?post=2703"}],"version-history":[{"count":1,"href":"https:\/\/ecolecaritas.be\/new\/wp-json\/wp\/v2\/posts\/2703\/revisions"}],"predecessor-version":[{"id":2704,"href":"https:\/\/ecolecaritas.be\/new\/wp-json\/wp\/v2\/posts\/2703\/revisions\/2704"}],"wp:featuredmedia":[{"embeddable":true,"href":"https:\/\/ecolecaritas.be\/new\/wp-json\/wp\/v2\/media\/2689"}],"wp:attachment":[{"href":"https:\/\/ecolecaritas.be\/new\/wp-json\/wp\/v2\/media?parent=2703"}],"wp:term":[{"taxonomy":"category","embeddable":true,"href":"https:\/\/ecolecaritas.be\/new\/wp-json\/wp\/v2\/categories?post=2703"},{"taxonomy":"post_tag","embeddable":true,"href":"https:\/\/ecolecaritas.be\/new\/wp-json\/wp\/v2\/tags?post=2703"}],"curies":[{"name":"wp","href":"https:\/\/api.w.org\/{rel}","templated":true}]}}