{"id":27614,"date":"2017-02-07T16:42:15","date_gmt":"2017-02-07T16:42:15","guid":{"rendered":"http:\/\/ecolecaritas.be\/new\/?p=27614"},"modified":"2017-02-07T16:42:15","modified_gmt":"2017-02-07T16:42:15","slug":"au-revoir-madame-linda","status":"publish","type":"post","link":"https:\/\/ecolecaritas.be\/new\/au-revoir-madame-linda\/","title":{"rendered":"Au revoir Madame Linda"},"content":{"rendered":"<p>En cette fin d\u00e9cembre 2016, Mme Linda a quitt\u00e9 l&rsquo;\u00e9cole Caritas apr\u00e8s de nombreuses ann\u00e9es aux c\u00f4t\u00e9s de nos plus jeunes.<\/p>\n<p>Linda \u00e9tait pr\u00e9sente tous les midis au r\u00e9fectoire (repas chauds) et puis, surtout, elle s&rsquo;est occup\u00e9e de la sieste des petits depuis fort longtemps.<\/p>\n<p>Les enfants de maternelle avaient pr\u00e9par\u00e9 une chanson et des cartes pour la remercier. Le PO \u00e9tait pr\u00e9sent \u00e9galement pour dire AU REVOIR \u00e0 Linda, et surtout A BIENTOT!<\/p>\n<p><em>A pr\u00e9sent, Linda,profite bien de tes petits enfants et prends soin de toi&#8230; MERCI<\/em><\/p>\n<div class=\"rl-gallery-container \" id=\"rl-gallery-container-1\" data-gallery_id=\"0\"> <div class=\"rl-gallery rl-basicgrid-gallery \" id=\"rl-gallery-1\" data-gallery_no=\"1\"> <div class=\"rl-gallery-item\"><a href=\"https:\/\/ecolecaritas.be\/new\/wp-content\/uploads\/2017\/02\/DSC00882_resized.jpg\" title=\"\" data-rl_title=\"\" class=\"rl-gallery-link\" data-rl_caption=\"\" data-rel=\"lightbox-gallery-1\"><img loading=\"lazy\" decoding=\"async\" src=\"https:\/\/ecolecaritas.be\/new\/wp-content\/uploads\/2017\/02\/DSC00882_resized-300x225.jpg\" width=\"300\" height=\"225\" alt=\"\" \/><\/a><\/div><div class=\"rl-gallery-item\"><a href=\"https:\/\/ecolecaritas.be\/new\/wp-content\/uploads\/2017\/02\/DSC00883_resized.jpg\" title=\"\" data-rl_title=\"\" class=\"rl-gallery-link\" data-rl_caption=\"\" data-rel=\"lightbox-gallery-1\"><img loading=\"lazy\" decoding=\"async\" src=\"https:\/\/ecolecaritas.be\/new\/wp-content\/uploads\/2017\/02\/DSC00883_resized-300x225.jpg\" width=\"300\" height=\"225\" alt=\"\" \/><\/a><\/div><div class=\"rl-gallery-item\"><a href=\"https:\/\/ecolecaritas.be\/new\/wp-content\/uploads\/2017\/02\/DSC00884_resized.jpg\" title=\"\" data-rl_title=\"\" class=\"rl-gallery-link\" data-rl_caption=\"\" data-rel=\"lightbox-gallery-1\"><img loading=\"lazy\" decoding=\"async\" src=\"https:\/\/ecolecaritas.be\/new\/wp-content\/uploads\/2017\/02\/DSC00884_resized-300x225.jpg\" width=\"300\" height=\"225\" alt=\"\" \/><\/a><\/div><div class=\"rl-gallery-item\"><a href=\"https:\/\/ecolecaritas.be\/new\/wp-content\/uploads\/2017\/02\/DSC00885_resized.jpg\" title=\"\" data-rl_title=\"\" class=\"rl-gallery-link\" data-rl_caption=\"\" data-rel=\"lightbox-gallery-1\"><img loading=\"lazy\" decoding=\"async\" src=\"https:\/\/ecolecaritas.be\/new\/wp-content\/uploads\/2017\/02\/DSC00885_resized-300x225.jpg\" width=\"300\" height=\"225\" alt=\"\" \/><\/a><\/div><div class=\"rl-gallery-item\"><a href=\"https:\/\/ecolecaritas.be\/new\/wp-content\/uploads\/2017\/02\/DSC00886_resized.jpg\" title=\"\" data-rl_title=\"\" class=\"rl-gallery-link\" data-rl_caption=\"\" data-rel=\"lightbox-gallery-1\"><img loading=\"lazy\" decoding=\"async\" src=\"https:\/\/ecolecaritas.be\/new\/wp-content\/uploads\/2017\/02\/DSC00886_resized-300x225.jpg\" width=\"300\" height=\"225\" alt=\"\" \/><\/a><\/div><div class=\"rl-gallery-item\"><a href=\"https:\/\/ecolecaritas.be\/new\/wp-content\/uploads\/2017\/02\/DSC00888_resized.jpg\" title=\"\" data-rl_title=\"\" class=\"rl-gallery-link\" data-rl_caption=\"\" data-rel=\"lightbox-gallery-1\"><img loading=\"lazy\" decoding=\"async\" src=\"https:\/\/ecolecaritas.be\/new\/wp-content\/uploads\/2017\/02\/DSC00888_resized-300x225.jpg\" width=\"300\" height=\"225\" alt=\"\" \/><\/a><\/div><div class=\"rl-gallery-item\"><a href=\"https:\/\/ecolecaritas.be\/new\/wp-content\/uploads\/2017\/02\/DSC00887_resized.jpg\" title=\"\" data-rl_title=\"\" class=\"rl-gallery-link\" data-rl_caption=\"\" data-rel=\"lightbox-gallery-1\"><img loading=\"lazy\" decoding=\"async\" src=\"https:\/\/ecolecaritas.be\/new\/wp-content\/uploads\/2017\/02\/DSC00887_resized-300x225.jpg\" width=\"300\" height=\"225\" alt=\"\" \/><\/a><\/div> <\/div> <\/div>\n","protected":false},"excerpt":{"rendered":"<div class=\"mh-excerpt\"><p>En cette fin d\u00e9cembre 2016, Mme Linda a quitt\u00e9 l&rsquo;\u00e9cole Caritas apr\u00e8s de nombreuses ann\u00e9es aux c\u00f4t\u00e9s de nos plus jeunes. Linda \u00e9tait pr\u00e9sente tous <a class=\"mh-excerpt-more\" href=\"https:\/\/ecolecaritas.be\/new\/au-revoir-madame-linda\/\" title=\"Au revoir Madame Linda\">[&#8230;]<\/a><\/p>\n<\/div>","protected":false},"author":4,"featured_media":27617,"comment_status":"closed","ping_status":"closed","sticky":false,"template":"","format":"standard","meta":{"footnotes":""},"categories":[7,6],"tags":[],"class_list":["post-27614","post","type-post","status-publish","format-standard","has-post-thumbnail","hentry","category-mat","category-general"],"_links":{"self":[{"href":"https:\/\/ecolecaritas.be\/new\/wp-json\/wp\/v2\/posts\/27614","targetHints":{"allow":["GET"]}}],"collection":[{"href":"https:\/\/ecolecaritas.be\/new\/wp-json\/wp\/v2\/posts"}],"about":[{"href":"https:\/\/ecolecaritas.be\/new\/wp-json\/wp\/v2\/types\/post"}],"author":[{"embeddable":true,"href":"https:\/\/ecolecaritas.be\/new\/wp-json\/wp\/v2\/users\/4"}],"replies":[{"embeddable":true,"href":"https:\/\/ecolecaritas.be\/new\/wp-json\/wp\/v2\/comments?post=27614"}],"version-history":[{"count":1,"href":"https:\/\/ecolecaritas.be\/new\/wp-json\/wp\/v2\/posts\/27614\/revisions"}],"predecessor-version":[{"id":27629,"href":"https:\/\/ecolecaritas.be\/new\/wp-json\/wp\/v2\/posts\/27614\/revisions\/27629"}],"wp:featuredmedia":[{"embeddable":true,"href":"https:\/\/ecolecaritas.be\/new\/wp-json\/wp\/v2\/media\/27617"}],"wp:attachment":[{"href":"https:\/\/ecolecaritas.be\/new\/wp-json\/wp\/v2\/media?parent=27614"}],"wp:term":[{"taxonomy":"category","embeddable":true,"href":"https:\/\/ecolecaritas.be\/new\/wp-json\/wp\/v2\/categories?post=27614"},{"taxonomy":"post_tag","embeddable":true,"href":"https:\/\/ecolecaritas.be\/new\/wp-json\/wp\/v2\/tags?post=27614"}],"curies":[{"name":"wp","href":"https:\/\/api.w.org\/{rel}","templated":true}]}}