{"id":3319,"date":"2016-09-18T19:35:28","date_gmt":"2016-09-18T19:35:28","guid":{"rendered":"http:\/\/ecolecaritas.be\/new\/?p=3319"},"modified":"2016-09-18T19:35:48","modified_gmt":"2016-09-18T19:35:48","slug":"benediction-des-cartable-le-film","status":"publish","type":"post","link":"https:\/\/ecolecaritas.be\/new\/benediction-des-cartable-le-film\/","title":{"rendered":"B\u00e9n\u00e9diction des cartable: le film"},"content":{"rendered":"<h2><strong>B\u00e9n\u00e9diction des cartable ce mercredi 7\/09\/2016<\/strong><\/h2>\n<p><iframe loading=\"lazy\" title=\"benediction des cartables sept 2016\" width=\"500\" height=\"281\" src=\"https:\/\/www.youtube.com\/embed\/c89kl7hoKro?feature=oembed\" frameborder=\"0\" allow=\"accelerometer; autoplay; clipboard-write; encrypted-media; gyroscope; picture-in-picture; web-share\" referrerpolicy=\"strict-origin-when-cross-origin\" allowfullscreen><\/iframe><\/p>\n","protected":false},"excerpt":{"rendered":"<div class=\"mh-excerpt\"><p>B\u00e9n\u00e9diction des cartable ce mercredi 7\/09\/2016<\/p>\n<\/div>","protected":false},"author":2,"featured_media":0,"comment_status":"closed","ping_status":"closed","sticky":false,"template":"","format":"standard","meta":{"footnotes":""},"categories":[4],"tags":[],"class_list":["post-3319","post","type-post","status-publish","format-standard","hentry","category-classes"],"_links":{"self":[{"href":"https:\/\/ecolecaritas.be\/new\/wp-json\/wp\/v2\/posts\/3319","targetHints":{"allow":["GET"]}}],"collection":[{"href":"https:\/\/ecolecaritas.be\/new\/wp-json\/wp\/v2\/posts"}],"about":[{"href":"https:\/\/ecolecaritas.be\/new\/wp-json\/wp\/v2\/types\/post"}],"author":[{"embeddable":true,"href":"https:\/\/ecolecaritas.be\/new\/wp-json\/wp\/v2\/users\/2"}],"replies":[{"embeddable":true,"href":"https:\/\/ecolecaritas.be\/new\/wp-json\/wp\/v2\/comments?post=3319"}],"version-history":[{"count":1,"href":"https:\/\/ecolecaritas.be\/new\/wp-json\/wp\/v2\/posts\/3319\/revisions"}],"predecessor-version":[{"id":3320,"href":"https:\/\/ecolecaritas.be\/new\/wp-json\/wp\/v2\/posts\/3319\/revisions\/3320"}],"wp:attachment":[{"href":"https:\/\/ecolecaritas.be\/new\/wp-json\/wp\/v2\/media?parent=3319"}],"wp:term":[{"taxonomy":"category","embeddable":true,"href":"https:\/\/ecolecaritas.be\/new\/wp-json\/wp\/v2\/categories?post=3319"},{"taxonomy":"post_tag","embeddable":true,"href":"https:\/\/ecolecaritas.be\/new\/wp-json\/wp\/v2\/tags?post=3319"}],"curies":[{"name":"wp","href":"https:\/\/api.w.org\/{rel}","templated":true}]}}