{"id":3458,"date":"2016-11-09T09:18:28","date_gmt":"2016-11-09T09:18:28","guid":{"rendered":"http:\/\/ecolecaritas.be\/new\/?p=3458"},"modified":"2016-11-09T09:19:19","modified_gmt":"2016-11-09T09:19:19","slug":"les-p5-en-visite-a-la-chapelle-musicale-reine-elisabeth","status":"publish","type":"post","link":"https:\/\/ecolecaritas.be\/new\/les-p5-en-visite-a-la-chapelle-musicale-reine-elisabeth\/","title":{"rendered":"Les P5 en visite \u00e0 la Chapelle Musicale Reine Elisabeth"},"content":{"rendered":"<p>Ce mardi 8 novembre, les \u00e9l\u00e8ves de P5 se sont rendus \u00e0 la Chapelle Musicale Reine Elisabeth \u00e0 Waterloo.<\/p>\n<p>La journ\u00e9e \u00e9tait organis\u00e9e par l&rsquo;\u00e9chevine de la Culture et de l&rsquo;Enseignement, dans le cadre des journ\u00e9es interscolaires.<\/p>\n<p>Une magnifique exp\u00e9rience v\u00e9cue par nos \u00e9l\u00e8ves, accueillis dans ce lieu d&rsquo;exception. Ils ont abord\u00e9 tant l&rsquo;aspect architectural et historique de la Chapelle, que bien s\u00fbr la musique, puisqu&rsquo;ils ont assist\u00e9 \u00e0 un concert en fin de visite.<\/p>\n<p>Un r\u00e9sum\u00e9 de la journ\u00e9e dans\u00a0ce reportage de TVcom:<\/p>\n<p><a href=\"http:\/\/www.tvcom.be\/video\/info\/waterloo-visite-de-la-chapelle-musicale_18518_89.html\">http:\/\/www.tvcom.be\/video\/info\/waterloo-visite-de-la-chapelle-musicale_18518_89.html<\/a><\/p>\n<p>&nbsp;<\/p>\n","protected":false},"excerpt":{"rendered":"<div class=\"mh-excerpt\"><p>Ce mardi 8 novembre, les \u00e9l\u00e8ves de P5 se sont rendus \u00e0 la Chapelle Musicale Reine Elisabeth \u00e0 Waterloo. La journ\u00e9e \u00e9tait organis\u00e9e par l&rsquo;\u00e9chevine <a class=\"mh-excerpt-more\" href=\"https:\/\/ecolecaritas.be\/new\/les-p5-en-visite-a-la-chapelle-musicale-reine-elisabeth\/\" title=\"Les P5 en visite \u00e0 la Chapelle Musicale Reine Elisabeth\">[&#8230;]<\/a><\/p>\n<\/div>","protected":false},"author":4,"featured_media":3459,"comment_status":"closed","ping_status":"closed","sticky":false,"template":"","format":"standard","meta":{"footnotes":""},"categories":[10],"tags":[],"class_list":["post-3458","post","type-post","status-publish","format-standard","has-post-thumbnail","hentry","category-p56"],"_links":{"self":[{"href":"https:\/\/ecolecaritas.be\/new\/wp-json\/wp\/v2\/posts\/3458","targetHints":{"allow":["GET"]}}],"collection":[{"href":"https:\/\/ecolecaritas.be\/new\/wp-json\/wp\/v2\/posts"}],"about":[{"href":"https:\/\/ecolecaritas.be\/new\/wp-json\/wp\/v2\/types\/post"}],"author":[{"embeddable":true,"href":"https:\/\/ecolecaritas.be\/new\/wp-json\/wp\/v2\/users\/4"}],"replies":[{"embeddable":true,"href":"https:\/\/ecolecaritas.be\/new\/wp-json\/wp\/v2\/comments?post=3458"}],"version-history":[{"count":2,"href":"https:\/\/ecolecaritas.be\/new\/wp-json\/wp\/v2\/posts\/3458\/revisions"}],"predecessor-version":[{"id":3461,"href":"https:\/\/ecolecaritas.be\/new\/wp-json\/wp\/v2\/posts\/3458\/revisions\/3461"}],"wp:featuredmedia":[{"embeddable":true,"href":"https:\/\/ecolecaritas.be\/new\/wp-json\/wp\/v2\/media\/3459"}],"wp:attachment":[{"href":"https:\/\/ecolecaritas.be\/new\/wp-json\/wp\/v2\/media?parent=3458"}],"wp:term":[{"taxonomy":"category","embeddable":true,"href":"https:\/\/ecolecaritas.be\/new\/wp-json\/wp\/v2\/categories?post=3458"},{"taxonomy":"post_tag","embeddable":true,"href":"https:\/\/ecolecaritas.be\/new\/wp-json\/wp\/v2\/tags?post=3458"}],"curies":[{"name":"wp","href":"https:\/\/api.w.org\/{rel}","templated":true}]}}