{"id":3577,"date":"2016-12-06T15:33:46","date_gmt":"2016-12-06T15:33:46","guid":{"rendered":"http:\/\/ecolecaritas.be\/new\/?p=3577"},"modified":"2016-12-06T15:33:46","modified_gmt":"2016-12-06T15:33:46","slug":"le-loup-qui-avait-tres-faim","status":"publish","type":"post","link":"https:\/\/ecolecaritas.be\/new\/le-loup-qui-avait-tres-faim\/","title":{"rendered":"Le loup qui avait tr\u00e8s faim !"},"content":{"rendered":"<div class=\"actu-title\">Les 3\u00e8me maternelles ont d\u00e9cid\u00e9 de participer au concours de l&rsquo;Ecole des loisirs \u00ab\u00a0Il \u00e9tait une fois&#8230; ton lutin\u00a0\u00bb.<\/div>\n<div class=\"actu-title\">Tous ensemble et de A \u00e0 Z, avec l&rsquo;aide de Mme Delphine, ils ont invent\u00e9 et r\u00e9alis\u00e9 leur album, dont ils sont tr\u00e8s fiers!<\/div>\n<div class=\"actu-title\">Bravo les amis !<\/div>\n<div class=\"actu-title\">Nous avons envoy\u00e9 notre album \u00e0 Paris, nous saurons fin d\u00e9cembre si nous sommes s\u00e9lectionn\u00e9s, nous gagnerons peut-\u00eatre de beaux livres pour la classe \ud83d\ude42<\/div>\n<div class=\"actu-title\"><\/div>\n<div class=\"actu-title\">\n<div class=\"rl-gallery-container \" id=\"rl-gallery-container-1\" data-gallery_id=\"0\"> <div class=\"rl-gallery rl-basicgrid-gallery \" id=\"rl-gallery-1\" data-gallery_no=\"1\"> <div class=\"rl-gallery-item\"><a href=\"https:\/\/ecolecaritas.be\/new\/wp-content\/uploads\/2016\/12\/2016-11-18-14.25.34.jpg\" title=\"\" data-rl_title=\"\" class=\"rl-gallery-link\" data-rl_caption=\"\" data-rel=\"lightbox-gallery-1\"><img loading=\"lazy\" decoding=\"async\" src=\"https:\/\/ecolecaritas.be\/new\/wp-content\/uploads\/2016\/12\/2016-11-18-14.25.34-300x225.jpg\" width=\"300\" height=\"225\" alt=\"\" \/><\/a><\/div><div class=\"rl-gallery-item\"><a href=\"https:\/\/ecolecaritas.be\/new\/wp-content\/uploads\/2016\/12\/2016-12-02-13.44.48-e1480706081579.jpg\" title=\"\" data-rl_title=\"\" class=\"rl-gallery-link\" data-rl_caption=\"\" data-rel=\"lightbox-gallery-1\"><img loading=\"lazy\" decoding=\"async\" src=\"https:\/\/ecolecaritas.be\/new\/wp-content\/uploads\/2016\/12\/2016-12-02-13.44.48-e1480706081579-225x300.jpg\" width=\"225\" height=\"300\" alt=\"\" \/><\/a><\/div><div class=\"rl-gallery-item\"><a href=\"https:\/\/ecolecaritas.be\/new\/wp-content\/uploads\/2016\/12\/2016-12-02-13.45.01-e1480705398295.jpg\" title=\"\" data-rl_title=\"\" class=\"rl-gallery-link\" data-rl_caption=\"\" data-rel=\"lightbox-gallery-1\"><img loading=\"lazy\" decoding=\"async\" src=\"https:\/\/ecolecaritas.be\/new\/wp-content\/uploads\/2016\/12\/2016-12-02-13.45.01-e1480705398295-225x300.jpg\" width=\"225\" height=\"300\" alt=\"\" \/><\/a><\/div><div class=\"rl-gallery-item\"><a href=\"https:\/\/ecolecaritas.be\/new\/wp-content\/uploads\/2016\/12\/2016-12-02-13.45.14-e1480705364413.jpg\" title=\"\" data-rl_title=\"\" class=\"rl-gallery-link\" data-rl_caption=\"\" data-rel=\"lightbox-gallery-1\"><img loading=\"lazy\" decoding=\"async\" src=\"https:\/\/ecolecaritas.be\/new\/wp-content\/uploads\/2016\/12\/2016-12-02-13.45.14-e1480705364413-225x300.jpg\" width=\"225\" height=\"300\" alt=\"\" \/><\/a><\/div><div class=\"rl-gallery-item\"><a href=\"https:\/\/ecolecaritas.be\/new\/wp-content\/uploads\/2016\/12\/2016-12-02-13.45.23-e1480705328491.jpg\" title=\"\" data-rl_title=\"\" class=\"rl-gallery-link\" data-rl_caption=\"\" data-rel=\"lightbox-gallery-1\"><img loading=\"lazy\" decoding=\"async\" src=\"https:\/\/ecolecaritas.be\/new\/wp-content\/uploads\/2016\/12\/2016-12-02-13.45.23-e1480705328491-225x300.jpg\" width=\"225\" height=\"300\" alt=\"\" \/><\/a><\/div><div class=\"rl-gallery-item\"><a href=\"https:\/\/ecolecaritas.be\/new\/wp-content\/uploads\/2016\/12\/2016-12-02-13.45.38-e1480705435997.jpg\" title=\"\" data-rl_title=\"\" class=\"rl-gallery-link\" data-rl_caption=\"\" data-rel=\"lightbox-gallery-1\"><img loading=\"lazy\" decoding=\"async\" src=\"https:\/\/ecolecaritas.be\/new\/wp-content\/uploads\/2016\/12\/2016-12-02-13.45.38-e1480705435997-225x300.jpg\" width=\"225\" height=\"300\" alt=\"\" \/><\/a><\/div><div class=\"rl-gallery-item\"><a href=\"https:\/\/ecolecaritas.be\/new\/wp-content\/uploads\/2016\/12\/2016-12-02-13.45.51-e1480705452886.jpg\" title=\"\" data-rl_title=\"\" class=\"rl-gallery-link\" data-rl_caption=\"\" data-rel=\"lightbox-gallery-1\"><img loading=\"lazy\" decoding=\"async\" src=\"https:\/\/ecolecaritas.be\/new\/wp-content\/uploads\/2016\/12\/2016-12-02-13.45.51-e1480705452886-225x300.jpg\" width=\"225\" height=\"300\" alt=\"\" \/><\/a><\/div><div class=\"rl-gallery-item\"><a href=\"https:\/\/ecolecaritas.be\/new\/wp-content\/uploads\/2016\/12\/2016-12-02-13.45.59-e1480706049888.jpg\" title=\"\" data-rl_title=\"\" class=\"rl-gallery-link\" data-rl_caption=\"\" data-rel=\"lightbox-gallery-1\"><img loading=\"lazy\" decoding=\"async\" src=\"https:\/\/ecolecaritas.be\/new\/wp-content\/uploads\/2016\/12\/2016-12-02-13.45.59-e1480706049888-225x300.jpg\" width=\"225\" height=\"300\" alt=\"\" \/><\/a><\/div><div class=\"rl-gallery-item\"><a href=\"https:\/\/ecolecaritas.be\/new\/wp-content\/uploads\/2016\/12\/2016-12-02-13.52.55-e1480705597277.jpg\" title=\"\" data-rl_title=\"\" class=\"rl-gallery-link\" data-rl_caption=\"\" data-rel=\"lightbox-gallery-1\"><img loading=\"lazy\" decoding=\"async\" src=\"https:\/\/ecolecaritas.be\/new\/wp-content\/uploads\/2016\/12\/2016-12-02-13.52.55-e1480705597277-225x300.jpg\" width=\"225\" height=\"300\" alt=\"\" \/><\/a><\/div><div class=\"rl-gallery-item\"><a href=\"https:\/\/ecolecaritas.be\/new\/wp-content\/uploads\/2016\/12\/2016-12-02-13.46.59-e1480705577858.jpg\" title=\"\" data-rl_title=\"\" class=\"rl-gallery-link\" data-rl_caption=\"\" data-rel=\"lightbox-gallery-1\"><img loading=\"lazy\" decoding=\"async\" src=\"https:\/\/ecolecaritas.be\/new\/wp-content\/uploads\/2016\/12\/2016-12-02-13.46.59-e1480705577858-225x300.jpg\" width=\"225\" height=\"300\" alt=\"\" \/><\/a><\/div><div class=\"rl-gallery-item\"><a href=\"https:\/\/ecolecaritas.be\/new\/wp-content\/uploads\/2016\/12\/2016-12-02-14.04.14.jpg\" title=\"\" data-rl_title=\"\" class=\"rl-gallery-link\" data-rl_caption=\"\" data-rel=\"lightbox-gallery-1\"><img loading=\"lazy\" decoding=\"async\" src=\"https:\/\/ecolecaritas.be\/new\/wp-content\/uploads\/2016\/12\/2016-12-02-14.04.14-300x225.jpg\" width=\"300\" height=\"225\" alt=\"\" \/><\/a><\/div> <\/div> <\/div>\n<\/div>\n<div class=\"actu-title\"><\/div>\n<div class=\"actu-title\"><\/div>\n<div class=\"actu-title\"><\/div>\n<div class=\"actu-desc\"><\/div>\n","protected":false},"excerpt":{"rendered":"<div class=\"mh-excerpt\"><p>Les 3\u00e8me maternelles ont d\u00e9cid\u00e9 de participer au concours de l&rsquo;Ecole des loisirs \u00ab\u00a0Il \u00e9tait une fois&#8230; ton lutin\u00a0\u00bb. Tous ensemble et de A \u00e0 <a class=\"mh-excerpt-more\" href=\"https:\/\/ecolecaritas.be\/new\/le-loup-qui-avait-tres-faim\/\" title=\"Le loup qui avait tr\u00e8s faim !\">[&#8230;]<\/a><\/p>\n<\/div>","protected":false},"author":5,"featured_media":3576,"comment_status":"closed","ping_status":"closed","sticky":false,"template":"","format":"standard","meta":{"footnotes":""},"categories":[7,1],"tags":[],"class_list":["post-3577","post","type-post","status-publish","format-standard","has-post-thumbnail","hentry","category-mat","category-uncategorized"],"_links":{"self":[{"href":"https:\/\/ecolecaritas.be\/new\/wp-json\/wp\/v2\/posts\/3577","targetHints":{"allow":["GET"]}}],"collection":[{"href":"https:\/\/ecolecaritas.be\/new\/wp-json\/wp\/v2\/posts"}],"about":[{"href":"https:\/\/ecolecaritas.be\/new\/wp-json\/wp\/v2\/types\/post"}],"author":[{"embeddable":true,"href":"https:\/\/ecolecaritas.be\/new\/wp-json\/wp\/v2\/users\/5"}],"replies":[{"embeddable":true,"href":"https:\/\/ecolecaritas.be\/new\/wp-json\/wp\/v2\/comments?post=3577"}],"version-history":[{"count":3,"href":"https:\/\/ecolecaritas.be\/new\/wp-json\/wp\/v2\/posts\/3577\/revisions"}],"predecessor-version":[{"id":3586,"href":"https:\/\/ecolecaritas.be\/new\/wp-json\/wp\/v2\/posts\/3577\/revisions\/3586"}],"wp:featuredmedia":[{"embeddable":true,"href":"https:\/\/ecolecaritas.be\/new\/wp-json\/wp\/v2\/media\/3576"}],"wp:attachment":[{"href":"https:\/\/ecolecaritas.be\/new\/wp-json\/wp\/v2\/media?parent=3577"}],"wp:term":[{"taxonomy":"category","embeddable":true,"href":"https:\/\/ecolecaritas.be\/new\/wp-json\/wp\/v2\/categories?post=3577"},{"taxonomy":"post_tag","embeddable":true,"href":"https:\/\/ecolecaritas.be\/new\/wp-json\/wp\/v2\/tags?post=3577"}],"curies":[{"name":"wp","href":"https:\/\/api.w.org\/{rel}","templated":true}]}}