{"id":3595,"date":"2016-12-16T14:50:38","date_gmt":"2016-12-16T14:50:38","guid":{"rendered":"http:\/\/ecolecaritas.be\/new\/?p=3595"},"modified":"2016-12-16T14:50:38","modified_gmt":"2016-12-16T14:50:38","slug":"jesus-dans-lart","status":"publish","type":"post","link":"https:\/\/ecolecaritas.be\/new\/jesus-dans-lart\/","title":{"rendered":"J\u00e9sus dans l&rsquo;Art"},"content":{"rendered":"<p>Au cours de religion, les \u00e9l\u00e8ves de P6 ont d\u00e9couvert des p\u00e9riodes de l&rsquo;histoire de l&rsquo;Art \u00e0 travers des tableaux qui \u00e9voquent la vie de J\u00e9sus.<\/p>\n<p>A leur tour, ils ont cr\u00e9\u00e9 leur tableau!<\/p>\n<div class=\"rl-gallery-container \" id=\"rl-gallery-container-1\" data-gallery_id=\"0\"> <div class=\"rl-gallery rl-basicgrid-gallery \" id=\"rl-gallery-1\" data-gallery_no=\"1\"> <div class=\"rl-gallery-item\"><a href=\"https:\/\/ecolecaritas.be\/new\/wp-content\/uploads\/2016\/12\/2016-12-13-11.33.28-e1481835686754.jpg\" title=\"\" data-rl_title=\"\" class=\"rl-gallery-link\" data-rl_caption=\"\" data-rel=\"lightbox-gallery-1\"><img loading=\"lazy\" decoding=\"async\" src=\"https:\/\/ecolecaritas.be\/new\/wp-content\/uploads\/2016\/12\/2016-12-13-11.33.28-e1481835686754-225x300.jpg\" width=\"225\" height=\"300\" alt=\"\" \/><\/a><\/div><div class=\"rl-gallery-item\"><a href=\"https:\/\/ecolecaritas.be\/new\/wp-content\/uploads\/2016\/12\/2016-12-13-11.34.03-e1481835710991.jpg\" title=\"\" data-rl_title=\"\" class=\"rl-gallery-link\" data-rl_caption=\"\" data-rel=\"lightbox-gallery-1\"><img loading=\"lazy\" decoding=\"async\" src=\"https:\/\/ecolecaritas.be\/new\/wp-content\/uploads\/2016\/12\/2016-12-13-11.34.03-e1481835710991-225x300.jpg\" width=\"225\" height=\"300\" alt=\"\" \/><\/a><\/div><div class=\"rl-gallery-item\"><a href=\"https:\/\/ecolecaritas.be\/new\/wp-content\/uploads\/2016\/12\/2016-12-13-11.34.10-e1481835732367.jpg\" title=\"\" data-rl_title=\"\" class=\"rl-gallery-link\" data-rl_caption=\"\" data-rel=\"lightbox-gallery-1\"><img loading=\"lazy\" decoding=\"async\" src=\"https:\/\/ecolecaritas.be\/new\/wp-content\/uploads\/2016\/12\/2016-12-13-11.34.10-e1481835732367-225x300.jpg\" width=\"225\" height=\"300\" alt=\"\" \/><\/a><\/div><div class=\"rl-gallery-item\"><a href=\"https:\/\/ecolecaritas.be\/new\/wp-content\/uploads\/2016\/12\/2016-12-13-11.33.56-e1481835756620.jpg\" title=\"\" data-rl_title=\"\" class=\"rl-gallery-link\" data-rl_caption=\"\" data-rel=\"lightbox-gallery-1\"><img loading=\"lazy\" decoding=\"async\" src=\"https:\/\/ecolecaritas.be\/new\/wp-content\/uploads\/2016\/12\/2016-12-13-11.33.56-e1481835756620-225x300.jpg\" width=\"225\" height=\"300\" alt=\"\" \/><\/a><\/div><div class=\"rl-gallery-item\"><a href=\"https:\/\/ecolecaritas.be\/new\/wp-content\/uploads\/2016\/12\/2016-12-13-11.33.46-e1481835776148.jpg\" title=\"\" data-rl_title=\"\" class=\"rl-gallery-link\" data-rl_caption=\"\" data-rel=\"lightbox-gallery-1\"><img loading=\"lazy\" decoding=\"async\" src=\"https:\/\/ecolecaritas.be\/new\/wp-content\/uploads\/2016\/12\/2016-12-13-11.33.46-e1481835776148-225x300.jpg\" width=\"225\" height=\"300\" alt=\"\" \/><\/a><\/div><div class=\"rl-gallery-item\"><a href=\"https:\/\/ecolecaritas.be\/new\/wp-content\/uploads\/2016\/12\/2016-12-13-11.33.36-e1481835798462.jpg\" title=\"\" data-rl_title=\"\" class=\"rl-gallery-link\" data-rl_caption=\"\" data-rel=\"lightbox-gallery-1\"><img loading=\"lazy\" decoding=\"async\" src=\"https:\/\/ecolecaritas.be\/new\/wp-content\/uploads\/2016\/12\/2016-12-13-11.33.36-e1481835798462-225x300.jpg\" width=\"225\" height=\"300\" alt=\"\" \/><\/a><\/div><div class=\"rl-gallery-item\"><a href=\"https:\/\/ecolecaritas.be\/new\/wp-content\/uploads\/2016\/12\/2016-12-13-11.33.20-e1481835819480.jpg\" title=\"\" data-rl_title=\"\" class=\"rl-gallery-link\" data-rl_caption=\"\" data-rel=\"lightbox-gallery-1\"><img loading=\"lazy\" decoding=\"async\" src=\"https:\/\/ecolecaritas.be\/new\/wp-content\/uploads\/2016\/12\/2016-12-13-11.33.20-e1481835819480-225x300.jpg\" width=\"225\" height=\"300\" alt=\"\" \/><\/a><\/div><div class=\"rl-gallery-item\"><a href=\"https:\/\/ecolecaritas.be\/new\/wp-content\/uploads\/2016\/12\/2016-12-13-11.32.50-e1481835618408.jpg\" title=\"\" data-rl_title=\"\" class=\"rl-gallery-link\" data-rl_caption=\"\" data-rel=\"lightbox-gallery-1\"><img loading=\"lazy\" decoding=\"async\" src=\"https:\/\/ecolecaritas.be\/new\/wp-content\/uploads\/2016\/12\/2016-12-13-11.32.50-e1481835618408-225x300.jpg\" width=\"225\" height=\"300\" alt=\"\" \/><\/a><\/div> <\/div> <\/div>\n","protected":false},"excerpt":{"rendered":"<div class=\"mh-excerpt\"><p>Au cours de religion, les \u00e9l\u00e8ves de P6 ont d\u00e9couvert des p\u00e9riodes de l&rsquo;histoire de l&rsquo;Art \u00e0 travers des tableaux qui \u00e9voquent la vie de <a class=\"mh-excerpt-more\" href=\"https:\/\/ecolecaritas.be\/new\/jesus-dans-lart\/\" title=\"J\u00e9sus dans l&rsquo;Art\">[&#8230;]<\/a><\/p>\n<\/div>","protected":false},"author":5,"featured_media":3609,"comment_status":"closed","ping_status":"closed","sticky":false,"template":"","format":"standard","meta":{"footnotes":""},"categories":[10],"tags":[],"class_list":["post-3595","post","type-post","status-publish","format-standard","has-post-thumbnail","hentry","category-p56"],"_links":{"self":[{"href":"https:\/\/ecolecaritas.be\/new\/wp-json\/wp\/v2\/posts\/3595","targetHints":{"allow":["GET"]}}],"collection":[{"href":"https:\/\/ecolecaritas.be\/new\/wp-json\/wp\/v2\/posts"}],"about":[{"href":"https:\/\/ecolecaritas.be\/new\/wp-json\/wp\/v2\/types\/post"}],"author":[{"embeddable":true,"href":"https:\/\/ecolecaritas.be\/new\/wp-json\/wp\/v2\/users\/5"}],"replies":[{"embeddable":true,"href":"https:\/\/ecolecaritas.be\/new\/wp-json\/wp\/v2\/comments?post=3595"}],"version-history":[{"count":5,"href":"https:\/\/ecolecaritas.be\/new\/wp-json\/wp\/v2\/posts\/3595\/revisions"}],"predecessor-version":[{"id":3610,"href":"https:\/\/ecolecaritas.be\/new\/wp-json\/wp\/v2\/posts\/3595\/revisions\/3610"}],"wp:featuredmedia":[{"embeddable":true,"href":"https:\/\/ecolecaritas.be\/new\/wp-json\/wp\/v2\/media\/3609"}],"wp:attachment":[{"href":"https:\/\/ecolecaritas.be\/new\/wp-json\/wp\/v2\/media?parent=3595"}],"wp:term":[{"taxonomy":"category","embeddable":true,"href":"https:\/\/ecolecaritas.be\/new\/wp-json\/wp\/v2\/categories?post=3595"},{"taxonomy":"post_tag","embeddable":true,"href":"https:\/\/ecolecaritas.be\/new\/wp-json\/wp\/v2\/tags?post=3595"}],"curies":[{"name":"wp","href":"https:\/\/api.w.org\/{rel}","templated":true}]}}