{"id":3861,"date":"2017-01-19T13:29:47","date_gmt":"2017-01-19T13:29:47","guid":{"rendered":"http:\/\/ecolecaritas.be\/new\/?p=3861"},"modified":"2017-01-19T13:29:47","modified_gmt":"2017-01-19T13:29:47","slug":"action-iles-de-paix","status":"publish","type":"post","link":"https:\/\/ecolecaritas.be\/new\/action-iles-de-paix\/","title":{"rendered":"Action Iles de Paix"},"content":{"rendered":"<p>Action Iles de Paix ou quand Dieu se montre \u00e0 l&rsquo;\u00e9cole!<\/p>\n<p>Mardi 17 janvier 2017&#8230;<\/p>\n<p>En P4, P5 et P6, on vit avec intensit\u00e9 une\u00a0<strong>animation Iles de Paix<\/strong>.<\/p>\n<p>Touch\u00e9s par leurs fr\u00e8res humains, le peuple des Masa\u00efs, en Tanzanie, les \u00e9l\u00e8ves en ressortent encore plus motiv\u00e9s et touch\u00e9s pour vendre des\u00a0<strong>bracelets<\/strong> et des\u00a0<strong>modules<\/strong>.<\/p>\n<p>Avec les 5\u20ac dont 4,95 \u20ac sont directement vers\u00e9s aux projets I. d. P., ils leur permettront d&rsquo;acc\u00e9der \u00e0 de l&rsquo;eau potable.<\/p>\n<p>R\u00e9servez-leur donc un bon ACCUEIL!<\/p>\n<p>Mme CH. Bolmain &#8211; professeur de religion<\/p>\n<p><a href=\"https:\/\/ecolecaritas.be\/new\/wp-content\/uploads\/2017\/01\/img178.jpg\" data-rel=\"lightbox-image-0\" data-rl_title=\"\" data-rl_caption=\"\" title=\"\"><img loading=\"lazy\" decoding=\"async\" class=\"alignnone size-full wp-image-3862\" src=\"https:\/\/ecolecaritas.be\/new\/wp-content\/uploads\/2017\/01\/img178.jpg\" alt=\"\" width=\"2459\" height=\"1764\" srcset=\"https:\/\/ecolecaritas.be\/new\/wp-content\/uploads\/2017\/01\/img178.jpg 2459w, https:\/\/ecolecaritas.be\/new\/wp-content\/uploads\/2017\/01\/img178-300x215.jpg 300w, https:\/\/ecolecaritas.be\/new\/wp-content\/uploads\/2017\/01\/img178-768x551.jpg 768w, https:\/\/ecolecaritas.be\/new\/wp-content\/uploads\/2017\/01\/img178-1024x735.jpg 1024w, https:\/\/ecolecaritas.be\/new\/wp-content\/uploads\/2017\/01\/img178-600x430.jpg 600w\" sizes=\"auto, (max-width: 2459px) 100vw, 2459px\" \/><\/a><\/p>\n","protected":false},"excerpt":{"rendered":"<div class=\"mh-excerpt\"><p>Action Iles de Paix ou quand Dieu se montre \u00e0 l&rsquo;\u00e9cole! Mardi 17 janvier 2017&#8230; En P4, P5 et P6, on vit avec intensit\u00e9 une\u00a0animation <a class=\"mh-excerpt-more\" href=\"https:\/\/ecolecaritas.be\/new\/action-iles-de-paix\/\" title=\"Action Iles de Paix\">[&#8230;]<\/a><\/p>\n<\/div>","protected":false},"author":4,"featured_media":3862,"comment_status":"closed","ping_status":"closed","sticky":false,"template":"","format":"standard","meta":{"footnotes":""},"categories":[9,10],"tags":[],"class_list":["post-3861","post","type-post","status-publish","format-standard","has-post-thumbnail","hentry","category-p34","category-p56"],"_links":{"self":[{"href":"https:\/\/ecolecaritas.be\/new\/wp-json\/wp\/v2\/posts\/3861","targetHints":{"allow":["GET"]}}],"collection":[{"href":"https:\/\/ecolecaritas.be\/new\/wp-json\/wp\/v2\/posts"}],"about":[{"href":"https:\/\/ecolecaritas.be\/new\/wp-json\/wp\/v2\/types\/post"}],"author":[{"embeddable":true,"href":"https:\/\/ecolecaritas.be\/new\/wp-json\/wp\/v2\/users\/4"}],"replies":[{"embeddable":true,"href":"https:\/\/ecolecaritas.be\/new\/wp-json\/wp\/v2\/comments?post=3861"}],"version-history":[{"count":1,"href":"https:\/\/ecolecaritas.be\/new\/wp-json\/wp\/v2\/posts\/3861\/revisions"}],"predecessor-version":[{"id":3863,"href":"https:\/\/ecolecaritas.be\/new\/wp-json\/wp\/v2\/posts\/3861\/revisions\/3863"}],"wp:featuredmedia":[{"embeddable":true,"href":"https:\/\/ecolecaritas.be\/new\/wp-json\/wp\/v2\/media\/3862"}],"wp:attachment":[{"href":"https:\/\/ecolecaritas.be\/new\/wp-json\/wp\/v2\/media?parent=3861"}],"wp:term":[{"taxonomy":"category","embeddable":true,"href":"https:\/\/ecolecaritas.be\/new\/wp-json\/wp\/v2\/categories?post=3861"},{"taxonomy":"post_tag","embeddable":true,"href":"https:\/\/ecolecaritas.be\/new\/wp-json\/wp\/v2\/tags?post=3861"}],"curies":[{"name":"wp","href":"https:\/\/api.w.org\/{rel}","templated":true}]}}