{"id":484,"date":"2015-01-12T10:48:17","date_gmt":"2015-01-12T10:48:17","guid":{"rendered":"http:\/\/ecolecaritas.be\/new\/?p=484"},"modified":"2015-01-14T21:49:00","modified_gmt":"2015-01-14T21:49:00","slug":"dis-quest-ce-quon-mange-ce-midi","status":"publish","type":"post","link":"https:\/\/ecolecaritas.be\/new\/dis-quest-ce-quon-mange-ce-midi\/","title":{"rendered":"Dis, qu&rsquo;est-ce qu&rsquo;on mange ce midi?"},"content":{"rendered":"<p>Dor\u00e9navant, vous trouverez sur le site de notre \u00e9cole les menus des repas chauds.<\/p>\n<p>Il vous suffit de vous rendre dans l&rsquo;onglet \u00ab\u00a0informations g\u00e9n\u00e9rales\u00a0\u00bb &#8211; \u00ab\u00a0repas chauds\u00a0\u00bb. Vous cliquez sur le mois qui vous int\u00e9resse, et le menu s&rsquo;affiche.<\/p>\n<p>Pratique, pour \u00e9viter de proposer les m\u00eames aliments \u00e0 la maison la veille ou le lendemain&#8230;<\/p>\n<p>Bon app\u00e9tit!<\/p>\n","protected":false},"excerpt":{"rendered":"<div class=\"mh-excerpt\"><p>Dor\u00e9navant, vous trouverez sur le site de notre \u00e9cole les menus des repas chauds. Il vous suffit de vous rendre dans l&rsquo;onglet \u00ab\u00a0informations g\u00e9n\u00e9rales\u00a0\u00bb &#8211; <a class=\"mh-excerpt-more\" href=\"https:\/\/ecolecaritas.be\/new\/dis-quest-ce-quon-mange-ce-midi\/\" title=\"Dis, qu&rsquo;est-ce qu&rsquo;on mange ce midi?\">[&#8230;]<\/a><\/p>\n<\/div>","protected":false},"author":4,"featured_media":518,"comment_status":"closed","ping_status":"closed","sticky":false,"template":"","format":"standard","meta":{"footnotes":""},"categories":[1],"tags":[],"class_list":["post-484","post","type-post","status-publish","format-standard","has-post-thumbnail","hentry","category-uncategorized"],"_links":{"self":[{"href":"https:\/\/ecolecaritas.be\/new\/wp-json\/wp\/v2\/posts\/484","targetHints":{"allow":["GET"]}}],"collection":[{"href":"https:\/\/ecolecaritas.be\/new\/wp-json\/wp\/v2\/posts"}],"about":[{"href":"https:\/\/ecolecaritas.be\/new\/wp-json\/wp\/v2\/types\/post"}],"author":[{"embeddable":true,"href":"https:\/\/ecolecaritas.be\/new\/wp-json\/wp\/v2\/users\/4"}],"replies":[{"embeddable":true,"href":"https:\/\/ecolecaritas.be\/new\/wp-json\/wp\/v2\/comments?post=484"}],"version-history":[{"count":1,"href":"https:\/\/ecolecaritas.be\/new\/wp-json\/wp\/v2\/posts\/484\/revisions"}],"predecessor-version":[{"id":485,"href":"https:\/\/ecolecaritas.be\/new\/wp-json\/wp\/v2\/posts\/484\/revisions\/485"}],"wp:featuredmedia":[{"embeddable":true,"href":"https:\/\/ecolecaritas.be\/new\/wp-json\/wp\/v2\/media\/518"}],"wp:attachment":[{"href":"https:\/\/ecolecaritas.be\/new\/wp-json\/wp\/v2\/media?parent=484"}],"wp:term":[{"taxonomy":"category","embeddable":true,"href":"https:\/\/ecolecaritas.be\/new\/wp-json\/wp\/v2\/categories?post=484"},{"taxonomy":"post_tag","embeddable":true,"href":"https:\/\/ecolecaritas.be\/new\/wp-json\/wp\/v2\/tags?post=484"}],"curies":[{"name":"wp","href":"https:\/\/api.w.org\/{rel}","templated":true}]}}