{"id":551,"date":"2015-02-05T10:40:32","date_gmt":"2015-02-05T10:40:32","guid":{"rendered":"http:\/\/ecolecaritas.be\/new\/?p=551"},"modified":"2015-02-05T10:43:27","modified_gmt":"2015-02-05T10:43:27","slug":"journee-decouverte-des-sports-a-la-base-de-beauvechain","status":"publish","type":"post","link":"https:\/\/ecolecaritas.be\/new\/journee-decouverte-des-sports-a-la-base-de-beauvechain\/","title":{"rendered":"Journ\u00e9e d\u00e9couverte des sports \u00e0 la base de Beauvechain"},"content":{"rendered":"<p>&nbsp;<\/p>\n<p>Au d\u00e9but de l&rsquo;ann\u00e9e scolaire, nous avons eu l&rsquo;occasion de participer \u00e0 la journ\u00e9e \u00ab\u00a0d\u00e9couverte des sports\u00a0\u00bb \u00e0 la base de Beauvechain.<\/p>\n<p>Des d\u00e9fis opposaient les \u00e9coles repr\u00e9sent\u00e9es par des \u00e9l\u00e8ves volontaires (P4-P5-P6).<\/p>\n<p>Quelques semaines plus tard, Isabelle Deserf, \u00e9chevine des sports et de la jeunesse, est venue \u00e0 l&rsquo;\u00e9cole pour nous remettre notre coupe et des m\u00e9dailles. Elle nous a f\u00e9licit\u00e9s pour notre participation.<\/p>\n<p>Rendez-vous l&rsquo;ann\u00e9e prochaine!<\/p>\n<p><a href=\"https:\/\/ecolecaritas.be\/new\/wp-content\/uploads\/2015\/02\/DSC008431.jpg\" data-rel=\"lightbox-image-0\" data-rl_title=\"\" data-rl_caption=\"\" title=\"\"><img loading=\"lazy\" decoding=\"async\" class=\" size-content wp-image-557 aligncenter\" src=\"https:\/\/ecolecaritas.be\/new\/wp-content\/uploads\/2015\/02\/DSC008431-620x264.jpg\" alt=\"DSC00843\" width=\"620\" height=\"264\" \/><\/a><\/p>\n<p>&nbsp;<\/p>\n","protected":false},"excerpt":{"rendered":"<div class=\"mh-excerpt\"><p>&nbsp; Au d\u00e9but de l&rsquo;ann\u00e9e scolaire, nous avons eu l&rsquo;occasion de participer \u00e0 la journ\u00e9e \u00ab\u00a0d\u00e9couverte des sports\u00a0\u00bb \u00e0 la base de Beauvechain. Des d\u00e9fis <a class=\"mh-excerpt-more\" href=\"https:\/\/ecolecaritas.be\/new\/journee-decouverte-des-sports-a-la-base-de-beauvechain\/\" title=\"Journ\u00e9e d\u00e9couverte des sports \u00e0 la base de Beauvechain\">[&#8230;]<\/a><\/p>\n<\/div>","protected":false},"author":4,"featured_media":558,"comment_status":"closed","ping_status":"closed","sticky":false,"template":"","format":"standard","meta":{"footnotes":""},"categories":[9,10,1],"tags":[],"class_list":["post-551","post","type-post","status-publish","format-standard","has-post-thumbnail","hentry","category-p34","category-p56","category-uncategorized"],"_links":{"self":[{"href":"https:\/\/ecolecaritas.be\/new\/wp-json\/wp\/v2\/posts\/551","targetHints":{"allow":["GET"]}}],"collection":[{"href":"https:\/\/ecolecaritas.be\/new\/wp-json\/wp\/v2\/posts"}],"about":[{"href":"https:\/\/ecolecaritas.be\/new\/wp-json\/wp\/v2\/types\/post"}],"author":[{"embeddable":true,"href":"https:\/\/ecolecaritas.be\/new\/wp-json\/wp\/v2\/users\/4"}],"replies":[{"embeddable":true,"href":"https:\/\/ecolecaritas.be\/new\/wp-json\/wp\/v2\/comments?post=551"}],"version-history":[{"count":3,"href":"https:\/\/ecolecaritas.be\/new\/wp-json\/wp\/v2\/posts\/551\/revisions"}],"predecessor-version":[{"id":561,"href":"https:\/\/ecolecaritas.be\/new\/wp-json\/wp\/v2\/posts\/551\/revisions\/561"}],"wp:featuredmedia":[{"embeddable":true,"href":"https:\/\/ecolecaritas.be\/new\/wp-json\/wp\/v2\/media\/558"}],"wp:attachment":[{"href":"https:\/\/ecolecaritas.be\/new\/wp-json\/wp\/v2\/media?parent=551"}],"wp:term":[{"taxonomy":"category","embeddable":true,"href":"https:\/\/ecolecaritas.be\/new\/wp-json\/wp\/v2\/categories?post=551"},{"taxonomy":"post_tag","embeddable":true,"href":"https:\/\/ecolecaritas.be\/new\/wp-json\/wp\/v2\/tags?post=551"}],"curies":[{"name":"wp","href":"https:\/\/api.w.org\/{rel}","templated":true}]}}