{"id":568,"date":"2015-02-05T14:08:56","date_gmt":"2015-02-05T14:08:56","guid":{"rendered":"http:\/\/ecolecaritas.be\/new\/?p=568"},"modified":"2015-03-04T11:54:20","modified_gmt":"2015-03-04T11:54:20","slug":"les-maternelles-au-fil-des-saisons","status":"publish","type":"post","link":"https:\/\/ecolecaritas.be\/new\/les-maternelles-au-fil-des-saisons\/","title":{"rendered":"Les maternelles au fil des saisons"},"content":{"rendered":"<p>D\u00e9couvrez une ann\u00e9e aux c\u00f4t\u00e9s des \u00e9l\u00e8ves de maternelle: les activit\u00e9s quotidiennes, les f\u00eates, les sorties,&#8230;<\/p>\n<p><strong><a href=\"https:\/\/www.youtube.com\/watch?v=QSjQsM0Fr2k\">https:\/\/www.youtube.com\/watch?v=QSjQsM0Fr2k<\/a><\/strong><\/p>\n<div class=\"defaultFont\"><\/div>\n<p>&nbsp;<\/p>\n","protected":false},"excerpt":{"rendered":"<div class=\"mh-excerpt\"><p>D\u00e9couvrez une ann\u00e9e aux c\u00f4t\u00e9s des \u00e9l\u00e8ves de maternelle: les activit\u00e9s quotidiennes, les f\u00eates, les sorties,&#8230; https:\/\/www.youtube.com\/watch?v=QSjQsM0Fr2k &nbsp;<\/p>\n<\/div>","protected":false},"author":4,"featured_media":570,"comment_status":"closed","ping_status":"closed","sticky":false,"template":"","format":"standard","meta":{"footnotes":""},"categories":[7,1],"tags":[],"class_list":["post-568","post","type-post","status-publish","format-standard","has-post-thumbnail","hentry","category-mat","category-uncategorized"],"_links":{"self":[{"href":"https:\/\/ecolecaritas.be\/new\/wp-json\/wp\/v2\/posts\/568","targetHints":{"allow":["GET"]}}],"collection":[{"href":"https:\/\/ecolecaritas.be\/new\/wp-json\/wp\/v2\/posts"}],"about":[{"href":"https:\/\/ecolecaritas.be\/new\/wp-json\/wp\/v2\/types\/post"}],"author":[{"embeddable":true,"href":"https:\/\/ecolecaritas.be\/new\/wp-json\/wp\/v2\/users\/4"}],"replies":[{"embeddable":true,"href":"https:\/\/ecolecaritas.be\/new\/wp-json\/wp\/v2\/comments?post=568"}],"version-history":[{"count":1,"href":"https:\/\/ecolecaritas.be\/new\/wp-json\/wp\/v2\/posts\/568\/revisions"}],"predecessor-version":[{"id":569,"href":"https:\/\/ecolecaritas.be\/new\/wp-json\/wp\/v2\/posts\/568\/revisions\/569"}],"wp:featuredmedia":[{"embeddable":true,"href":"https:\/\/ecolecaritas.be\/new\/wp-json\/wp\/v2\/media\/570"}],"wp:attachment":[{"href":"https:\/\/ecolecaritas.be\/new\/wp-json\/wp\/v2\/media?parent=568"}],"wp:term":[{"taxonomy":"category","embeddable":true,"href":"https:\/\/ecolecaritas.be\/new\/wp-json\/wp\/v2\/categories?post=568"},{"taxonomy":"post_tag","embeddable":true,"href":"https:\/\/ecolecaritas.be\/new\/wp-json\/wp\/v2\/tags?post=568"}],"curies":[{"name":"wp","href":"https:\/\/api.w.org\/{rel}","templated":true}]}}