{"id":571,"date":"2015-02-05T15:03:33","date_gmt":"2015-02-05T15:03:33","guid":{"rendered":"http:\/\/ecolecaritas.be\/new\/?p=571"},"modified":"2015-02-05T15:03:33","modified_gmt":"2015-02-05T15:03:33","slug":"le-programme-des-classes-de-neige","status":"publish","type":"post","link":"https:\/\/ecolecaritas.be\/new\/le-programme-des-classes-de-neige\/","title":{"rendered":"Le programme des classes de neige"},"content":{"rendered":"<p>&nbsp;<\/p>\n<p>&nbsp;<\/p>\n<p>Plus que quelques jours avant le d\u00e9part&#8230;<\/p>\n<p>Voici un petit avant-go\u00fbt de ce que vont vivre nos \u00e9l\u00e8ves de P5 et P6 la semaine prochaine. On aimerait bien partir avec eux!<\/p>\n<p><a href=\"https:\/\/ecolecaritas.be\/new\/wp-content\/uploads\/2015\/02\/Programme-activit\u00e9s-Metty.pdf\">Programme activit\u00e9s &#8211; Metty<\/a><\/p>\n","protected":false},"excerpt":{"rendered":"<div class=\"mh-excerpt\"><p>&nbsp; &nbsp; Plus que quelques jours avant le d\u00e9part&#8230; Voici un petit avant-go\u00fbt de ce que vont vivre nos \u00e9l\u00e8ves de P5 et P6 la <a class=\"mh-excerpt-more\" href=\"https:\/\/ecolecaritas.be\/new\/le-programme-des-classes-de-neige\/\" title=\"Le programme des classes de neige\">[&#8230;]<\/a><\/p>\n<\/div>","protected":false},"author":4,"featured_media":573,"comment_status":"closed","ping_status":"closed","sticky":false,"template":"","format":"standard","meta":{"footnotes":""},"categories":[10,1],"tags":[],"class_list":["post-571","post","type-post","status-publish","format-standard","has-post-thumbnail","hentry","category-p56","category-uncategorized"],"_links":{"self":[{"href":"https:\/\/ecolecaritas.be\/new\/wp-json\/wp\/v2\/posts\/571","targetHints":{"allow":["GET"]}}],"collection":[{"href":"https:\/\/ecolecaritas.be\/new\/wp-json\/wp\/v2\/posts"}],"about":[{"href":"https:\/\/ecolecaritas.be\/new\/wp-json\/wp\/v2\/types\/post"}],"author":[{"embeddable":true,"href":"https:\/\/ecolecaritas.be\/new\/wp-json\/wp\/v2\/users\/4"}],"replies":[{"embeddable":true,"href":"https:\/\/ecolecaritas.be\/new\/wp-json\/wp\/v2\/comments?post=571"}],"version-history":[{"count":1,"href":"https:\/\/ecolecaritas.be\/new\/wp-json\/wp\/v2\/posts\/571\/revisions"}],"predecessor-version":[{"id":574,"href":"https:\/\/ecolecaritas.be\/new\/wp-json\/wp\/v2\/posts\/571\/revisions\/574"}],"wp:featuredmedia":[{"embeddable":true,"href":"https:\/\/ecolecaritas.be\/new\/wp-json\/wp\/v2\/media\/573"}],"wp:attachment":[{"href":"https:\/\/ecolecaritas.be\/new\/wp-json\/wp\/v2\/media?parent=571"}],"wp:term":[{"taxonomy":"category","embeddable":true,"href":"https:\/\/ecolecaritas.be\/new\/wp-json\/wp\/v2\/categories?post=571"},{"taxonomy":"post_tag","embeddable":true,"href":"https:\/\/ecolecaritas.be\/new\/wp-json\/wp\/v2\/tags?post=571"}],"curies":[{"name":"wp","href":"https:\/\/api.w.org\/{rel}","templated":true}]}}