{"id":582,"date":"2015-02-11T08:56:22","date_gmt":"2015-02-11T08:56:22","guid":{"rendered":"http:\/\/ecolecaritas.be\/new\/?p=582"},"modified":"2015-02-11T08:56:58","modified_gmt":"2015-02-11T08:56:58","slug":"un-mardi-en-classes-de-neige","status":"publish","type":"post","link":"https:\/\/ecolecaritas.be\/new\/un-mardi-en-classes-de-neige\/","title":{"rendered":"Un mardi en classes de neige"},"content":{"rendered":"<p>Petit SMS re\u00e7u mardi \u00e0 21h49&#8230;<\/p>\n<p>Pas eu le temps d&rsquo;envoyer un mail aujourd&rsquo;hui&#8230; Journ\u00e9e non stop! Mais tout est OK: ski super pour tous les \u00e9l\u00e8ves (ils ont ador\u00e9)! Il est vrai que les conditions sont id\u00e9ales: grand soleil et neige extra \ud83d\ude42<\/p>\n<p>Ce soir: repas et contes vosgiens: super!<\/p>\n<p>Tout va bien! Les \u00e9l\u00e8ves sont ravis et appr\u00e9cient beaucoup leurs classes de neige.<\/p>\n<p>A demain&#8230;<\/p>\n","protected":false},"excerpt":{"rendered":"<div class=\"mh-excerpt\"><p>Petit SMS re\u00e7u mardi \u00e0 21h49&#8230; Pas eu le temps d&rsquo;envoyer un mail aujourd&rsquo;hui&#8230; Journ\u00e9e non stop! Mais tout est OK: ski super pour tous <a class=\"mh-excerpt-more\" href=\"https:\/\/ecolecaritas.be\/new\/un-mardi-en-classes-de-neige\/\" title=\"Un mardi en classes de neige\">[&#8230;]<\/a><\/p>\n<\/div>","protected":false},"author":4,"featured_media":579,"comment_status":"closed","ping_status":"closed","sticky":false,"template":"","format":"standard","meta":{"footnotes":""},"categories":[10,6],"tags":[],"class_list":["post-582","post","type-post","status-publish","format-standard","has-post-thumbnail","hentry","category-p56","category-general"],"_links":{"self":[{"href":"https:\/\/ecolecaritas.be\/new\/wp-json\/wp\/v2\/posts\/582","targetHints":{"allow":["GET"]}}],"collection":[{"href":"https:\/\/ecolecaritas.be\/new\/wp-json\/wp\/v2\/posts"}],"about":[{"href":"https:\/\/ecolecaritas.be\/new\/wp-json\/wp\/v2\/types\/post"}],"author":[{"embeddable":true,"href":"https:\/\/ecolecaritas.be\/new\/wp-json\/wp\/v2\/users\/4"}],"replies":[{"embeddable":true,"href":"https:\/\/ecolecaritas.be\/new\/wp-json\/wp\/v2\/comments?post=582"}],"version-history":[{"count":1,"href":"https:\/\/ecolecaritas.be\/new\/wp-json\/wp\/v2\/posts\/582\/revisions"}],"predecessor-version":[{"id":583,"href":"https:\/\/ecolecaritas.be\/new\/wp-json\/wp\/v2\/posts\/582\/revisions\/583"}],"wp:featuredmedia":[{"embeddable":true,"href":"https:\/\/ecolecaritas.be\/new\/wp-json\/wp\/v2\/media\/579"}],"wp:attachment":[{"href":"https:\/\/ecolecaritas.be\/new\/wp-json\/wp\/v2\/media?parent=582"}],"wp:term":[{"taxonomy":"category","embeddable":true,"href":"https:\/\/ecolecaritas.be\/new\/wp-json\/wp\/v2\/categories?post=582"},{"taxonomy":"post_tag","embeddable":true,"href":"https:\/\/ecolecaritas.be\/new\/wp-json\/wp\/v2\/tags?post=582"}],"curies":[{"name":"wp","href":"https:\/\/api.w.org\/{rel}","templated":true}]}}