{"id":616,"date":"2015-03-04T11:52:02","date_gmt":"2015-03-04T11:52:02","guid":{"rendered":"http:\/\/ecolecaritas.be\/new\/?p=616"},"modified":"2015-03-18T10:03:56","modified_gmt":"2015-03-18T10:03:56","slug":"le-cerceau-magique","status":"publish","type":"post","link":"https:\/\/ecolecaritas.be\/new\/le-cerceau-magique\/","title":{"rendered":"Le cerceau magique"},"content":{"rendered":"<p>Depuis la rentr\u00e9e du Cong\u00e9 de Carnaval, le cerceau magique a fait son apparition dans notre \u00e9cole.<\/p>\n<p>De quoi s&rsquo;agit-il?<\/p>\n<p><em>A l&rsquo;\u00e9cole, il est important que chaque enfant se sente bien. Chacun de nous a, autour de lui, un espace \u00ab\u00a0priv\u00e9\u00a0\u00bb, mat\u00e9rialis\u00e9 par le cerceau magique. J&rsquo;ai le droit de d\u00e9fendre cet espace (sans violence) et personne n&rsquo;a le droit d&rsquo;envahir le cerceau magique d&rsquo;un autre sans son accord.<\/em><\/p>\n<p><em>Je ne peux pas agresser l&rsquo;autre, venir le frapper, lui tirer les cheveux, lui chiper ses jouets,&#8230; <\/em><\/p>\n<p><em>Un \u00e9change de regard suffit pour comprendre qu&rsquo;on est d&rsquo;accord de se faire un bisou, de se prendre dans les bras, mais on n&rsquo;a pas le droit d&rsquo;imposer des c\u00e2lins si l&rsquo;autre n&rsquo;est pas d&rsquo;accord.<\/em><\/p>\n<p>Madame la directrice a\u00a0pr\u00e9sent\u00e9 le cerceau magique a chaque classe de l&rsquo;\u00e9cole. Elle nous a lu un album (diff\u00e9rent selon notre \u00e2ge), nous a expliqu\u00e9 de quoi il s&rsquo;agissait, et nous avons aussi \u00e9cout\u00e9 une chanson de Christian Merveille.<\/p>\n<p>De retour en classe, nous en avons encore parl\u00e9, et les plus jeunes ont dessin\u00e9 ce qu&rsquo;ils avaient compris, tandis que les plus grands ont \u00e9crit leur avis.<\/p>\n<p>&nbsp;<\/p>\n<div class=\"rl-gallery-container \" id=\"rl-gallery-container-1\" data-gallery_id=\"0\"> <div class=\"rl-gallery rl-basicgrid-gallery \" id=\"rl-gallery-1\" data-gallery_no=\"1\"> <div class=\"rl-gallery-item\"><a href=\"https:\/\/ecolecaritas.be\/new\/wp-content\/uploads\/2015\/03\/img025.jpg\" title=\"\" data-rl_title=\"\" class=\"rl-gallery-link\" data-rl_caption=\"\" data-rel=\"lightbox-gallery-1\"><img loading=\"lazy\" decoding=\"async\" src=\"https:\/\/ecolecaritas.be\/new\/wp-content\/uploads\/2015\/03\/img025-208x300.jpg\" width=\"208\" height=\"300\" alt=\"\" \/><\/a><\/div><div class=\"rl-gallery-item\"><a href=\"https:\/\/ecolecaritas.be\/new\/wp-content\/uploads\/2015\/03\/img016.jpg\" title=\"\" data-rl_title=\"\" class=\"rl-gallery-link\" data-rl_caption=\"\" data-rel=\"lightbox-gallery-1\"><img loading=\"lazy\" decoding=\"async\" src=\"https:\/\/ecolecaritas.be\/new\/wp-content\/uploads\/2015\/03\/img016-220x300.jpg\" width=\"220\" height=\"300\" alt=\"\" \/><\/a><\/div><div class=\"rl-gallery-item\"><a href=\"https:\/\/ecolecaritas.be\/new\/wp-content\/uploads\/2015\/03\/img015.jpg\" title=\"\" data-rl_title=\"\" class=\"rl-gallery-link\" data-rl_caption=\"\" data-rel=\"lightbox-gallery-1\"><img loading=\"lazy\" decoding=\"async\" src=\"https:\/\/ecolecaritas.be\/new\/wp-content\/uploads\/2015\/03\/img015-200x300.jpg\" width=\"200\" height=\"300\" alt=\"\" \/><\/a><\/div><div class=\"rl-gallery-item\"><a href=\"https:\/\/ecolecaritas.be\/new\/wp-content\/uploads\/2015\/03\/img017.jpg\" title=\"\" data-rl_title=\"\" class=\"rl-gallery-link\" data-rl_caption=\"\" data-rel=\"lightbox-gallery-1\"><img loading=\"lazy\" decoding=\"async\" src=\"https:\/\/ecolecaritas.be\/new\/wp-content\/uploads\/2015\/03\/img017-207x300.jpg\" width=\"207\" height=\"300\" alt=\"\" \/><\/a><\/div><div class=\"rl-gallery-item\"><a href=\"https:\/\/ecolecaritas.be\/new\/wp-content\/uploads\/2015\/03\/img014.jpg\" title=\"\" data-rl_title=\"\" class=\"rl-gallery-link\" data-rl_caption=\"\" data-rel=\"lightbox-gallery-1\"><img loading=\"lazy\" decoding=\"async\" src=\"https:\/\/ecolecaritas.be\/new\/wp-content\/uploads\/2015\/03\/img014-213x300.jpg\" width=\"213\" height=\"300\" alt=\"\" \/><\/a><\/div> <\/div> <\/div>\n<p><em>\u00ab\u00a0Je trouve que c&rsquo;est une bonne id\u00e9e car un espace pour chacun, moi, \u00e7a me fait beaucoup de bien. Cet espace compte beaucoup pour moi. Tout le monde devrait faire \u00e7a.\u00a0\u00bb Margaux<\/em><\/p>\n<p><em>\u00ab\u00a0Je trouve que c&rsquo;est une bonne id\u00e9e parce que certains font trop de c\u00e2lins et trop de bagarres.\u00a0\u00bb Laura<\/em><\/p>\n<p><em>\u00ab\u00a0Pour moi, le cerceau magique, c&rsquo;est se laisser de l&rsquo;espace, respirer, ne pas toujours \u00eatre coll\u00e9 \u00e0 l&rsquo;autre. Je trouve que c&rsquo;est une super id\u00e9e et \u00e7a marche. J&rsquo;ai remarqu\u00e9 que tout le monde fait attention et c&rsquo;est tr\u00e8s agr\u00e9able.\u00a0\u00bb Margo<\/em><\/p>\n<p><em>\u00ab\u00a0J&rsquo;adore cette id\u00e9e parce que tout le monde a droit \u00e0 un espace individuel. Et aussi parce qu&rsquo;il y en a qui ne comprennent pas que l&rsquo;on a envie de rester seul. Il y en a qui viennent nous emb\u00eater quand on est f\u00e2ch\u00e9 ou triste parce que quelqu&rsquo;un nous a dit quelque chose de m\u00e9chant. Je pense que l&rsquo;id\u00e9e du cerceau magique est g\u00e9niale, autant pour les grands que pour les petits.\u00a0\u00bb Sandra<\/em><\/p>\n<p><em>\u00ab\u00a0Nous, dans notre classe, on a install\u00e9 un truc. La personne doit toquer \u00e0 la bulle et si on dit non, elle ne peut pas faire de c\u00e2lin; si on dit oui, elle peut. C&rsquo;est un bon truc, je trouve, car la personne ne sera jamais bless\u00e9e. Et souvent, on dit oui! Chacun a son espace priv\u00e9 et on n&rsquo;a pas toujours envie que quelqu&rsquo;un vienne.\u00a0\u00bb Juliette<\/em><\/p>\n<div class=\"rl-gallery-container \" id=\"rl-gallery-container-2\" data-gallery_id=\"0\"> <div class=\"rl-gallery rl-basicgrid-gallery \" id=\"rl-gallery-2\" data-gallery_no=\"2\"> <div class=\"rl-gallery-item\"><a href=\"https:\/\/ecolecaritas.be\/new\/wp-content\/uploads\/2015\/03\/2015-02-23-13.57.20.jpg\" title=\"\" data-rl_title=\"\" class=\"rl-gallery-link\" data-rl_caption=\"\" data-rel=\"lightbox-gallery-2\"><img loading=\"lazy\" decoding=\"async\" src=\"https:\/\/ecolecaritas.be\/new\/wp-content\/uploads\/2015\/03\/2015-02-23-13.57.20-225x300.jpg\" width=\"225\" height=\"300\" alt=\"\" \/><\/a><\/div><div class=\"rl-gallery-item\"><a href=\"https:\/\/ecolecaritas.be\/new\/wp-content\/uploads\/2015\/03\/2015-02-23-13.57.44.jpg\" title=\"\" data-rl_title=\"\" class=\"rl-gallery-link\" data-rl_caption=\"\" data-rel=\"lightbox-gallery-2\"><img loading=\"lazy\" decoding=\"async\" src=\"https:\/\/ecolecaritas.be\/new\/wp-content\/uploads\/2015\/03\/2015-02-23-13.57.44-225x300.jpg\" width=\"225\" height=\"300\" alt=\"\" \/><\/a><\/div><div class=\"rl-gallery-item\"><a href=\"https:\/\/ecolecaritas.be\/new\/wp-content\/uploads\/2015\/03\/2015-02-23-13.58.17.jpg\" title=\"\" data-rl_title=\"\" class=\"rl-gallery-link\" data-rl_caption=\"\" data-rel=\"lightbox-gallery-2\"><img loading=\"lazy\" decoding=\"async\" src=\"https:\/\/ecolecaritas.be\/new\/wp-content\/uploads\/2015\/03\/2015-02-23-13.58.17-225x300.jpg\" width=\"225\" height=\"300\" alt=\"\" \/><\/a><\/div><div class=\"rl-gallery-item\"><a href=\"https:\/\/ecolecaritas.be\/new\/wp-content\/uploads\/2015\/03\/2015-02-23-13.59.21.jpg\" title=\"\" data-rl_title=\"\" class=\"rl-gallery-link\" data-rl_caption=\"\" data-rel=\"lightbox-gallery-2\"><img loading=\"lazy\" decoding=\"async\" src=\"https:\/\/ecolecaritas.be\/new\/wp-content\/uploads\/2015\/03\/2015-02-23-13.59.21-225x300.jpg\" width=\"225\" height=\"300\" alt=\"\" \/><\/a><\/div><div class=\"rl-gallery-item\"><a href=\"https:\/\/ecolecaritas.be\/new\/wp-content\/uploads\/2015\/03\/2015-02-23-15.00.041.jpg\" title=\"\" data-rl_title=\"\" class=\"rl-gallery-link\" data-rl_caption=\"\" data-rel=\"lightbox-gallery-2\"><img loading=\"lazy\" decoding=\"async\" src=\"https:\/\/ecolecaritas.be\/new\/wp-content\/uploads\/2015\/03\/2015-02-23-15.00.041-300x225.jpg\" width=\"300\" height=\"225\" alt=\"\" \/><\/a><\/div><div class=\"rl-gallery-item\"><a href=\"https:\/\/ecolecaritas.be\/new\/wp-content\/uploads\/2015\/03\/2015-02-23-15.00.51.jpg\" title=\"\" data-rl_title=\"\" class=\"rl-gallery-link\" data-rl_caption=\"\" data-rel=\"lightbox-gallery-2\"><img loading=\"lazy\" decoding=\"async\" src=\"https:\/\/ecolecaritas.be\/new\/wp-content\/uploads\/2015\/03\/2015-02-23-15.00.51-300x225.jpg\" width=\"300\" height=\"225\" alt=\"\" \/><\/a><\/div><div class=\"rl-gallery-item\"><a href=\"https:\/\/ecolecaritas.be\/new\/wp-content\/uploads\/2015\/03\/2015-02-23-15.01.19.jpg\" title=\"\" data-rl_title=\"\" class=\"rl-gallery-link\" data-rl_caption=\"\" data-rel=\"lightbox-gallery-2\"><img loading=\"lazy\" decoding=\"async\" src=\"https:\/\/ecolecaritas.be\/new\/wp-content\/uploads\/2015\/03\/2015-02-23-15.01.19-300x225.jpg\" width=\"300\" height=\"225\" alt=\"\" \/><\/a><\/div><div class=\"rl-gallery-item\"><a href=\"https:\/\/ecolecaritas.be\/new\/wp-content\/uploads\/2015\/03\/2015-02-23-15.01.56.jpg\" title=\"\" data-rl_title=\"\" class=\"rl-gallery-link\" data-rl_caption=\"\" data-rel=\"lightbox-gallery-2\"><img loading=\"lazy\" decoding=\"async\" src=\"https:\/\/ecolecaritas.be\/new\/wp-content\/uploads\/2015\/03\/2015-02-23-15.01.56-300x225.jpg\" width=\"300\" height=\"225\" alt=\"\" \/><\/a><\/div><div class=\"rl-gallery-item\"><a href=\"https:\/\/ecolecaritas.be\/new\/wp-content\/uploads\/2015\/03\/2015-02-23-15.03.23.jpg\" title=\"\" data-rl_title=\"\" class=\"rl-gallery-link\" data-rl_caption=\"\" data-rel=\"lightbox-gallery-2\"><img loading=\"lazy\" decoding=\"async\" src=\"https:\/\/ecolecaritas.be\/new\/wp-content\/uploads\/2015\/03\/2015-02-23-15.03.23-300x225.jpg\" width=\"300\" height=\"225\" alt=\"\" \/><\/a><\/div><div class=\"rl-gallery-item\"><a href=\"https:\/\/ecolecaritas.be\/new\/wp-content\/uploads\/2015\/03\/2015-02-23-15.05.40.jpg\" title=\"\" data-rl_title=\"\" class=\"rl-gallery-link\" data-rl_caption=\"\" data-rel=\"lightbox-gallery-2\"><img loading=\"lazy\" decoding=\"async\" src=\"https:\/\/ecolecaritas.be\/new\/wp-content\/uploads\/2015\/03\/2015-02-23-15.05.40-300x225.jpg\" width=\"300\" height=\"225\" alt=\"\" \/><\/a><\/div><div class=\"rl-gallery-item\"><a href=\"https:\/\/ecolecaritas.be\/new\/wp-content\/uploads\/2015\/03\/2015-02-24-09.08.28.jpg\" title=\"\" data-rl_title=\"\" class=\"rl-gallery-link\" data-rl_caption=\"\" data-rel=\"lightbox-gallery-2\"><img loading=\"lazy\" decoding=\"async\" src=\"https:\/\/ecolecaritas.be\/new\/wp-content\/uploads\/2015\/03\/2015-02-24-09.08.28-225x300.jpg\" width=\"225\" height=\"300\" alt=\"\" \/><\/a><\/div><div class=\"rl-gallery-item\"><a href=\"https:\/\/ecolecaritas.be\/new\/wp-content\/uploads\/2015\/03\/2015-02-24-09.08.42.jpg\" title=\"\" data-rl_title=\"\" class=\"rl-gallery-link\" data-rl_caption=\"\" data-rel=\"lightbox-gallery-2\"><img loading=\"lazy\" decoding=\"async\" src=\"https:\/\/ecolecaritas.be\/new\/wp-content\/uploads\/2015\/03\/2015-02-24-09.08.42-225x300.jpg\" width=\"225\" height=\"300\" alt=\"\" \/><\/a><\/div><div class=\"rl-gallery-item\"><a href=\"https:\/\/ecolecaritas.be\/new\/wp-content\/uploads\/2015\/03\/2015-02-24-09.11.03.jpg\" title=\"\" data-rl_title=\"\" class=\"rl-gallery-link\" data-rl_caption=\"\" data-rel=\"lightbox-gallery-2\"><img loading=\"lazy\" decoding=\"async\" src=\"https:\/\/ecolecaritas.be\/new\/wp-content\/uploads\/2015\/03\/2015-02-24-09.11.03-225x300.jpg\" width=\"225\" height=\"300\" alt=\"\" \/><\/a><\/div><div class=\"rl-gallery-item\"><a href=\"https:\/\/ecolecaritas.be\/new\/wp-content\/uploads\/2015\/03\/2015-02-24-09.11.24.jpg\" title=\"\" data-rl_title=\"\" class=\"rl-gallery-link\" data-rl_caption=\"\" data-rel=\"lightbox-gallery-2\"><img loading=\"lazy\" decoding=\"async\" src=\"https:\/\/ecolecaritas.be\/new\/wp-content\/uploads\/2015\/03\/2015-02-24-09.11.24-225x300.jpg\" width=\"225\" height=\"300\" alt=\"\" \/><\/a><\/div><div class=\"rl-gallery-item\"><a href=\"https:\/\/ecolecaritas.be\/new\/wp-content\/uploads\/2015\/03\/2015-02-24-09.14.10.jpg\" title=\"\" data-rl_title=\"\" class=\"rl-gallery-link\" data-rl_caption=\"\" data-rel=\"lightbox-gallery-2\"><img loading=\"lazy\" decoding=\"async\" src=\"https:\/\/ecolecaritas.be\/new\/wp-content\/uploads\/2015\/03\/2015-02-24-09.14.10-300x225.jpg\" width=\"300\" height=\"225\" alt=\"\" \/><\/a><\/div><div class=\"rl-gallery-item\"><a href=\"https:\/\/ecolecaritas.be\/new\/wp-content\/uploads\/2015\/03\/2015-02-24-09.14.55.jpg\" title=\"\" data-rl_title=\"\" class=\"rl-gallery-link\" data-rl_caption=\"\" data-rel=\"lightbox-gallery-2\"><img loading=\"lazy\" decoding=\"async\" src=\"https:\/\/ecolecaritas.be\/new\/wp-content\/uploads\/2015\/03\/2015-02-24-09.14.55-225x300.jpg\" width=\"225\" height=\"300\" alt=\"\" \/><\/a><\/div><div class=\"rl-gallery-item\"><a href=\"https:\/\/ecolecaritas.be\/new\/wp-content\/uploads\/2015\/03\/2015-02-24-09.15.17.jpg\" title=\"\" data-rl_title=\"\" class=\"rl-gallery-link\" data-rl_caption=\"\" data-rel=\"lightbox-gallery-2\"><img loading=\"lazy\" decoding=\"async\" src=\"https:\/\/ecolecaritas.be\/new\/wp-content\/uploads\/2015\/03\/2015-02-24-09.15.17-300x225.jpg\" width=\"300\" height=\"225\" alt=\"\" \/><\/a><\/div><div class=\"rl-gallery-item\"><a href=\"https:\/\/ecolecaritas.be\/new\/wp-content\/uploads\/2015\/03\/2015-02-24-09.15.48.jpg\" title=\"\" data-rl_title=\"\" class=\"rl-gallery-link\" data-rl_caption=\"\" data-rel=\"lightbox-gallery-2\"><img loading=\"lazy\" decoding=\"async\" src=\"https:\/\/ecolecaritas.be\/new\/wp-content\/uploads\/2015\/03\/2015-02-24-09.15.48-225x300.jpg\" width=\"225\" height=\"300\" alt=\"\" \/><\/a><\/div><div class=\"rl-gallery-item\"><a href=\"https:\/\/ecolecaritas.be\/new\/wp-content\/uploads\/2015\/03\/2015-02-24-09.16.06.jpg\" title=\"\" data-rl_title=\"\" class=\"rl-gallery-link\" data-rl_caption=\"\" data-rel=\"lightbox-gallery-2\"><img loading=\"lazy\" decoding=\"async\" src=\"https:\/\/ecolecaritas.be\/new\/wp-content\/uploads\/2015\/03\/2015-02-24-09.16.06-300x225.jpg\" width=\"300\" height=\"225\" alt=\"\" \/><\/a><\/div><div class=\"rl-gallery-item\"><a href=\"https:\/\/ecolecaritas.be\/new\/wp-content\/uploads\/2015\/03\/2015-02-24-09.43.36.jpg\" title=\"\" data-rl_title=\"\" class=\"rl-gallery-link\" data-rl_caption=\"\" data-rel=\"lightbox-gallery-2\"><img loading=\"lazy\" decoding=\"async\" src=\"https:\/\/ecolecaritas.be\/new\/wp-content\/uploads\/2015\/03\/2015-02-24-09.43.36-300x225.jpg\" width=\"300\" height=\"225\" alt=\"\" \/><\/a><\/div><div class=\"rl-gallery-item\"><a href=\"https:\/\/ecolecaritas.be\/new\/wp-content\/uploads\/2015\/03\/2015-02-24-09.44.01.jpg\" title=\"\" data-rl_title=\"\" class=\"rl-gallery-link\" data-rl_caption=\"\" data-rel=\"lightbox-gallery-2\"><img loading=\"lazy\" decoding=\"async\" src=\"https:\/\/ecolecaritas.be\/new\/wp-content\/uploads\/2015\/03\/2015-02-24-09.44.01-300x225.jpg\" width=\"300\" height=\"225\" alt=\"\" \/><\/a><\/div><div class=\"rl-gallery-item\"><a href=\"https:\/\/ecolecaritas.be\/new\/wp-content\/uploads\/2015\/03\/2015-02-24-09.44.39.jpg\" title=\"\" data-rl_title=\"\" class=\"rl-gallery-link\" data-rl_caption=\"\" data-rel=\"lightbox-gallery-2\"><img loading=\"lazy\" decoding=\"async\" src=\"https:\/\/ecolecaritas.be\/new\/wp-content\/uploads\/2015\/03\/2015-02-24-09.44.39-300x225.jpg\" width=\"300\" height=\"225\" alt=\"\" \/><\/a><\/div><div class=\"rl-gallery-item\"><a href=\"https:\/\/ecolecaritas.be\/new\/wp-content\/uploads\/2015\/03\/2015-02-24-09.45.25.jpg\" title=\"\" data-rl_title=\"\" class=\"rl-gallery-link\" data-rl_caption=\"\" data-rel=\"lightbox-gallery-2\"><img loading=\"lazy\" decoding=\"async\" src=\"https:\/\/ecolecaritas.be\/new\/wp-content\/uploads\/2015\/03\/2015-02-24-09.45.25-300x225.jpg\" width=\"300\" height=\"225\" alt=\"\" \/><\/a><\/div><div class=\"rl-gallery-item\"><a href=\"https:\/\/ecolecaritas.be\/new\/wp-content\/uploads\/2015\/03\/2015-02-24-09.46.57.jpg\" title=\"\" data-rl_title=\"\" class=\"rl-gallery-link\" data-rl_caption=\"\" data-rel=\"lightbox-gallery-2\"><img loading=\"lazy\" decoding=\"async\" src=\"https:\/\/ecolecaritas.be\/new\/wp-content\/uploads\/2015\/03\/2015-02-24-09.46.57-300x225.jpg\" width=\"300\" height=\"225\" alt=\"\" \/><\/a><\/div><div class=\"rl-gallery-item\"><a href=\"https:\/\/ecolecaritas.be\/new\/wp-content\/uploads\/2015\/03\/2015-02-24-09.47.30.jpg\" title=\"\" data-rl_title=\"\" class=\"rl-gallery-link\" data-rl_caption=\"\" data-rel=\"lightbox-gallery-2\"><img loading=\"lazy\" decoding=\"async\" src=\"https:\/\/ecolecaritas.be\/new\/wp-content\/uploads\/2015\/03\/2015-02-24-09.47.30-300x225.jpg\" width=\"300\" height=\"225\" alt=\"\" \/><\/a><\/div><div class=\"rl-gallery-item\"><a href=\"https:\/\/ecolecaritas.be\/new\/wp-content\/uploads\/2015\/03\/2015-02-24-11.53.51.jpg\" title=\"\" data-rl_title=\"\" class=\"rl-gallery-link\" data-rl_caption=\"\" data-rel=\"lightbox-gallery-2\"><img loading=\"lazy\" decoding=\"async\" src=\"https:\/\/ecolecaritas.be\/new\/wp-content\/uploads\/2015\/03\/2015-02-24-11.53.51-300x225.jpg\" width=\"300\" height=\"225\" alt=\"\" \/><\/a><\/div><div class=\"rl-gallery-item\"><a href=\"https:\/\/ecolecaritas.be\/new\/wp-content\/uploads\/2015\/03\/2015-02-24-11.54.07.jpg\" title=\"\" data-rl_title=\"\" class=\"rl-gallery-link\" data-rl_caption=\"\" data-rel=\"lightbox-gallery-2\"><img loading=\"lazy\" decoding=\"async\" src=\"https:\/\/ecolecaritas.be\/new\/wp-content\/uploads\/2015\/03\/2015-02-24-11.54.07-300x225.jpg\" width=\"300\" height=\"225\" alt=\"\" \/><\/a><\/div><div class=\"rl-gallery-item\"><a href=\"https:\/\/ecolecaritas.be\/new\/wp-content\/uploads\/2015\/03\/2015-02-24-11.54.27.jpg\" title=\"\" data-rl_title=\"\" class=\"rl-gallery-link\" data-rl_caption=\"\" data-rel=\"lightbox-gallery-2\"><img loading=\"lazy\" decoding=\"async\" src=\"https:\/\/ecolecaritas.be\/new\/wp-content\/uploads\/2015\/03\/2015-02-24-11.54.27-300x225.jpg\" width=\"300\" height=\"225\" alt=\"\" \/><\/a><\/div><div class=\"rl-gallery-item\"><a href=\"https:\/\/ecolecaritas.be\/new\/wp-content\/uploads\/2015\/03\/2015-02-24-11.54.46.jpg\" title=\"\" data-rl_title=\"\" class=\"rl-gallery-link\" data-rl_caption=\"\" data-rel=\"lightbox-gallery-2\"><img loading=\"lazy\" decoding=\"async\" src=\"https:\/\/ecolecaritas.be\/new\/wp-content\/uploads\/2015\/03\/2015-02-24-11.54.46-300x225.jpg\" width=\"300\" height=\"225\" alt=\"\" \/><\/a><\/div><div class=\"rl-gallery-item\"><a href=\"https:\/\/ecolecaritas.be\/new\/wp-content\/uploads\/2015\/03\/2015-02-24-11.56.37.jpg\" title=\"\" data-rl_title=\"\" class=\"rl-gallery-link\" data-rl_caption=\"\" data-rel=\"lightbox-gallery-2\"><img loading=\"lazy\" decoding=\"async\" src=\"https:\/\/ecolecaritas.be\/new\/wp-content\/uploads\/2015\/03\/2015-02-24-11.56.37-225x300.jpg\" width=\"225\" height=\"300\" alt=\"\" \/><\/a><\/div><div class=\"rl-gallery-item\"><a href=\"https:\/\/ecolecaritas.be\/new\/wp-content\/uploads\/2015\/03\/2015-02-24-11.58.05.jpg\" title=\"\" data-rl_title=\"\" class=\"rl-gallery-link\" data-rl_caption=\"\" data-rel=\"lightbox-gallery-2\"><img loading=\"lazy\" decoding=\"async\" src=\"https:\/\/ecolecaritas.be\/new\/wp-content\/uploads\/2015\/03\/2015-02-24-11.58.05-225x300.jpg\" width=\"225\" height=\"300\" alt=\"\" \/><\/a><\/div><div class=\"rl-gallery-item\"><a href=\"https:\/\/ecolecaritas.be\/new\/wp-content\/uploads\/2015\/03\/2015-02-24-11.58.52.jpg\" title=\"\" data-rl_title=\"\" class=\"rl-gallery-link\" data-rl_caption=\"\" data-rel=\"lightbox-gallery-2\"><img loading=\"lazy\" decoding=\"async\" src=\"https:\/\/ecolecaritas.be\/new\/wp-content\/uploads\/2015\/03\/2015-02-24-11.58.52-225x300.jpg\" width=\"225\" height=\"300\" alt=\"\" \/><\/a><\/div><div class=\"rl-gallery-item\"><a href=\"https:\/\/ecolecaritas.be\/new\/wp-content\/uploads\/2015\/03\/2015-02-24-11.59.13.jpg\" title=\"\" data-rl_title=\"\" class=\"rl-gallery-link\" data-rl_caption=\"\" data-rel=\"lightbox-gallery-2\"><img loading=\"lazy\" decoding=\"async\" src=\"https:\/\/ecolecaritas.be\/new\/wp-content\/uploads\/2015\/03\/2015-02-24-11.59.13-300x225.jpg\" width=\"300\" height=\"225\" alt=\"\" \/><\/a><\/div><div class=\"rl-gallery-item\"><a href=\"https:\/\/ecolecaritas.be\/new\/wp-content\/uploads\/2015\/03\/2015-02-24-11.59.31.jpg\" title=\"\" data-rl_title=\"\" class=\"rl-gallery-link\" data-rl_caption=\"\" data-rel=\"lightbox-gallery-2\"><img loading=\"lazy\" decoding=\"async\" src=\"https:\/\/ecolecaritas.be\/new\/wp-content\/uploads\/2015\/03\/2015-02-24-11.59.31-225x300.jpg\" width=\"225\" height=\"300\" alt=\"\" \/><\/a><\/div><div class=\"rl-gallery-item\"><a href=\"https:\/\/ecolecaritas.be\/new\/wp-content\/uploads\/2015\/03\/2015-02-24-11.59.46.jpg\" title=\"\" data-rl_title=\"\" class=\"rl-gallery-link\" data-rl_caption=\"\" data-rel=\"lightbox-gallery-2\"><img loading=\"lazy\" decoding=\"async\" src=\"https:\/\/ecolecaritas.be\/new\/wp-content\/uploads\/2015\/03\/2015-02-24-11.59.46-300x225.jpg\" width=\"300\" height=\"225\" alt=\"\" \/><\/a><\/div><div class=\"rl-gallery-item\"><a href=\"https:\/\/ecolecaritas.be\/new\/wp-content\/uploads\/2015\/03\/2015-02-24-12.00.10.jpg\" title=\"\" data-rl_title=\"\" class=\"rl-gallery-link\" data-rl_caption=\"\" data-rel=\"lightbox-gallery-2\"><img loading=\"lazy\" decoding=\"async\" src=\"https:\/\/ecolecaritas.be\/new\/wp-content\/uploads\/2015\/03\/2015-02-24-12.00.10-225x300.jpg\" width=\"225\" height=\"300\" alt=\"\" \/><\/a><\/div><div class=\"rl-gallery-item\"><a href=\"https:\/\/ecolecaritas.be\/new\/wp-content\/uploads\/2015\/03\/2015-02-24-12.00.46.jpg\" title=\"\" data-rl_title=\"\" class=\"rl-gallery-link\" data-rl_caption=\"\" data-rel=\"lightbox-gallery-2\"><img loading=\"lazy\" decoding=\"async\" src=\"https:\/\/ecolecaritas.be\/new\/wp-content\/uploads\/2015\/03\/2015-02-24-12.00.46-225x300.jpg\" width=\"225\" height=\"300\" alt=\"\" \/><\/a><\/div><div class=\"rl-gallery-item\"><a href=\"https:\/\/ecolecaritas.be\/new\/wp-content\/uploads\/2015\/03\/2015-02-24-12.02.11.jpg\" title=\"\" data-rl_title=\"\" class=\"rl-gallery-link\" data-rl_caption=\"\" data-rel=\"lightbox-gallery-2\"><img loading=\"lazy\" decoding=\"async\" src=\"https:\/\/ecolecaritas.be\/new\/wp-content\/uploads\/2015\/03\/2015-02-24-12.02.11-300x225.jpg\" width=\"300\" height=\"225\" alt=\"\" \/><\/a><\/div><div class=\"rl-gallery-item\"><a href=\"https:\/\/ecolecaritas.be\/new\/wp-content\/uploads\/2015\/03\/2015-02-25-08.52.49.jpg\" title=\"\" data-rl_title=\"\" class=\"rl-gallery-link\" data-rl_caption=\"\" data-rel=\"lightbox-gallery-2\"><img loading=\"lazy\" decoding=\"async\" src=\"https:\/\/ecolecaritas.be\/new\/wp-content\/uploads\/2015\/03\/2015-02-25-08.52.49-300x225.jpg\" width=\"300\" height=\"225\" alt=\"\" \/><\/a><\/div> <\/div> <\/div>\n","protected":false},"excerpt":{"rendered":"<div class=\"mh-excerpt\"><p>Depuis la rentr\u00e9e du Cong\u00e9 de Carnaval, le cerceau magique a fait son apparition dans notre \u00e9cole. De quoi s&rsquo;agit-il? A l&rsquo;\u00e9cole, il est important <a class=\"mh-excerpt-more\" href=\"https:\/\/ecolecaritas.be\/new\/le-cerceau-magique\/\" title=\"Le cerceau magique\">[&#8230;]<\/a><\/p>\n<\/div>","protected":false},"author":4,"featured_media":646,"comment_status":"closed","ping_status":"closed","sticky":false,"template":"","format":"standard","meta":{"footnotes":""},"categories":[7,8,9,10,6,1],"tags":[],"class_list":["post-616","post","type-post","status-publish","format-standard","has-post-thumbnail","hentry","category-mat","category-p12","category-p34","category-p56","category-general","category-uncategorized"],"_links":{"self":[{"href":"https:\/\/ecolecaritas.be\/new\/wp-json\/wp\/v2\/posts\/616","targetHints":{"allow":["GET"]}}],"collection":[{"href":"https:\/\/ecolecaritas.be\/new\/wp-json\/wp\/v2\/posts"}],"about":[{"href":"https:\/\/ecolecaritas.be\/new\/wp-json\/wp\/v2\/types\/post"}],"author":[{"embeddable":true,"href":"https:\/\/ecolecaritas.be\/new\/wp-json\/wp\/v2\/users\/4"}],"replies":[{"embeddable":true,"href":"https:\/\/ecolecaritas.be\/new\/wp-json\/wp\/v2\/comments?post=616"}],"version-history":[{"count":5,"href":"https:\/\/ecolecaritas.be\/new\/wp-json\/wp\/v2\/posts\/616\/revisions"}],"predecessor-version":[{"id":698,"href":"https:\/\/ecolecaritas.be\/new\/wp-json\/wp\/v2\/posts\/616\/revisions\/698"}],"wp:featuredmedia":[{"embeddable":true,"href":"https:\/\/ecolecaritas.be\/new\/wp-json\/wp\/v2\/media\/646"}],"wp:attachment":[{"href":"https:\/\/ecolecaritas.be\/new\/wp-json\/wp\/v2\/media?parent=616"}],"wp:term":[{"taxonomy":"category","embeddable":true,"href":"https:\/\/ecolecaritas.be\/new\/wp-json\/wp\/v2\/categories?post=616"},{"taxonomy":"post_tag","embeddable":true,"href":"https:\/\/ecolecaritas.be\/new\/wp-json\/wp\/v2\/tags?post=616"}],"curies":[{"name":"wp","href":"https:\/\/api.w.org\/{rel}","templated":true}]}}