{"id":94028,"date":"2017-03-02T12:27:47","date_gmt":"2017-03-02T12:27:47","guid":{"rendered":"http:\/\/ecolecaritas.be\/new\/?p=94028"},"modified":"2017-03-02T12:27:47","modified_gmt":"2017-03-02T12:27:47","slug":"olympiades-de-mathematiques-2","status":"publish","type":"post","link":"https:\/\/ecolecaritas.be\/new\/olympiades-de-mathematiques-2\/","title":{"rendered":"Olympiades de math\u00e9matiques"},"content":{"rendered":"<p>Les \u00e9l\u00e8ves de P3 et P4 ont particip\u00e9 aux s\u00e9lections des Olympiades de math (Pangea mathquiz) ce lundi 13 f\u00e9vrier.<\/p>\n<p>Les r\u00e9sultats viennent d&rsquo;\u00eatre publi\u00e9s. Malheureusement, cette ann\u00e9e, aucun \u00e9l\u00e8ve de Caritas n&rsquo;est s\u00e9lectionn\u00e9.<\/p>\n<p>Rendez-vous l&rsquo;ann\u00e9e prochaine pour tous (P3 \u00e0 P6)!<\/p>\n<p><em>Cette ann\u00e9e, les P5-P6 n&rsquo;ont pas particip\u00e9 car ils seront en classes de neige au moment de la finale&#8230;<\/em><\/p>\n","protected":false},"excerpt":{"rendered":"<div class=\"mh-excerpt\"><p>Les \u00e9l\u00e8ves de P3 et P4 ont particip\u00e9 aux s\u00e9lections des Olympiades de math (Pangea mathquiz) ce lundi 13 f\u00e9vrier. Les r\u00e9sultats viennent d&rsquo;\u00eatre publi\u00e9s. <a class=\"mh-excerpt-more\" href=\"https:\/\/ecolecaritas.be\/new\/olympiades-de-mathematiques-2\/\" title=\"Olympiades de math\u00e9matiques\">[&#8230;]<\/a><\/p>\n<\/div>","protected":false},"author":4,"featured_media":94036,"comment_status":"closed","ping_status":"closed","sticky":false,"template":"","format":"standard","meta":{"footnotes":""},"categories":[9],"tags":[],"class_list":["post-94028","post","type-post","status-publish","format-standard","has-post-thumbnail","hentry","category-p34"],"_links":{"self":[{"href":"https:\/\/ecolecaritas.be\/new\/wp-json\/wp\/v2\/posts\/94028","targetHints":{"allow":["GET"]}}],"collection":[{"href":"https:\/\/ecolecaritas.be\/new\/wp-json\/wp\/v2\/posts"}],"about":[{"href":"https:\/\/ecolecaritas.be\/new\/wp-json\/wp\/v2\/types\/post"}],"author":[{"embeddable":true,"href":"https:\/\/ecolecaritas.be\/new\/wp-json\/wp\/v2\/users\/4"}],"replies":[{"embeddable":true,"href":"https:\/\/ecolecaritas.be\/new\/wp-json\/wp\/v2\/comments?post=94028"}],"version-history":[{"count":1,"href":"https:\/\/ecolecaritas.be\/new\/wp-json\/wp\/v2\/posts\/94028\/revisions"}],"predecessor-version":[{"id":94038,"href":"https:\/\/ecolecaritas.be\/new\/wp-json\/wp\/v2\/posts\/94028\/revisions\/94038"}],"wp:featuredmedia":[{"embeddable":true,"href":"https:\/\/ecolecaritas.be\/new\/wp-json\/wp\/v2\/media\/94036"}],"wp:attachment":[{"href":"https:\/\/ecolecaritas.be\/new\/wp-json\/wp\/v2\/media?parent=94028"}],"wp:term":[{"taxonomy":"category","embeddable":true,"href":"https:\/\/ecolecaritas.be\/new\/wp-json\/wp\/v2\/categories?post=94028"},{"taxonomy":"post_tag","embeddable":true,"href":"https:\/\/ecolecaritas.be\/new\/wp-json\/wp\/v2\/tags?post=94028"}],"curies":[{"name":"wp","href":"https:\/\/api.w.org\/{rel}","templated":true}]}}